{"id":327,"date":"2017-10-01T15:54:06","date_gmt":"2017-10-01T15:54:06","guid":{"rendered":"http:\/\/blogs.hoy.es\/desdelacofa\/?p=327"},"modified":"2017-10-01T15:54:06","modified_gmt":"2017-10-01T15:54:06","slug":"el-tren-de-plasencia-utilizado-como-comodin","status":"publish","type":"post","link":"https:\/\/blogs.hoy.es\/desdelacofa\/2017\/10\/01\/el-tren-de-plasencia-utilizado-como-comodin\/","title":{"rendered":"EL TREN DE PLASENCIA UTILIZADO COMO COMODIN"},"content":{"rendered":"<p><strong>\u00a0\u00a0 EL TREN DE PLASENCIA UTILIZADO COMO COMODIN\u00a0 <\/strong><\/p>\n<p>&nbsp;<\/p>\n<p>&nbsp;<\/p>\n<p><strong>*Muchas\u00a0 veces a los viajeros los trasladan de Monfrag\u00fce a Plasencia en autob\u00fas.<\/strong><\/p>\n<p><strong>*ADIF, quiere acortar los retrasos cont\u00ednuos perjudicando a los viajeros, Madrid \u2013 Plasencia. <\/strong><\/p>\n<p><strong>\u00a0<\/strong><\/p>\n<p>Iniciamos una singladura m\u00e1s para comentar hechos y aventuras que tienen que sufrir los viajeros del tren que tiene como destino la Capital placentina.<\/p>\n<p>Podr\u00edamos hacer varios Blogs, solamente relacionando aver\u00edas, retrasos, incomodidades, etc. etc., de los sufridos viajeros que utilizan el tren a Extremadura, como medio de transporte.<\/p>\n<p>Los retrasos y el consiguiente \u00a0traslado de los viajeros desde Monfrag\u00fce a Plasencia en autob\u00fas se ha hecho costumbre. Como si no fuese un grave trastorno para las personas de todas las edades estos movimientos.<\/p>\n<p>A estos trastornos hay que a\u00f1adir el sufrido en Madrid para coger el tren en la estaci\u00f3n de cercan\u00edas como si fu\u00e9semos a Fuenlabrada. Eso s\u00ed, solo los extreme\u00f1os, el resto de espa\u00f1oles los coge en su estaci\u00f3n normal (largo recorrido).<\/p>\n<p>Es todo un desprop\u00f3sito y sobre todo una falta de actitud pol\u00edtica, que el propio Alcalde de la Ciudad, no haya levantado la voz para solucionar o denunciar ante ADIF, lo que est\u00e1 pasando con\u00a0 los trenes que en su recorrido por Extremadura no paran en Plasencia. Luego nos dir\u00e1n que el<\/p>\n<p>&nbsp;<\/p>\n<p>&nbsp;<\/p>\n<p>&nbsp;<\/p>\n<p>turismo es un foco de desarrollo. Pero no nos dicen que solo pueden venir en coche.<\/p>\n<p>Es vergonzoso ver las caras que se les pone a los viajeros y aquellos que con frecuencia utilizan este medio para ir y venir a Madrid, que continuamente tengan que estar avisando que en Monfrag\u00fce tienen que bajarse y esperar al bus que les traslade a Plasencia.<\/p>\n<p>C\u00f3mo es posible que un pol\u00edtico del PP, que gobierna el municipio y otro pol\u00edtico del PP,\u00a0 Ministro de Fomento, que siendo del mismo partido, subordinen los intereses generales a los\u00a0 de partido? No tiene nombre. Bueno claro que lo tiene; incapacidad pol\u00edtica para poner sobre la mesa los intereses que afectan a los placentinos por encima de los pol\u00edticos. Digo incapacidad del Alcalde porque todav\u00eda no ha \u00a0impulsado nada en lo referente al ferrocarril y a su trazado de la nueva l\u00ednea en construcci\u00f3n.<\/p>\n<p>Conocido es el \u201cfondo de saco\u201d, en el que se encuentra la estaci\u00f3n de Plasencia. Todav\u00eda desconocemos la soluci\u00f3n, si es que la dan, para corregir este fondo de saco. Lo \u00fanico que conocemos es que se mantiene un Apeadero en Retortillo y la estaci\u00f3n\u00a0 de la Ciudad en segundo lugar, por no hacer una conexi\u00f3n de bypass como se est\u00e1 haciendo en M\u00e9rida para evitar el Apeadero de Carrascalejo y as\u00ed todos los trenes entran en M\u00e9rida y problema resuelto.<\/p>\n<p>Pero en M\u00e9rida su Alcalde se ha movido y, sobre todo, se ha puesto firme ante el Ministerio de Fomento\u00a0 para defender los intereses de su Ciudad y no quedar a M\u00e9rida aislada.<\/p>\n<p>El Alcalde de Plasencia no ha hecho lo propio para que Plasencia no se la tome en serio en el Ministerio de Fomento. Alcalde, d\u00edgame si esto no es re\u00edrse de los placentinos, turistas o viajeros en general que vienen o van a Madrid.<\/p>\n<p>&nbsp;<\/p>\n<p>&nbsp;<\/p>\n<p>&nbsp;<\/p>\n<p>&nbsp;<\/p>\n<p>Es preocupante la dejadez del Alcalde con este proyecto ferroviario en pleno desarrollo constructivo y que todav\u00eda los placentinos no sepamos nada de su soluci\u00f3n. Ese silencio nos intranquiliza y nos tememos lo peor, mientras ADIF mantenga en su proyecto el Apeadero de Retortillo.<\/p>\n<p>Nos est\u00e1n condenando como en 1897 a mantener el nudo ferroviario en Monfrag\u00fce, antes Palazuelo \u2013Empalme y antes Plasencia-Empalme. Pues bien, si no se hace el bypass que nos conecte la estaci\u00f3n con la l\u00ednea principal AVE, quedaremos aislado al igual que con el Empalme de la l\u00ednea convencional. Adem\u00e1s tendremos que ir los placentinos y Comarcanos del norte de Extremadura a coger el tren a Retortillo y la estaci\u00f3n quedar\u00e1 para los directos Madrid-Plasencia y los regionales como cercan\u00edas. Es decir discriminados con respecto a C\u00e1ceres y M\u00e9rida. Y eso se lo tendremos que agradecer al actual Alcalde de Plasencia, Fernando Pizarro Garc\u00eda, que cuando se inaugure el AVE, \u00e9l ya no estar\u00e1 y el problema lo seguiremos teniendo los placentinos y comarcanos. Ser\u00e1 una bonita herencia de su gesti\u00f3n.<\/p>\n<p>&nbsp;<\/p>\n<p>&nbsp;<\/p>\n<p>&nbsp;<\/p>\n<!-- AddThis Advanced Settings generic via filter on the_content --><!-- AddThis Share Buttons generic via filter on the_content -->","protected":false},"excerpt":{"rendered":"<p>\u00a0\u00a0 EL TREN DE PLASENCIA UTILIZADO COMO COMODIN\u00a0 &nbsp; &nbsp; *Muchas\u00a0 veces a los viajeros los trasladan de Monfrag\u00fce a Plasencia en autob\u00fas. *ADIF, quiere acortar los retrasos cont\u00ednuos perjudicando a los viajeros, Madrid \u2013 Plasencia. \u00a0 Iniciamos una singladura m\u00e1s para comentar hechos y aventuras que tienen que sufrir los viajeros del tren que [&hellip;]<!-- AddThis Advanced Settings generic via filter on get_the_excerpt --><!-- AddThis Share Buttons generic via filter on get_the_excerpt --><\/p>\n","protected":false},"author":44,"featured_media":0,"comment_status":"open","ping_status":"closed","sticky":false,"template":"","format":"standard","meta":[],"categories":[1],"tags":[986,987,988,985,990,989,991],"_links":{"self":[{"href":"https:\/\/blogs.hoy.es\/desdelacofa\/wp-json\/wp\/v2\/posts\/327"}],"collection":[{"href":"https:\/\/blogs.hoy.es\/desdelacofa\/wp-json\/wp\/v2\/posts"}],"about":[{"href":"https:\/\/blogs.hoy.es\/desdelacofa\/wp-json\/wp\/v2\/types\/post"}],"author":[{"embeddable":true,"href":"https:\/\/blogs.hoy.es\/desdelacofa\/wp-json\/wp\/v2\/users\/44"}],"replies":[{"embeddable":true,"href":"https:\/\/blogs.hoy.es\/desdelacofa\/wp-json\/wp\/v2\/comments?post=327"}],"version-history":[{"count":1,"href":"https:\/\/blogs.hoy.es\/desdelacofa\/wp-json\/wp\/v2\/posts\/327\/revisions"}],"predecessor-version":[{"id":328,"href":"https:\/\/blogs.hoy.es\/desdelacofa\/wp-json\/wp\/v2\/posts\/327\/revisions\/328"}],"wp:attachment":[{"href":"https:\/\/blogs.hoy.es\/desdelacofa\/wp-json\/wp\/v2\/media?parent=327"}],"wp:term":[{"taxonomy":"category","embeddable":true,"href":"https:\/\/blogs.hoy.es\/desdelacofa\/wp-json\/wp\/v2\/categories?post=327"},{"taxonomy":"post_tag","embeddable":true,"href":"https:\/\/blogs.hoy.es\/desdelacofa\/wp-json\/wp\/v2\/tags?post=327"}],"curies":[{"name":"wp","href":"https:\/\/api.w.org\/{rel}","templated":true}]}}