{"id":329,"date":"2017-10-11T11:47:26","date_gmt":"2017-10-11T11:47:26","guid":{"rendered":"http:\/\/blogs.hoy.es\/desdelacofa\/?p=329"},"modified":"2017-10-11T11:47:26","modified_gmt":"2017-10-11T11:47:26","slug":"universidad-catolica-de-avila-en-plasencia","status":"publish","type":"post","link":"https:\/\/blogs.hoy.es\/desdelacofa\/2017\/10\/11\/universidad-catolica-de-avila-en-plasencia\/","title":{"rendered":"UNIVERSIDAD CAT\u00d3LICA DE \u00c1VILA EN PLASENCIA"},"content":{"rendered":"<p><strong>UNIVERSIDAD CAT\u00d3LICA DE \u00c1VILA EN PLASENCIA\u00a0 <\/strong><\/p>\n<p>&nbsp;<\/p>\n<p>&nbsp;<\/p>\n<p><strong>*No se defiende mejor a la Universidad p\u00fablica aisl\u00e1ndola de la privada.<\/strong><\/p>\n<p><strong>*Cuando hay\u00a0 libre competencia \u00a0la ense\u00f1anza mejora.<\/strong><\/p>\n<p><strong>*Por qu\u00e9 la Junta de Extremadura se opone a que la UCAV se implante en Plasencia?<\/strong><\/p>\n<p><strong>*El exceso de protecci\u00f3n a la UEX por parte de la Junta de Extremadura y evitar la competencia la perjudica.<\/strong><\/p>\n<p><strong>*Tampoco la Junta de Extremadura impulsa el crecimiento de la UEX en el campus de Plasencia. <\/strong><\/p>\n<p>&nbsp;<\/p>\n<p>&nbsp;<\/p>\n<p>La Universidad de Extremadura (UEX) est\u00e1 perdiendo estudiantes \u00a0en los \u00faltimos siete a\u00f1os, el 42% \u00a0menos de matriculas. Son muchos los estudiantes del Norte de Extremadura que prefieren estudiar en Salamanca y Madrid. Tambi\u00e9n son muchos de la provincia de Badajoz que prefieren Sevilla o Madrid. Todo ello es un hecho constatable afirmado por la propia UEX.<\/p>\n<p>No obstante desde la creaci\u00f3n de la UEX tuvo que hacerse un reparto salom\u00f3nico para contentar a las ciudades de C\u00e1ceres y Badajoz. El eterno problema en una regi\u00f3n muy extensa, con una divisi\u00f3n administrativa de 1830 muy poco acertada y que han vivido de espalda ambas provincias, y dentro de las propias provincias a su vez la mitad de cada una con idiosincrasias distintas (Norte del Tajo y Este de la de Badajoz).<\/p>\n<p>Se pens\u00f3 que con la creaci\u00f3n de la Comunidad Aut\u00f3noma se evitar\u00eda pero tampoco. Se pas\u00f3 de un centralismo a otro centralismo, en este caso el auton\u00f3mico mucho m\u00e1s discriminatorio por localista.<\/p>\n<p>El bot\u00f3n tiene una muestra recient\u00edsima. El centro asociado de Almendralejo quiso implantar el Grado de Periodismo que no exist\u00eda en Extremadura y le falt\u00f3 tiempo a la Junta de Extremadura y a la UEX para decir que Badajoz ya lo ten\u00eda pensado implantarlo. La realidad es que la UEX no lo ten\u00eda en su proyecto inmediato de crecimiento,\u00a0 en cuanto Almendralejo inform\u00f3 de su proyecto ya estudiado, se activ\u00f3 la UEX para en quince d\u00edas reunir al \u00f3rgano directivo para aprobar el Grado de Periodismo, pero en Badajoz.<\/p>\n<p>Ahora nos encontramos con que la Universidad Cat\u00f3lica de \u00c1vila (UCAV), quiere abrir un centro adscrito en la Capital placentina y la Consejer\u00eda de Educaci\u00f3n no tarda en decir que no, considerando que\u00a0 haga competencia a la UEX. Como si la competencia entre universidades no fuera positiva para la propia universidad. El segundo argumento de la Consejer\u00eda casi abochorna el comentarlo; decir que \u00a0tener la sede fuera de la regi\u00f3n. Sin m\u00e1s comentarios. Muchas ciudades espa\u00f1olas tienen Universidad p\u00fablica y privada y su competencia sirve para enriquecer los conocimientos que se imparten. La investigaci\u00f3n se favorece.<\/p>\n<p>Con esos criterios Plasencia no podr\u00eda haber tenido Universidad en el siglo XVI como la tuvo.<\/p>\n<p>Lo que los placentinos estamos detectando es una cierta discriminaci\u00f3n con la Ciudad, cuando alguna Instituci\u00f3n como es una Universidad privada que quiere implantarse en ella.<\/p>\n<p>La ciudadan\u00eda es consciente y valora muy positivamente el impulso a la econom\u00eda local que dar\u00eda este nuevo campus universitario. Pero no solo a su econom\u00eda sino a la oferta educativa que se ver\u00eda aumentada.<\/p>\n<p>La sociedad civil en general \u00a0y a trav\u00e9s de sus Asociaciones est\u00e1 mostrando su apoyo. El rev\u00e9s ha venido solo de la Junta de Extremadura, niega a Plasencia lo que no niega a Badajoz, con unos argumentos que no se sostienen. En Badajoz se pueden implantar dos universidades privadas\u00a0 \u201con line\u201d, es decir no presenciales y esas si dejan beneficio y una presencial como la que se quiere implantar en Plasencia, no. Eso se llama discriminaci\u00f3n pura y dura con la Ciudad.<\/p>\n<!-- AddThis Advanced Settings generic via filter on the_content --><!-- AddThis Share Buttons generic via filter on the_content -->","protected":false},"excerpt":{"rendered":"<p>UNIVERSIDAD CAT\u00d3LICA DE \u00c1VILA EN PLASENCIA\u00a0 &nbsp; &nbsp; *No se defiende mejor a la Universidad p\u00fablica aisl\u00e1ndola de la privada. *Cuando hay\u00a0 libre competencia \u00a0la ense\u00f1anza mejora. *Por qu\u00e9 la Junta de Extremadura se opone a que la UCAV se implante en Plasencia? *El exceso de protecci\u00f3n a la UEX por parte de la Junta [&hellip;]<!-- AddThis Advanced Settings generic via filter on get_the_excerpt --><!-- AddThis Share Buttons generic via filter on get_the_excerpt --><\/p>\n","protected":false},"author":44,"featured_media":0,"comment_status":"open","ping_status":"closed","sticky":false,"template":"","format":"standard","meta":[],"categories":[1],"tags":[994,993,1000,995,999,998,997,996,992],"_links":{"self":[{"href":"https:\/\/blogs.hoy.es\/desdelacofa\/wp-json\/wp\/v2\/posts\/329"}],"collection":[{"href":"https:\/\/blogs.hoy.es\/desdelacofa\/wp-json\/wp\/v2\/posts"}],"about":[{"href":"https:\/\/blogs.hoy.es\/desdelacofa\/wp-json\/wp\/v2\/types\/post"}],"author":[{"embeddable":true,"href":"https:\/\/blogs.hoy.es\/desdelacofa\/wp-json\/wp\/v2\/users\/44"}],"replies":[{"embeddable":true,"href":"https:\/\/blogs.hoy.es\/desdelacofa\/wp-json\/wp\/v2\/comments?post=329"}],"version-history":[{"count":1,"href":"https:\/\/blogs.hoy.es\/desdelacofa\/wp-json\/wp\/v2\/posts\/329\/revisions"}],"predecessor-version":[{"id":330,"href":"https:\/\/blogs.hoy.es\/desdelacofa\/wp-json\/wp\/v2\/posts\/329\/revisions\/330"}],"wp:attachment":[{"href":"https:\/\/blogs.hoy.es\/desdelacofa\/wp-json\/wp\/v2\/media?parent=329"}],"wp:term":[{"taxonomy":"category","embeddable":true,"href":"https:\/\/blogs.hoy.es\/desdelacofa\/wp-json\/wp\/v2\/categories?post=329"},{"taxonomy":"post_tag","embeddable":true,"href":"https:\/\/blogs.hoy.es\/desdelacofa\/wp-json\/wp\/v2\/tags?post=329"}],"curies":[{"name":"wp","href":"https:\/\/api.w.org\/{rel}","templated":true}]}}