{"id":331,"date":"2017-11-28T12:20:43","date_gmt":"2017-11-28T12:20:43","guid":{"rendered":"http:\/\/blogs.hoy.es\/desdelacofa\/?p=331"},"modified":"2017-11-28T12:20:43","modified_gmt":"2017-11-28T12:20:43","slug":"nueva-iluminacion-artistica-para-las-catedrales-de-plasencia","status":"publish","type":"post","link":"https:\/\/blogs.hoy.es\/desdelacofa\/2017\/11\/28\/nueva-iluminacion-artistica-para-las-catedrales-de-plasencia\/","title":{"rendered":"NUEVA ILUMINACI\u00d3N ART\u00cdSTICA PARA LAS CATEDRALES DE PLASENCIA"},"content":{"rendered":"<p><strong>NUEVA ILUMINACI\u00d3N ART\u00cdSTICA PARA LAS CATEDRALES DE PLASENCIA<\/strong>.<\/p>\n<p>&nbsp;<\/p>\n<p>&nbsp;<\/p>\n<p><strong>*Hac\u00eda buena falta.<\/strong><\/p>\n<p><strong>*La anterior no dio el \u00a0resultado esperado. <\/strong><\/p>\n<p><strong>*La Corporaci\u00f3n municipal que la llevo a efecto no quiso escuchar a la ciudadan\u00eda ni a sus Asociaciones como \u201cPEDRO DE TREJO\u201d y \u201cAMIGOS DE LAS CATEDRALES Y PATRIMONIO DE PLASENCIA\u201d.<\/strong><\/p>\n<p><strong>*Los pol\u00edticos piensan que el dinero que gastan es suyo y no sale de los impuestos que pagamos todos los ciudadanos. <\/strong><\/p>\n<p>&nbsp;<\/p>\n<p>&nbsp;<\/p>\n<p>Iniciamos una nueva singladura por una mar ya muy conocida. Se anuncia el proyecto de una nueva iluminaci\u00f3n art\u00edstica del hist\u00f3rico conjunto monumental formado por las Catedrales de Plasencia y El Palacio Episcopal.<\/p>\n<p>Hace aproximadamente 20 a\u00f1os se anunci\u00f3 a bombo y platillo por los responsables pol\u00edticos que gobernaban entonces el Ayuntamiento de la Capital placentina, una nueva iluminaci\u00f3n art\u00edstica que pusiera en valor el monumento eclesi\u00e1stico m\u00e1s importante de Extremadura: Las Catedrales de Plasencia.<\/p>\n<p>Difundieron el proyecto realizado por un gabinete especializado de Madrid en iluminaci\u00f3n art\u00edstica de monumentos.<\/p>\n<p>El Alcalde, Jos\u00e9 Luis D\u00edaz y especialmente el Concejal de Cultura, F\u00e9lix Mac\u00edas, tuvieron \u00a0la deferencia de remit\u00edrselo para conocimiento y estudio y que se hiciesen las alegaciones, si las hab\u00eda, para mejorarlo, a las Asociaciones Culturales y de Patrimonio: Pedro de Trejo y Amigos de las Catedrales y Patrimonio, que en esas fechas iniciaba su andadura.<\/p>\n<p>Ambas lo estudiaron e hicieron sus alegaciones, aunque no se las tuvieron en cuenta. Se invit\u00f3 al Ingeniero redactor del proyecto para que informase del mismo en la sede de Pedro de Trejo de la Calle las Pe\u00f1as. El Ingeniero dio cumplida informaci\u00f3n del mismo no solo a ambas asociaciones sino a todo aquel ciudadano que quiso asistir a esa presentaci\u00f3n, pues la entrada era libre. Como el formato era Tertulia Abierta, cualquiera pod\u00eda pedir ampliaci\u00f3n de detalles de ese novedoso proyecto.<\/p>\n<p>Se le pregunt\u00f3 el por qu\u00e9 de esa iluminaci\u00f3n, que se eleva al cielo pero se deja de ver el monumento. Era un proyecto novedoso que realza el G\u00f3tico y sus pin\u00e1culos proyectan una iluminaci\u00f3n a lo alto (al cielo).<\/p>\n<p>Que la colocaci\u00f3n de las luminarias en pin\u00e1culos y ventanales de dif\u00edcil acceso, har\u00edan imposible la reposici\u00f3n de una simple l\u00e1mpara fundida. Dijeron que eran l\u00e1mparas preparadas para resistir las inclemencias exteriores y preparadas para fundirse poco y que el acceso era posible.<\/p>\n<p>Que la iluminaci\u00f3n de volumen del conjunto era la que hacia visible el monumento, tanto en la proximidad como en la lejan\u00eda.<\/p>\n<p>Que esos cambios\u00a0\u00a0 de coloraci\u00f3n lum\u00ednica en distintos tramos dificultaban la observaci\u00f3n n\u00edtida de los\u00a0 perfiles de ambas Catedrales.<\/p>\n<p>Que hab\u00eda una excesiva iluminaci\u00f3n en las cubiertas, vi\u00e9ndose solamente iluminadas las tejas en su color rojizo. Eso era para proyectar la entrada al cielo, acompa\u00f1ado de la iluminaci\u00f3n vertical que proyectaban los pin\u00e1culos iluminados hacia el infinito. Pero segu\u00edamos sin ver la finitud del<\/p>\n<p>Monumento que es lo que interesaba al ciudadano que quiere ver ese gran monumento de noche.<\/p>\n<p>Nos invitan a ver el juego de luces que habr\u00eda seg\u00fan los tiempos lit\u00fargicos. Fallaron siempre y nunca pudo realizarse.<\/p>\n<p>Dejaron un tipo de\u00a0 iluminaci\u00f3n permanente que duro lo que duraron en fundirse las primeras l\u00e1mparas. No llegaron a dos a\u00f1os. As\u00ed ha seguido durante 18 a\u00f1os fundi\u00e9ndose y averi\u00e1ndose e imposible de reponer dado las dificultades\u00a0 y la necesidad no solo del electricista sino de un equipo de escaladores. Ya ven lo que costaba reponer una simple l\u00e1mpara fundida de un pin\u00e1culo o ventanal. Eso s\u00ed, pasado el tiempo y el deterioro que tenia la justificaci\u00f3n socorrida era culpa de las cig\u00fce\u00f1as que anidaban, etc.<\/p>\n<p>Toda esta broma, que nunca luci\u00f3, nos cost\u00f3 a los placentinos 69 millones de las antiguas pesetas.<\/p>\n<p>Por ello, deseamos de todo coraz\u00f3n que el final de esta nueva singladura se acierte con una iluminaci\u00f3n m\u00e1s sensata, econ\u00f3mica y sobre todo que se pueda ver el monumento\u00a0 destac\u00e1ndose en el perfil de la Ciudad, tanto de cerca como de lejos, ya que la anterior fue imposible.<\/p>\n<p>La iluminaci\u00f3n fundamental es\u00a0 la de \u201cvolumen\u201d con aquellos complementos\u00a0 lum\u00ednicos para destacar su arquitectura G\u00f3tica y pueda ser contemplada desde cerca y desde lejos; pueda ser definida en un golpe de vista al igual que con la luz del sol se define al instante el colosal monumento eclesi\u00e1stico, para gloria de Dios que fue para lo que se construy\u00f3.<\/p>\n<p>&nbsp;<\/p>\n<p>&nbsp;<\/p>\n<!-- AddThis Advanced Settings generic via filter on the_content --><!-- AddThis Share Buttons generic via filter on the_content -->","protected":false},"excerpt":{"rendered":"<p>NUEVA ILUMINACI\u00d3N ART\u00cdSTICA PARA LAS CATEDRALES DE PLASENCIA. &nbsp; &nbsp; *Hac\u00eda buena falta. *La anterior no dio el \u00a0resultado esperado. *La Corporaci\u00f3n municipal que la llevo a efecto no quiso escuchar a la ciudadan\u00eda ni a sus Asociaciones como \u201cPEDRO DE TREJO\u201d y \u201cAMIGOS DE LAS CATEDRALES Y PATRIMONIO DE PLASENCIA\u201d. *Los pol\u00edticos piensan que [&hellip;]<!-- AddThis Advanced Settings generic via filter on get_the_excerpt --><!-- AddThis Share Buttons generic via filter on get_the_excerpt --><\/p>\n","protected":false},"author":44,"featured_media":0,"comment_status":"open","ping_status":"closed","sticky":false,"template":"","format":"standard","meta":[],"categories":[1],"tags":[1003,1006,1001,1002,1004,1005],"_links":{"self":[{"href":"https:\/\/blogs.hoy.es\/desdelacofa\/wp-json\/wp\/v2\/posts\/331"}],"collection":[{"href":"https:\/\/blogs.hoy.es\/desdelacofa\/wp-json\/wp\/v2\/posts"}],"about":[{"href":"https:\/\/blogs.hoy.es\/desdelacofa\/wp-json\/wp\/v2\/types\/post"}],"author":[{"embeddable":true,"href":"https:\/\/blogs.hoy.es\/desdelacofa\/wp-json\/wp\/v2\/users\/44"}],"replies":[{"embeddable":true,"href":"https:\/\/blogs.hoy.es\/desdelacofa\/wp-json\/wp\/v2\/comments?post=331"}],"version-history":[{"count":1,"href":"https:\/\/blogs.hoy.es\/desdelacofa\/wp-json\/wp\/v2\/posts\/331\/revisions"}],"predecessor-version":[{"id":332,"href":"https:\/\/blogs.hoy.es\/desdelacofa\/wp-json\/wp\/v2\/posts\/331\/revisions\/332"}],"wp:attachment":[{"href":"https:\/\/blogs.hoy.es\/desdelacofa\/wp-json\/wp\/v2\/media?parent=331"}],"wp:term":[{"taxonomy":"category","embeddable":true,"href":"https:\/\/blogs.hoy.es\/desdelacofa\/wp-json\/wp\/v2\/categories?post=331"},{"taxonomy":"post_tag","embeddable":true,"href":"https:\/\/blogs.hoy.es\/desdelacofa\/wp-json\/wp\/v2\/tags?post=331"}],"curies":[{"name":"wp","href":"https:\/\/api.w.org\/{rel}","templated":true}]}}