{"id":337,"date":"2018-01-13T11:31:19","date_gmt":"2018-01-13T11:31:19","guid":{"rendered":"http:\/\/blogs.hoy.es\/desdelacofa\/?p=337"},"modified":"2018-01-13T11:31:19","modified_gmt":"2018-01-13T11:31:19","slug":"esfuerzo-presupuestario-de-la-junta-de-extremadura-con-la-nueva-politica-contra-incendios","status":"publish","type":"post","link":"https:\/\/blogs.hoy.es\/desdelacofa\/2018\/01\/13\/esfuerzo-presupuestario-de-la-junta-de-extremadura-con-la-nueva-politica-contra-incendios\/","title":{"rendered":"ESFUERZO PRESUPUESTARIO DE LA JUNTA DE EXTREMADURA CON LA NUEVA POL\u00cdTICA CONTRA INCENDIOS"},"content":{"rendered":"<p>&nbsp;<\/p>\n<p><strong>ESFUERZO PRESUPUESTARIO \u00a0DE LA JUNTA DE EXTREMADURA CON LA NUEVA POLITICA CONTRA INCENDIOS <\/strong><\/p>\n<p><strong>\u00a0<\/strong><\/p>\n<p><strong>*Nuevas dotaciones de medios a\u00e9reos.<\/strong><\/p>\n<p><strong>*Mayor coordinaci\u00f3n entre las\u00a0 Unidades actuantes. <\/strong><\/p>\n<p><strong>*Quiz\u00e1s el Centro Operativo Regional del Plan INFOEX, deber\u00eda estar ubicado en el Norte de Extremadura, donde se encuentra la mayor masa forestal de la Regi\u00f3n. <\/strong><\/p>\n<p><strong>*La Junta de Extremadura deber\u00eda pedir al Gobierno Central\u00a0 que el Batall\u00f3n n\u00ba1, de la UME, estuviese basado en el Norte de Extremadura.<\/strong><\/p>\n<p><strong>\u00a0<\/strong><\/p>\n<p>&nbsp;<\/p>\n<p>La zona forestal m\u00e1s importante del centro peninsular espa\u00f1ol, se encuentra en el Norte de Extremadura. Espacio territorial comprendido a la derecha del Rio Tajo. Sin embargo la mayor parte de los recursos y centro\u00a0 operativo de coordinaci\u00f3n se encuentran muy al sur del Rio Tajo.<\/p>\n<p>El balance que la Consejera de Medio Ambiente hace de la campa\u00f1a contra incendios del a\u00f1o pasado se eleva ni m\u00e1s ni menos que a 607 incendios forestales, casi la totalidad de ellos en el Norte de Extremadura. Abog\u00f3 por desarrollar una nueva pol\u00edtica forestal en la lucha contra los incendios forestales. Una medida importante ha sido el clasificar a todo el personal que trabaja en INFOEX como bomberos forestales como categor\u00eda profesional, dada su formaci\u00f3n espec\u00edfica, tambi\u00e9n las nuevas dotaciones de medios a\u00e9reos para integrarlos en el Plan contra incendios.<\/p>\n<p>Para atender cualquier contingencia de emergencia forestal, el Plan INFOEX, tiene desplegados org\u00e1nicamente sus Unidades m\u00e1s importantes fuera del territorio del Norte de Extremadura. Manteniendo en el territorio forestal m\u00e1s importante pocos efectivos.<\/p>\n<p>&nbsp;<\/p>\n<p>Por no tener, no tiene ubicado en este\u00a0 extenso territorio su Centro Operativo Regional del Plan INFORX (COR), teni\u00e9ndolo ubicado al sur del Tajo, lejos de la zona m\u00e1s necesitada forestalmente hablando. \u00bfSer\u00e1 por localismo?<\/p>\n<p>En esta comunidad funciona m\u00e1s el localismo en la ubicaci\u00f3n de servicios, que a la necesidad operativa para poder atender mejor ese Plan contra incendios. La l\u00f3gica no se aplica, tiene m\u00e1s fuerza el localismo. Luego, cuando se desencadena un importante incendio forestal como el ocurrido hace dos a\u00f1os en\u00a0 la Comarca de Sierra de Gata, nos damos cuenta de lo lejos que se encuentran las Unidades de Apoyo y Coordinaci\u00f3n. Cuando lo importante para aumentar la eficacia y eficiencia de estas Unidades y Brigadas contra incendios, es el estar prontas en su intervenci\u00f3n y cercanas al lugar donde tienen que operar.<\/p>\n<p>La misma paradoja se da con la Unidad Militar de Emergencias (UME), que tiene concentrado su potencial en Madrid con cinco unidades: Unidad de Cuartel General. Regimiento de Apoyo e Intervenci\u00f3n en Emergencias. Batall\u00f3n de Transmisiones. 1\u00ba Batall\u00f3n de Intervenci\u00f3n en Emergencias. Restos de Batallones desplegados en Castilla Le\u00f3n, Arag\u00f3n, Comunidad Valenciana y Andaluc\u00eda.<\/p>\n<p>Lo que queremos significar al comentar este despliegue, es que en la masa forestal m\u00e1s importante de la zona que tiene asignada el 1\u00ba.Bon. (Madrid, Castilla la Mancha y Extremadura), es Extremadura\u00a0 concretamente el norte regional el de mayor masa forestal de las tres comunidades.<\/p>\n<p>Lo l\u00f3gico atendiendo a una mayor eficacia y eficiencia en el apoyo, ser\u00eda que esta Unidad (1\u00ba.B\u00f3n.), tuviera su base en el Norte de Extremadura. Con ello se ganar\u00eda\u00a0 acortar los tiempos de traslados de esta Unidad para apoyar estos incendios. Factor importante desde que se le pide su intervenci\u00f3n.<\/p>\n<p>Con ello no quedar\u00eda desguarnecido el resto de las regiones que tiene que apoyar. Madrid seguir\u00eda manteniendo toda la estructura de Mando y Control junto con el Regimiento de Apoyo e Intervenci\u00f3n.<\/p>\n<p>&nbsp;<\/p>\n<p>&nbsp;<\/p>\n<p>Nosotros aportamos esta iniciativa para que la Junta de Extremadura a trav\u00e9s de la Consejer\u00eda de Medio Ambiente, lo estudie en su nueva pol\u00edtica contra incendios que quiere desarrollar, reorganizando su despliegue y COR as\u00ed como la petici\u00f3n al Ministerio de Defensa para basar al 1\u00ba.Bon de la UME en el Norte de Extremadura. La l\u00f3gica siempre se impone sobre el localismo y no digamos la eficacia en el servicio a prestar a estas Comarcas forestales del Norte Regional.<\/p>\n<!-- AddThis Advanced Settings generic via filter on the_content --><!-- AddThis Share Buttons generic via filter on the_content -->","protected":false},"excerpt":{"rendered":"<p>&nbsp; ESFUERZO PRESUPUESTARIO \u00a0DE LA JUNTA DE EXTREMADURA CON LA NUEVA POLITICA CONTRA INCENDIOS \u00a0 *Nuevas dotaciones de medios a\u00e9reos. *Mayor coordinaci\u00f3n entre las\u00a0 Unidades actuantes. *Quiz\u00e1s el Centro Operativo Regional del Plan INFOEX, deber\u00eda estar ubicado en el Norte de Extremadura, donde se encuentra la mayor masa forestal de la Regi\u00f3n. *La Junta de [&hellip;]<!-- AddThis Advanced Settings generic via filter on get_the_excerpt --><!-- AddThis Share Buttons generic via filter on get_the_excerpt --><\/p>\n","protected":false},"author":44,"featured_media":0,"comment_status":"open","ping_status":"closed","sticky":false,"template":"","format":"standard","meta":[],"categories":[1],"tags":[1012,1009,1010,1011,1008,1007],"_links":{"self":[{"href":"https:\/\/blogs.hoy.es\/desdelacofa\/wp-json\/wp\/v2\/posts\/337"}],"collection":[{"href":"https:\/\/blogs.hoy.es\/desdelacofa\/wp-json\/wp\/v2\/posts"}],"about":[{"href":"https:\/\/blogs.hoy.es\/desdelacofa\/wp-json\/wp\/v2\/types\/post"}],"author":[{"embeddable":true,"href":"https:\/\/blogs.hoy.es\/desdelacofa\/wp-json\/wp\/v2\/users\/44"}],"replies":[{"embeddable":true,"href":"https:\/\/blogs.hoy.es\/desdelacofa\/wp-json\/wp\/v2\/comments?post=337"}],"version-history":[{"count":1,"href":"https:\/\/blogs.hoy.es\/desdelacofa\/wp-json\/wp\/v2\/posts\/337\/revisions"}],"predecessor-version":[{"id":338,"href":"https:\/\/blogs.hoy.es\/desdelacofa\/wp-json\/wp\/v2\/posts\/337\/revisions\/338"}],"wp:attachment":[{"href":"https:\/\/blogs.hoy.es\/desdelacofa\/wp-json\/wp\/v2\/media?parent=337"}],"wp:term":[{"taxonomy":"category","embeddable":true,"href":"https:\/\/blogs.hoy.es\/desdelacofa\/wp-json\/wp\/v2\/categories?post=337"},{"taxonomy":"post_tag","embeddable":true,"href":"https:\/\/blogs.hoy.es\/desdelacofa\/wp-json\/wp\/v2\/tags?post=337"}],"curies":[{"name":"wp","href":"https:\/\/api.w.org\/{rel}","templated":true}]}}