{"id":345,"date":"2018-04-08T16:27:54","date_gmt":"2018-04-08T16:27:54","guid":{"rendered":"http:\/\/blogs.hoy.es\/desdelacofa\/?p=345"},"modified":"2018-04-08T16:27:54","modified_gmt":"2018-04-08T16:27:54","slug":"la-sacristia-de-la-iglesia-de-san-vicente-ferrer-santo-domingo-de-plasencia-no-esta-en-ruina","status":"publish","type":"post","link":"https:\/\/blogs.hoy.es\/desdelacofa\/2018\/04\/08\/la-sacristia-de-la-iglesia-de-san-vicente-ferrer-santo-domingo-de-plasencia-no-esta-en-ruina\/","title":{"rendered":"LA SACRISTIA DE LA IGLESIA DE SAN VICENTE FERRER (SANTO DOMINGO) DE PLASENCIA, NO EST\u00c1 EN RUINA"},"content":{"rendered":"<p><strong>LA SACRISTIA DE LA IGLESIA DE SAN VICENTE FERRER (SANTO DOMINGO) DE PLASENCIA, NO EST\u00c1 EN RUINA.\u00a0\u00a0\u00a0 <\/strong><\/p>\n<p>&nbsp;<\/p>\n<p><strong>*La estrategia de mantenerla cerrada durante tantos a\u00f1os, es para justificar el traslado del retablo de azulejos al museo de la Catedral.<\/strong><\/p>\n<p><strong>*Lo mismo hicieron con los de San L\u00e1zaro. Se restaur\u00f3 la Iglesia y siguen los azulejos en el museo de la Catedral. A la iglesia mandaron una fotocopia.<\/strong><\/p>\n<p><strong>*Ahora se han dado cuenta que potenciando el museo de la Catedral se gana en recursos. <\/strong><\/p>\n<p>&nbsp;<\/p>\n<p>La Sacrist\u00eda de la Iglesia de San Vicente Ferrer (Santo Domingo) de Plasencia, no est\u00e1 en ruina. Sigue cerrada a cal y canto, desde hace m\u00e1s de 20 a\u00f1os con una \u00fanica objetivo, que se siga deteriorando. Las intenciones de mantenerla cerrada y los m\u00e9todos de abandono para que las goteras sigan deteriorando este patrimonio, van a ello.<\/p>\n<p>Les gustar\u00eda que fuera declarada en ruina para as\u00ed poder justificar lo que la ley dice sobre la restauraci\u00f3n del patrimonio. Devolverlo a su lugar de origen.<\/p>\n<p>Esta monumental iglesia, es la actual sede de la Uni\u00f3n de Cofrad\u00edas Penitenciales de Plasencia, desde hace m\u00e1s de 40 a\u00f1os. Son las Cofrad\u00edas las que han mantenido vivo dicho templo que est\u00e1 cedido a la Junta de Extremadura por la Di\u00f3cesis de Plasencia. Gracias a las Cofrad\u00edas el templo se mantiene cuidado y es visitado por decenas de\u00a0 miles de visitantes que pasan por el museo de Semana Santa, abierto durante todo el a\u00f1o.<\/p>\n<p>Esta atenci\u00f3n y cuidado de las Cofrad\u00edas, hace que se detecte cualquier incidencia que afecte al mismo y ponerlo en conocimiento de Patrimonio.<\/p>\n<p>La Sacrist\u00eda, tambi\u00e9n de enormes dimensiones, estuvo abierta los primeros a\u00f1os. Pero cuando las Cofrad\u00edas empezaron a denunciar el deterior del retablo de azulejos, debido a las goteras y el inter\u00e9s de los visitantes a la Exposici\u00f3n permanente de Pasos de Semana Santa a visitarlo, es cuando comenz\u00f3 la estrategia justificativa\u00a0 de cerrarla a cal y canto para guardar unas grandes piedras de restos arqueol\u00f3gicos encontrados al rehabilitar y acondicionar el convento anexo para Parador de Plasencia.<\/p>\n<p>As\u00ed se ha llevado cerrada la Sacrist\u00eda, sin que las cofrad\u00edas pudieran denunciar las goteras que estaban inundando dicho espacio y que ve\u00edan salir el agua por debajo de la puerta sin que nadie responsable hiciera nada por remediarlo. Las mismas Cofrad\u00edas\u00a0 y el personal que atiende el Museo de Semana Santa, tiene que recoger el agua que pasa al interior de la Iglesia.<\/p>\n<p>Pero miren por donde hace tres a\u00f1os el convenio Iglesia- Junta de Extremadura, acuerda la restauraci\u00f3n del retablo de azulejos. Es entonces cuando se descubre la estrategia llevada hasta entonces para poder sacar el retablo de azulejos de su lugar de origen. Es el propio Delegado de Patrimonio de la Di\u00f3cesis de Plasencia en unas declaraciones a los medios al salir de la reuni\u00f3n (Iglesia- Junta de Extremadura) celebrada en M\u00e9rida, el que informa a la opini\u00f3n p\u00fablica que el retablo de azulejos ser\u00e1 restaurado y llevado al Museo catedralicio. Justo en el momento que este museo empezaba a ampliar sus salas y hab\u00eda que dotarlas de contenido.<\/p>\n<p>La Uni\u00f3n \u00a0de Cofrad\u00edas acord\u00f3 en su reuni\u00f3n de la Comisi\u00f3n Permanente y m\u00e1ximo \u00f3rgano de gobierno, el pedir que volviese a su lugar de origen. Esta petici\u00f3n se silenci\u00f3 porque iba en contra de la estrategia marcada para llevarlo al Museo de la Catedral.<\/p>\n<p>Y en esta nos encontramos. Nuevamente alguien interesado en aumentar los fondos del museo y los\u00a0 recursos econ\u00f3micos, olvidan lo que dice la ley de Patrimonio, aunque reconocen lo que dice para la reubicaci\u00f3n del bien restaurado. Pero como su estrategia es la del enga\u00f1o, seguir\u00e1n esperando hasta que la Sacrist\u00eda reuna nuevamente las condiciones optimas.<\/p>\n<p>Pero para que la Sacrist\u00eda reuna las condiciones; que hacen estos responsables que se les llena la boca de Patrimonio. Nada. Seguir\u00e1n con la Sacrist\u00eda cerrada, para que se siga deteriorando con sus goteras y que el tiempo decida para declararla en ruina y solucionado el problema del retablo de azulejos.<\/p>\n<p>La Sacrist\u00eda, no necesita una gran inversi\u00f3n. Si se quiere acondicionar empecemos por una recorrida de la cubierta y reponer las tejas rotas y as\u00ed solucionamos\u00a0\u00a0 el problema de las goteras. Los paramentos interiores se pueden blanquear y as\u00ed quedar\u00eda\u00a0 acondicionada, hasta una posterior inversi\u00f3n mayor. La Direcci\u00f3n de Patrimonio de la Junta de Extremadura, invertir\u00e1 en 2018 solo para la nidificaci\u00f3n del Cern\u00edcalo Primilla, 17.000\u20ac. Con mucho menos dinero se solucionar\u00edan las goteras y se blanquear\u00edan los paramentos interiores de la Sacrist\u00eda.<\/p>\n<p>Dudamos que vuelvan. Tenemos un precedente con el friso de azulejos de la Iglesia de San L\u00e1zaro. La misma estrategia llevada a cabo por los mismos. Aprovechando el deterioro de la Iglesia por sus filtraciones de agua, se cerr\u00f3. Se restauraron la tabla de azulejos, se guardaron en sus embalajes una vez restaurados, durante m\u00e1s de 12 a\u00f1os en la Iglesia de San Martin.<\/p>\n<p>Esperaron \u00a0las obras de acondicionamiento del Museo de la Catedral y una vez acondicionado se llevaron los azulejos al mismo. En San L\u00e1zaro, una vez restaurada la iglesia y abierta nuevamente al culto, se mandaron una fotocopia, eso s\u00ed, a tama\u00f1o real. Pero los originales siguen en el Museo de la Catedral.<\/p>\n<p>Eso puede volver a pasar con el retablo de azulejos de la Sacrist\u00eda de Santo Domingo. Ver para creer. Se repite la historia de nuestro Patrimonio.<\/p>\n<!-- AddThis Advanced Settings generic via filter on the_content --><!-- AddThis Share Buttons generic via filter on the_content -->","protected":false},"excerpt":{"rendered":"<p>LA SACRISTIA DE LA IGLESIA DE SAN VICENTE FERRER (SANTO DOMINGO) DE PLASENCIA, NO EST\u00c1 EN RUINA.\u00a0\u00a0\u00a0 &nbsp; *La estrategia de mantenerla cerrada durante tantos a\u00f1os, es para justificar el traslado del retablo de azulejos al museo de la Catedral. *Lo mismo hicieron con los de San L\u00e1zaro. Se restaur\u00f3 la Iglesia y siguen los [&hellip;]<!-- AddThis Advanced Settings generic via filter on get_the_excerpt --><!-- AddThis Share Buttons generic via filter on get_the_excerpt --><\/p>\n","protected":false},"author":44,"featured_media":0,"comment_status":"open","ping_status":"closed","sticky":false,"template":"","format":"standard","meta":[],"categories":[1],"tags":[1025,1022,1020,1023,1027,1019,1021,1024,1026],"_links":{"self":[{"href":"https:\/\/blogs.hoy.es\/desdelacofa\/wp-json\/wp\/v2\/posts\/345"}],"collection":[{"href":"https:\/\/blogs.hoy.es\/desdelacofa\/wp-json\/wp\/v2\/posts"}],"about":[{"href":"https:\/\/blogs.hoy.es\/desdelacofa\/wp-json\/wp\/v2\/types\/post"}],"author":[{"embeddable":true,"href":"https:\/\/blogs.hoy.es\/desdelacofa\/wp-json\/wp\/v2\/users\/44"}],"replies":[{"embeddable":true,"href":"https:\/\/blogs.hoy.es\/desdelacofa\/wp-json\/wp\/v2\/comments?post=345"}],"version-history":[{"count":1,"href":"https:\/\/blogs.hoy.es\/desdelacofa\/wp-json\/wp\/v2\/posts\/345\/revisions"}],"predecessor-version":[{"id":346,"href":"https:\/\/blogs.hoy.es\/desdelacofa\/wp-json\/wp\/v2\/posts\/345\/revisions\/346"}],"wp:attachment":[{"href":"https:\/\/blogs.hoy.es\/desdelacofa\/wp-json\/wp\/v2\/media?parent=345"}],"wp:term":[{"taxonomy":"category","embeddable":true,"href":"https:\/\/blogs.hoy.es\/desdelacofa\/wp-json\/wp\/v2\/categories?post=345"},{"taxonomy":"post_tag","embeddable":true,"href":"https:\/\/blogs.hoy.es\/desdelacofa\/wp-json\/wp\/v2\/tags?post=345"}],"curies":[{"name":"wp","href":"https:\/\/api.w.org\/{rel}","templated":true}]}}