{"id":351,"date":"2018-06-20T11:46:25","date_gmt":"2018-06-20T11:46:25","guid":{"rendered":"http:\/\/blogs.hoy.es\/desdelacofa\/?p=351"},"modified":"2018-06-20T11:46:25","modified_gmt":"2018-06-20T11:46:25","slug":"ferias-y-fiestas-de-plasencia-2018-huida-a-las-playas","status":"publish","type":"post","link":"https:\/\/blogs.hoy.es\/desdelacofa\/2018\/06\/20\/ferias-y-fiestas-de-plasencia-2018-huida-a-las-playas\/","title":{"rendered":"FERIAS Y FIESTAS DE PLASENCIA 2018. HUIDA A LAS PLAYAS"},"content":{"rendered":"<p><strong>FERIAS Y FIESTAS\u00a0 DE PLASENCIA 2018. HUIDA A LAS PLAYAS\u00a0\u00a0 <\/strong><\/p>\n<p>&nbsp;<\/p>\n<p><strong>*Dispersi\u00f3n de las Familias y grupos organizados por Agencias de viajes a las Playas.<\/strong><\/p>\n<p><strong>*Acertada decisi\u00f3n del Ayuntamiento para que presida la Plaza de Toros un Funcionario del\u00a0\u00a0 Ministerio del Interior (Escala Ejecutiva de la P.N.).<\/strong><\/p>\n<p><strong>*Mantener los dos d\u00edas festivos es un grave error.<\/strong><\/p>\n<p><strong>*Reducci\u00f3n de la jornada laboral es\u00a0 m\u00e1s efectivo.<\/strong><\/p>\n<p>&nbsp;<\/p>\n<p>Las Ferias y Fiestas de Plasencia, siguen proporcionando cinco d\u00edas de asueto a los placentinos, que son aprovechados para desplazarse a las playas m\u00e1s cercanas a la Capital placentina como son las de Huelva y Portugal principalmente.<\/p>\n<p>Solo tienen que consultar a las Agencias de Viajes, para poder cuantificar el gran n\u00famero de familias que se marchan fuera durante este acueducto de ferias. Pero no solo las que utilizan los servicios de las agencias de viajes, sino las que tienen apartamentos propios en Isla Canela por ejemplo y en la costa portuguesa. Ambos a menos de cuatro horas de distancia en veh\u00edculo propio. Todo ello hace que la evasi\u00f3n ciudadana sea numerosa.<\/p>\n<p>El hecho fundamental de esta di\u00e1spora es la cabezoner\u00eda pol\u00edtica del Gobierno Municipal en mantener dos d\u00edas festivos previos al fin de semana. Ni la Feria de San Isidro de Madrid, la de Abril de Sevilla por ejemplo, tienen festivos en sus d\u00edas de Ferias.<\/p>\n<p>Ya no vale el organizar conciertos gratuitos en la Plaza Mayor, ni recuperar las actuaciones teatrales en el Alc\u00e1zar, ni hacer caseta de mayores ni de j\u00f3venes en el ferial, ni mantener un botell\u00f3n permanente en Plaza Mayor y alrededores desde las 14,30h, hasta el amanecer. Nada de todo esto hace que las familias se queden. Es m\u00e1s atractivo el pasarlo en las playas, que adem\u00e1s est\u00e1n en temporada baja y\u00a0 mucho m\u00e1s econ\u00f3micas.<\/p>\n<p>Los empresarios se siguen quejando que las Ferias siguen flojas y que el \u00fanico d\u00eda m\u00e1s fuerte es el\u00a0 s\u00e1bado y un poco el Domingo y ello debido a la gran afluencia de los comarcanos del Norte de Extremadura.<\/p>\n<p>La feria taurina, sigue despertando un gran inter\u00e9s para los aficionados placentinos, comarcanos y de las provincias lim\u00edtrofes. Por eso las corridas se programaban el Viernes, S\u00e1bado y Domingo como d\u00edas fuertes. Tambi\u00e9n los carteles en una Plaza de Segunda categor\u00eda, con los mejores matadores del momento despertaban un gran inter\u00e9s en los aficionados. Ejemplo lo hemos tenido este a\u00f1o con una Plaza a rebosar.<\/p>\n<p>Tambi\u00e9n debemos destacar por otra parte, el acierto que ha tenido el Ayuntamiento para que el Presidente de la Plaza sea\u00a0 un Funcionario de la Escala Ejecutiva de la Polic\u00eda Nacional de acuerdo con el Reglamento para las plazas de segunda. Este detalle da la impronta de la categor\u00eda de la Ciudad; quitando la presidencia de un pol\u00edtico que solo se ve\u00eda en\u00a0 la nuestra\u00a0 y en ninguna de nuestro alrededor (Salamanca, \u00c1vila, Toledo, Badajoz, etc.), tampoco en el resto de Espa\u00f1a que son la mayor\u00eda de segunda categor\u00eda.<\/p>\n<p>Nuestras Ferias en su conjunto, han sido el referente festivo de todo el Norte de Extremadura y nuestro Gobierno Local, est\u00e1 acabando con ello por m\u00e1s que se esmere en las atracciones del recinto ferial, feria taurina, obras de teatro\u00a0 y zarzuela representadas en el\u00a0 Alc\u00e1zar, conciertos en la Plaza Mayor, lugar poco proclive para estos eventos por razones de seguridad y tener que estar de pi\u00e9, etc.etc.<\/p>\n<p>Conocido,\u00a0 atractivo y muy valorado por los placentinos era el alterne con las amistades en la hora del aperitivo y finalizada la jornada laboral, adelantada en la semana de ferias, en la Plaza Mayor y calles aleda\u00f1a del casco hist\u00f3rico. Ahora como una actividad m\u00e1s del programa municipal conocido como \u201clas ca\u00f1as\u201d, como si fuera acto programado. Cuando ese momento del aperitivo era ya tradicional en la Ciudad., sin necesidad de programaci\u00f3n. Esto tambi\u00e9n est\u00e1 perdiendo fuelle debido a dos factores: Uno, el ser festivo el jueves y viernes. Antes\u00a0 con la media jornada, las empresas y comercio cerraban y todos sus empleados y familias tomaban el aperitivo antes del almuerzo. Dos, el ejemplo lo tenemos bien claro el Mi\u00e9rcoles a esta hora la Plaza Mayor y alrededores, llena\u00a0 de placentinos. Jueves festivo a la misma hora, nadie en la misma zona. Solamente se ha pensado en los j\u00f3venes \u00a0que empiezan a llenar la zona de una especie de botell\u00f3n temprano pero que enlazan con la madrugada.<\/p>\n<p>El ruido musical de cada establecimiento es quiz\u00e1s uno de los inconvenientes para poder mantener una conversaci\u00f3n entre amigos. Quiz\u00e1s el hilo musical conjunto puede ser una soluci\u00f3n. Pero lo mejor para ambientar las ferias son las charangas, \u00a0molestan menos y \u00a0hacen el papel de animador. Por cierto que el Ayuntamiento financia para el centro y en cambio en otros Distritos de la Ciudad que tambi\u00e9n son ferias, son los empresarios los que tienen que financiarla.<\/p>\n<p>Actualmente, la animaci\u00f3n empieza\u00a0 sobe las 16,00h, y siempre por j\u00f3venes que comienzan su botell\u00f3n, para continuarlo por la tarde, noche y madrugada. Convirtiendo Plaza y alrededores en un bulle, bulle con m\u00fasica estridente y pasada de decibelios. Esta programaci\u00f3n es la que m\u00e1s le gusta al actual Alcalde de Plasencia, Fernando Pizarro Garc\u00eda, camufl\u00e1ndola en el programa como \u201clas ca\u00f1as\u201d. Quiz\u00e1s para justificar que quit\u00f3 el botell\u00f3n en el Berrocal y lo traslad\u00f3 al centro de la Ciudad, en vez de trasladarlo a un espacio ciudadano libre de zona residencial al igual que hizo C\u00e1ceres llev\u00e1ndolo al ferial\/hip\u00f3dromo, con un servicio continuo de autobuses para el traslado de los j\u00f3venes.<\/p>\n<p>Efectivamente este a\u00f1o ha habido\u00a0 mayor\u00a0 concurrencia ciudadana a las actividades programadas, pero todav\u00eda queda mucho por llegar a las que fueron\u00a0 y que no hab\u00eda festivos, solamente reducci\u00f3n de jornada laboral.<\/p>\n<p>&nbsp;<\/p>\n<!-- AddThis Advanced Settings generic via filter on the_content --><!-- AddThis Share Buttons generic via filter on the_content -->","protected":false},"excerpt":{"rendered":"<p>FERIAS Y FIESTAS\u00a0 DE PLASENCIA 2018. HUIDA A LAS PLAYAS\u00a0\u00a0 &nbsp; *Dispersi\u00f3n de las Familias y grupos organizados por Agencias de viajes a las Playas. *Acertada decisi\u00f3n del Ayuntamiento para que presida la Plaza de Toros un Funcionario del\u00a0\u00a0 Ministerio del Interior (Escala Ejecutiva de la P.N.). *Mantener los dos d\u00edas festivos es un grave [&hellip;]<!-- AddThis Advanced Settings generic via filter on get_the_excerpt --><!-- AddThis Share Buttons generic via filter on get_the_excerpt --><\/p>\n","protected":false},"author":44,"featured_media":0,"comment_status":"open","ping_status":"closed","sticky":false,"template":"","format":"standard","meta":[],"categories":[1],"tags":[1033,1034,1031,1032],"_links":{"self":[{"href":"https:\/\/blogs.hoy.es\/desdelacofa\/wp-json\/wp\/v2\/posts\/351"}],"collection":[{"href":"https:\/\/blogs.hoy.es\/desdelacofa\/wp-json\/wp\/v2\/posts"}],"about":[{"href":"https:\/\/blogs.hoy.es\/desdelacofa\/wp-json\/wp\/v2\/types\/post"}],"author":[{"embeddable":true,"href":"https:\/\/blogs.hoy.es\/desdelacofa\/wp-json\/wp\/v2\/users\/44"}],"replies":[{"embeddable":true,"href":"https:\/\/blogs.hoy.es\/desdelacofa\/wp-json\/wp\/v2\/comments?post=351"}],"version-history":[{"count":1,"href":"https:\/\/blogs.hoy.es\/desdelacofa\/wp-json\/wp\/v2\/posts\/351\/revisions"}],"predecessor-version":[{"id":352,"href":"https:\/\/blogs.hoy.es\/desdelacofa\/wp-json\/wp\/v2\/posts\/351\/revisions\/352"}],"wp:attachment":[{"href":"https:\/\/blogs.hoy.es\/desdelacofa\/wp-json\/wp\/v2\/media?parent=351"}],"wp:term":[{"taxonomy":"category","embeddable":true,"href":"https:\/\/blogs.hoy.es\/desdelacofa\/wp-json\/wp\/v2\/categories?post=351"},{"taxonomy":"post_tag","embeddable":true,"href":"https:\/\/blogs.hoy.es\/desdelacofa\/wp-json\/wp\/v2\/tags?post=351"}],"curies":[{"name":"wp","href":"https:\/\/api.w.org\/{rel}","templated":true}]}}