{"id":357,"date":"2018-07-29T18:57:19","date_gmt":"2018-07-29T18:57:19","guid":{"rendered":"http:\/\/blogs.hoy.es\/desdelacofa\/?p=357"},"modified":"2018-07-29T18:57:19","modified_gmt":"2018-07-29T18:57:19","slug":"la-camara-de-comercioindustria-y-navegacion-de-plasencia","status":"publish","type":"post","link":"https:\/\/blogs.hoy.es\/desdelacofa\/2018\/07\/29\/la-camara-de-comercioindustria-y-navegacion-de-plasencia\/","title":{"rendered":"LA C\u00c1MARA DE COMERCIO,INDUSTRIA Y NAVEGACI\u00d3N DE PLASENCIA."},"content":{"rendered":"<p><strong>LA C\u00c1MARA DE COMERCIO, INDUSTRIA\u00a0 Y NAVEGACI\u00d3N DE PLASENCIA\u00a0 <\/strong><\/p>\n<p><strong>\u00a0<\/strong><\/p>\n<p><strong>*Fue la primera junto con la de Badajoz.<\/strong><\/p>\n<p><strong>*La ley permite\u00a0 crear C\u00e1maras en Ciudades que no sean capital de\u00a0 provincia.<\/strong><\/p>\n<p><strong>*Federaciones de Empresarios hay dos en la provincia.<\/strong><\/p>\n<p><strong>*Con la Caja de Ahorros de Plasencia, paso lo mismo.<\/strong><\/p>\n<p><strong>\u00a0<\/strong><\/p>\n<p>Fue la primera junto con la de Badajoz, que se fundaron en Extremadura. As\u00ed estuvo hasta el \u00faltimo tercio del siglo pasado que bajo la presi\u00f3n de C\u00e1ceres, interesada en tener solo una en la provincia para su beneficio local, se claudico para\u00a0 de esta manera potenciar a C\u00e1ceres en detrimento de Plasencia y Norte de Extremadura. No era bien visto que la C\u00e1mara de Plasencia fuese m\u00e1s potente y \u00a0la que m\u00e1s comerciantes agrupaba.<\/p>\n<p>Lo mismo se quiso hacer aunque m\u00e1s adelante con la Federaci\u00f3n Empresarial Placentina, pero el \u00edmpetu y decisi\u00f3n del que fuera su Presidente durante muchos a\u00f1os, Juan Francisco Serrano Pino, no se consigui\u00f3, pero a punto estuvo. Quiz\u00e1s conocedor de lo que hab\u00eda pasado con la instituci\u00f3n cameral placentina.<\/p>\n<p>Lo mismo pas\u00f3 con la Caja de Ahorros y Monte de Piedad de Plasencia, que bajo el enga\u00f1o de quedar m\u00e1s fortalecida con el tiempo desapareci\u00f3 una y la fusionada.<\/p>\n<p>Tenemos que decir, que la ley permite el establecer C\u00e1maras de Comercio en ciudades que no sean capitales de provincia. En Espa\u00f1a hay ejemplos claros de actualidad como pude ser B\u00e9jar, Vic, Cartagena, Astorga, Vigo, Gij\u00f3n, Jerez de la Frontera, etc.etc.<\/p>\n<p>&nbsp;<\/p>\n<p>Lo que ha pasado en nuestra provincia, es que para llenar de contenido a C\u00e1ceres desde 1833, hab\u00eda que ir sacrificando instituciones consolidadas y anteriores creadas en Plasencia.<\/p>\n<p>Alg\u00fan d\u00eda los comerciantes se dar\u00e1n cuenta del error de mantenerse integrado en una sola provincial, cuando en Plasencia y todo el Norte de Extremadura, dispone del n\u00famero suficientes de comerciantes para tener su propia instituci\u00f3n cameral.<\/p>\n<p>Tambi\u00e9n es importante el mantener alejado a los pol\u00edticos de estas decisiones y no seguir los avatares que actualmente \u00a0con tinte localista mantienen los dirigentes pol\u00edticos provinciales,\u00a0 imponiendo en sus Partidos decisiones interesadas sobre estas instituciones. Tambi\u00e9n ocurri\u00f3\u00a0\u00a0 anteriormente con gobiernos autoritario ejecutado en la provincia por el Gobernador Civil.<\/p>\n<p>Todas estas p\u00e9rdidas de instituciones, nos lleva cada vez m\u00e1s a un empobrecimiento de categor\u00eda como Ciudad. Plasencia, a trav\u00e9s de su historia, siempre se distingui\u00f3 por ser\u00a0 una adelantada y pionera en la fundaci\u00f3n de corporaciones que dieran servicio y protecci\u00f3n de la actividad econ\u00f3mica, comercial y empresarial.<\/p>\n<p>Los poderes pol\u00edticos caciquiles y provincianos existentes antes y ahora, han estado implicados en quitarle a Plasencia, todo\u00a0 aquello que la distinguiese y le hiciese aparecer como mas Ciudad.<\/p>\n<p>El desarrollo productivo y comercial de la provincia, siempre ha estado a la derecha del\u00a0 Rio Tajo. Colof\u00f3n a todo este desarrollo culmin\u00f3 con la puesta en producci\u00f3n de extensas \u00e1reas\u00a0 de regad\u00edo. El agua elemento dinamizador y necesario para cualquier desarrollo econ\u00f3mico, es abundante en el Norte de Extremadura. Plasencia, como \u00a0Capital natural de esas ocho ricas Comarcas que la rodean, hacen de ella un centro geogr\u00e1fico comercial importante.<\/p>\n<p>&nbsp;<\/p>\n<p>&nbsp;<\/p>\n<p>&nbsp;<\/p>\n<p>&nbsp;<\/p>\n<p>Por eso era necesario el desactivar cualquier instituci\u00f3n importante que surgiera o estuviese establecida en la ciudad como era la \u201cC\u00e1mara de Comercio, Industria y Navegaci\u00f3n de Plasencia\u201d, que era como se denominaba la existente en la Ciudad.<\/p>\n<p>As\u00ed, seguimos manteniendo la decadencia de la Ciudad y fortaleciendo el d\u00e9ficit estructural\u00a0 de C\u00e1ceres. Por eso\u00a0 nos permitimos recordar a los comerciantes, que dado que la ley favorece la creaci\u00f3n de C\u00e1maras de Comercio, en ciudades que no sean capitales de provincia, que recreemos la nuestra y con ello potenciaremos nuestro comercio y por ende nuestro desarrollo. No vale\u00a0 que el Presidente cameral recaiga en un placentino como ha sido en las\u00a0 \u00faltimas elecciones consensuado por las dos Federaciones de Empresarios y por el Circulo Empresarial Placentino. Debemos tener C\u00e1mara propia.<\/p>\n<p>Sint\u00e1monos orgullosos de nuestros antepasados, que con menos medios econ\u00f3micos y culturales, fueron capaces de crear y mantener en el tiempo la instituci\u00f3n camaral placentina. El beneficio es para los comerciantes. El prestigio para Plasencia. Por ello, prestigiemos a la Ciudad.<\/p>\n<p>&nbsp;<\/p>\n<p>&nbsp;<\/p>\n<p>&nbsp;<\/p>\n<p>&nbsp;<\/p>\n<!-- AddThis Advanced Settings generic via filter on the_content --><!-- AddThis Share Buttons generic via filter on the_content -->","protected":false},"excerpt":{"rendered":"<p>LA C\u00c1MARA DE COMERCIO, INDUSTRIA\u00a0 Y NAVEGACI\u00d3N DE PLASENCIA\u00a0 \u00a0 *Fue la primera junto con la de Badajoz. *La ley permite\u00a0 crear C\u00e1maras en Ciudades que no sean capital de\u00a0 provincia. *Federaciones de Empresarios hay dos en la provincia. *Con la Caja de Ahorros de Plasencia, paso lo mismo. \u00a0 Fue la primera junto con [&hellip;]<!-- AddThis Advanced Settings generic via filter on get_the_excerpt --><!-- AddThis Share Buttons generic via filter on get_the_excerpt --><\/p>\n","protected":false},"author":44,"featured_media":0,"comment_status":"open","ping_status":"closed","sticky":false,"template":"","format":"standard","meta":[],"categories":[1],"tags":[1038,1037,1035,1036],"_links":{"self":[{"href":"https:\/\/blogs.hoy.es\/desdelacofa\/wp-json\/wp\/v2\/posts\/357"}],"collection":[{"href":"https:\/\/blogs.hoy.es\/desdelacofa\/wp-json\/wp\/v2\/posts"}],"about":[{"href":"https:\/\/blogs.hoy.es\/desdelacofa\/wp-json\/wp\/v2\/types\/post"}],"author":[{"embeddable":true,"href":"https:\/\/blogs.hoy.es\/desdelacofa\/wp-json\/wp\/v2\/users\/44"}],"replies":[{"embeddable":true,"href":"https:\/\/blogs.hoy.es\/desdelacofa\/wp-json\/wp\/v2\/comments?post=357"}],"version-history":[{"count":1,"href":"https:\/\/blogs.hoy.es\/desdelacofa\/wp-json\/wp\/v2\/posts\/357\/revisions"}],"predecessor-version":[{"id":358,"href":"https:\/\/blogs.hoy.es\/desdelacofa\/wp-json\/wp\/v2\/posts\/357\/revisions\/358"}],"wp:attachment":[{"href":"https:\/\/blogs.hoy.es\/desdelacofa\/wp-json\/wp\/v2\/media?parent=357"}],"wp:term":[{"taxonomy":"category","embeddable":true,"href":"https:\/\/blogs.hoy.es\/desdelacofa\/wp-json\/wp\/v2\/categories?post=357"},{"taxonomy":"post_tag","embeddable":true,"href":"https:\/\/blogs.hoy.es\/desdelacofa\/wp-json\/wp\/v2\/tags?post=357"}],"curies":[{"name":"wp","href":"https:\/\/api.w.org\/{rel}","templated":true}]}}