{"id":363,"date":"2018-10-18T15:32:06","date_gmt":"2018-10-18T15:32:06","guid":{"rendered":"http:\/\/blogs.hoy.es\/desdelacofa\/?p=363"},"modified":"2018-10-18T15:32:06","modified_gmt":"2018-10-18T15:32:06","slug":"plasencia-provincia-economico-comercial","status":"publish","type":"post","link":"https:\/\/blogs.hoy.es\/desdelacofa\/2018\/10\/18\/plasencia-provincia-economico-comercial\/","title":{"rendered":"PLASENCIA, PROVINCIA ECON\u00d3MICO-COMERCIAL"},"content":{"rendered":"<p><strong>PLASENCIA, PROVINCIA ECON\u00d3MICO-COMERCIAL <\/strong><\/p>\n<p><strong>\u00a0<\/strong><\/p>\n<p>Me acaba de entregar un buen amigo\u00a0 y compa\u00f1ero de \u201cPedro de Trejo\u201d, Francisco de Jes\u00fas Valverde Luengo \u00a0que dispone de\u00a0 un archivo documental importante\u00a0 del Norte de Extremadura y de Plasencia en particular, que repasando y ordenando su hemeroteca encuentra un art\u00edculo de un servidor, publicado en el Semanario placentino ya desaparecido \u201cNUEVA COMARCA\u201d, correspondiente al n\u00ba 19 de la semana del 8 al 15 de Enero 1998 y que aunque ha transcurrido mucho tiempo, sigue teniendo actualidad y por eso volvemos a reproducirlo en el Blog \u201cDesde la Cofa\u201d:<\/p>\n<p><strong>\u201c<\/strong>La Caja de Ahorros de Barcelona &lt;&lt;la Caixa&gt;&gt; acaba de editar por su servicio de estudios el &lt;&lt;anuario comercial de Espa\u00f1a 1997&gt;&gt;. En dicho estudio, considera a Plasencia y su zona de influencia como provincia econ\u00f3mico-comercial.<\/p>\n<p>Esta divisi\u00f3n no viene m\u00e1s que a confirmar la necesidad de complementar para esta zona norte\u00a0 de nuestra regi\u00f3n la otra divisi\u00f3n pol\u00edtico-administrativa que conlleve a la formaci\u00f3n de otra provincia que tanto beneficio aportar\u00eda a nuestra comunidad regional.<\/p>\n<p>De esta manera ayudar\u00edamos a cohesionar nuestra provincia m\u00e1s racionalmente a como est\u00e1 en la actualidad. Existen estudios por parte de la UEX concretamente por el profesor Mora Aliseda, Director del Departamento de Geograf\u00eda y Ordenaci\u00f3n del Territorio que avalan nuestra tesis de que nuestra regi\u00f3n se ver\u00eda muy beneficiada con la creaci\u00f3n de dos nuevas provincias, una en C\u00e1ceres y otra en Badajoz, que articular\u00edan y vertebrar\u00edan nuestra vasta regi\u00f3n.<\/p>\n<p>Con ello conseguir\u00edamos de manera inmediata y entre otros beneficios, el acercar la administraci\u00f3n al administrado, evitando con ello los grandes desplazamientos que tienen que realizar nuestros ciudadanos con los actuales centros, debido a la extensi\u00f3n territorial de las provincias, con el consiguiente agravio para el extreme\u00f1o con el resto de espa\u00f1oles que no tienen a mas de 50 Km., sus centros administrativos.<\/p>\n<p>Siempre nos han tachado de localistas cuando se habla de este tema, pero debemos\u00a0 de superar el complejo y si de verdad queremos a Extremadura y nos sentimos extreme\u00f1os debemos de tender a que nuestra regi\u00f3n prospere y se desarrolle lo m\u00e1s r\u00e1pido posible y ello pasa por una ordenaci\u00f3n del territorio distinta a la que tenemos.<\/p>\n<p>Econ\u00f3micamente, duplicar\u00edamos los ingresos procedentes del presupuesto del\u00a0 Estado y por lo tanto las inversiones y con ello a elevar nuestro nivel de vida. No deben de preocuparse nuestros ciudadanos de C\u00e1ceres y Badajoz, como si la nueva ordenaci\u00f3n fuese un perjuicio para ellos.<\/p>\n<p>Todo lo contrario, su desarrollo se ver\u00eda incrementado y su nivel de vida tambi\u00e9n, dado que el empuje econ\u00f3mico se ver\u00eda aumentado por el efecto &lt;&lt;locomotora&gt;&gt;, que realizar\u00edan\u00a0 las cuatro provincias\u00a0 en vez de las dos actuales al ser un territorio mucho menor y por tanto homog\u00e9neo con el resto de las provincias espa\u00f1olas.<\/p>\n<p>Los extreme\u00f1os, tenemos que quitarnos el miedo a esta ordenaci\u00f3n del territorio y debatirla sin temores, dado que ello nos aportar\u00e1 m\u00e1s beneficios que perjuicios.<\/p>\n<p>Por ello debemos de plante\u00e1rnoslo muy seriamente pues, en ello va nuestro futuro desarrollo regional si es que lo queremos.<\/p>\n<p>A nuestro entender y siguiendo los estudios de la Caixa y la ordenaci\u00f3n de la UEX, nuestra regi\u00f3n quedar\u00eda vertebrada en cuatro provincias que ordenadas de norte a sur ser\u00edan: Plasencia, C\u00e1ceres, Badajoz y Don Benito-Villanueva.<\/p>\n<p>Con una capital regional en M\u00e9rida, sede de la Junta de Extremadura y de la Delegaci\u00f3n del Gobierno Central.<strong>\u201d<\/strong><\/p>\n<p>Con esta ordenaci\u00f3n territorial nuestra Comunidad Aut\u00f3noma podr\u00eda alcanzar los est\u00e1ndares econ\u00f3micos que ya gozan en otras comunidades aut\u00f3nomas.<\/p>\n<!-- AddThis Advanced Settings generic via filter on the_content --><!-- AddThis Share Buttons generic via filter on the_content -->","protected":false},"excerpt":{"rendered":"<p>PLASENCIA, PROVINCIA ECON\u00d3MICO-COMERCIAL \u00a0 Me acaba de entregar un buen amigo\u00a0 y compa\u00f1ero de \u201cPedro de Trejo\u201d, Francisco de Jes\u00fas Valverde Luengo \u00a0que dispone de\u00a0 un archivo documental importante\u00a0 del Norte de Extremadura y de Plasencia en particular, que repasando y ordenando su hemeroteca encuentra un art\u00edculo de un servidor, publicado en el Semanario placentino [&hellip;]<!-- AddThis Advanced Settings generic via filter on get_the_excerpt --><!-- AddThis Share Buttons generic via filter on get_the_excerpt --><\/p>\n","protected":false},"author":44,"featured_media":0,"comment_status":"open","ping_status":"closed","sticky":false,"template":"","format":"standard","meta":[],"categories":[1],"tags":[1041,1042],"_links":{"self":[{"href":"https:\/\/blogs.hoy.es\/desdelacofa\/wp-json\/wp\/v2\/posts\/363"}],"collection":[{"href":"https:\/\/blogs.hoy.es\/desdelacofa\/wp-json\/wp\/v2\/posts"}],"about":[{"href":"https:\/\/blogs.hoy.es\/desdelacofa\/wp-json\/wp\/v2\/types\/post"}],"author":[{"embeddable":true,"href":"https:\/\/blogs.hoy.es\/desdelacofa\/wp-json\/wp\/v2\/users\/44"}],"replies":[{"embeddable":true,"href":"https:\/\/blogs.hoy.es\/desdelacofa\/wp-json\/wp\/v2\/comments?post=363"}],"version-history":[{"count":1,"href":"https:\/\/blogs.hoy.es\/desdelacofa\/wp-json\/wp\/v2\/posts\/363\/revisions"}],"predecessor-version":[{"id":364,"href":"https:\/\/blogs.hoy.es\/desdelacofa\/wp-json\/wp\/v2\/posts\/363\/revisions\/364"}],"wp:attachment":[{"href":"https:\/\/blogs.hoy.es\/desdelacofa\/wp-json\/wp\/v2\/media?parent=363"}],"wp:term":[{"taxonomy":"category","embeddable":true,"href":"https:\/\/blogs.hoy.es\/desdelacofa\/wp-json\/wp\/v2\/categories?post=363"},{"taxonomy":"post_tag","embeddable":true,"href":"https:\/\/blogs.hoy.es\/desdelacofa\/wp-json\/wp\/v2\/tags?post=363"}],"curies":[{"name":"wp","href":"https:\/\/api.w.org\/{rel}","templated":true}]}}