{"id":366,"date":"2018-11-19T17:45:20","date_gmt":"2018-11-19T17:45:20","guid":{"rendered":"http:\/\/blogs.hoy.es\/desdelacofa\/?p=366"},"modified":"2018-11-19T17:45:20","modified_gmt":"2018-11-19T17:45:20","slug":"el-tren-de-nunca-acabar","status":"publish","type":"post","link":"https:\/\/blogs.hoy.es\/desdelacofa\/2018\/11\/19\/el-tren-de-nunca-acabar\/","title":{"rendered":"EL TREN DE NUNCA ACABAR"},"content":{"rendered":"<p><strong>EL TREN DE NUNCA ACABAR <\/strong><\/p>\n<p>&nbsp;<\/p>\n<p>\u00daltimamente no pasa un d\u00eda sin que la prensa regional y las redes sociales, informen de algo referente a la indignidad del tren en Extremadura.<\/p>\n<p>El Partido Popular, convoc\u00f3 en solitario una concentraci\u00f3n en Madrid con resultado ya conocido. La Plataforma por un tren digno una manifestaci\u00f3n en C\u00e1ceres, con mayor participaci\u00f3n al no convocar Partido alguno, aunque si se sumaron a ella por eso de las elecciones pr\u00f3ximas.<\/p>\n<p>A la concentraci\u00f3n de Madrid, por supuesto que se apunt\u00f3 el Alcalde de Plasencia, por eso del Partido y por si le dejan presentarse una legislatura m\u00e1s que es lo que le gusta. Lo del tren es una an\u00e9cdota. F\u00edjense si es an\u00e9cdota que no quiere hacer p\u00fablico el tipo de conexi\u00f3n ferroviaria que unir\u00e1 la Estaci\u00f3n ferroviaria de Plasencia con la plataforma AVE. Tanto es as\u00ed que mantiene en silencio dicho proyecto por incapacidad manifiesta para defender su modificaci\u00f3n dado que el que proyecta ADIF, queda a la Ciudad aislada del corredor ferroviario.<\/p>\n<p>La mentira may\u00fascula que traslad\u00f3 a los placentinos\u00a0 de que\u00a0 hab\u00eda conseguido gracias a su gesti\u00f3n mantener la Estaci\u00f3n\u00a0 del AVE en su Estaci\u00f3n actual. Ojala me equivoque pero seg\u00fan el proyecto de ADIF ser\u00e1 solo una estaci\u00f3n de cercan\u00edas porque para largo recorrido tendremos que coger el tren en Monfrag\u00fce si la dejan como estaci\u00f3n o el Apeadero\u00a0 que ADIF ha dise\u00f1ado para\u00a0 Plasencia en Retortillo.<\/p>\n<p>Ya me dir\u00e1n Vds., si no es vergonzoso que est\u00e9 defendiendo un tren digno y que la Ciudad de la que es Alcalde, se quede aislada.<\/p>\n<p>De todo ello me malicio por la negativa de informar la verdad a los placentinos de las conexiones de la Estaci\u00f3n\u00a0 con el corredor; teniendo en cuenta que se encuentra en fondo de saco. Los placentinos nos preguntamos: \u00bfPasaran todos los trenes por Plasencia? \u00bfTendremos que ir a coger el tren los placentinos a Retortillo o Monfrag\u00fce? El silencio a estas preguntas del Regidor municipal lo dice todo. El enga\u00f1o\u00a0 a\u00a0 la ciudadan\u00eda, dici\u00e9ndoles que la Estaci\u00f3n actual ser\u00eda la del AVE, es de nota. Tiempo al tiempo para comprobarlo.<\/p>\n<p>Estando ultimando este Blog, los Diputados nacionales del PSOE que representan a la provincia, hacen unas declaraciones al respecto, descubriendo el enga\u00f1o del Alcalde y del PP cuando gobernaba. Ahora con los t\u00e9cnicos de ADIF, tendr\u00e1n que hacer las modificaciones\u00a0 correspondientes para la\u00a0 ubicaci\u00f3n de la Estaci\u00f3n placentina que estar\u00eda situada en Fuentidue\u00f1as y en donde entrar\u00edan todos los trenes, adem\u00e1s de acondicionar un espacio log\u00edstico para el tr\u00e1fico de mercanc\u00edas. Es decir, si esta modificaci\u00f3n progresa y que ser\u00eda lo m\u00e1s aceptable para Plasencia, volver\u00edamos al principio desde que se proyecto la plataforma y llegar\u00edamos a tiempo de integrar a Plasencia en el corredor ferroviario Madrid-Lisboa.<\/p>\n<p>&nbsp;<\/p>\n<p>&nbsp;<\/p>\n<p>Pero no queda ah\u00ed solo la incompetencia del Alcalde de Plasencia, tampoco ha hecho ni impulsado nada para la conexi\u00f3n\u00a0 con Salamanca (ruta de la Plata). Se march\u00f3 a Madrid y C\u00e1ceres a reivindicar un tren digno y se olvida \u00e9l y su partido de reivindicar la reapertura del otro corredor ferroviario que tanto ayudar\u00eda al desarrollo econ\u00f3mico y social de Plasencia y del Norte de Extremadura\u00a0 quedando\u00a0 vertebrada\u00a0\u00a0 la regi\u00f3n de Norte a Sur, al unir Plasencia con Salamanca por la ruta de la Plata ferroviaria.<\/p>\n<p>Muy poco se le ha o\u00eddo reivindicar, impulsar este corredor cuando Monago gobernaba en Extremadura y Rajoy en Madrid. Muy amigo del Ministro de Fomento <u>\u00ad<\/u>de la Serna con el que\u00a0 hablaba frecuentemente seg\u00fan informaba a los periodistas, cuando\u00a0 presidia la Federaci\u00f3n Espa\u00f1ola de Municipios y Provincias el Ministro y el Alcalde la Regional. De nada sirvi\u00f3, pues no impuls\u00f3 nada la reapertura de este corredor.<\/p>\n<p>Por tanto la herencia que llevamos en sus ocho a\u00f1os de gobierno municipal, es que no ha reivindicado la reapertura de la l\u00ednea ferroviaria ruta de la Plata y tampoco ha hecho nada para que el tren de altas prestaciones tenga parada en Plasencia. Vamos que se est\u00e1 luciendo para su pr\u00f3xima legislatura al sacrificarse por su Ciudad. Menos sacrificios y m\u00e1s gestiones ante ADIF para que modifique su proyecto de conexi\u00f3n con la plataforma AVE.<\/p>\n<p>Pero, si lo que quiere para Plasencia su Alcalde es que sigamos aislados ferroviariamente, pues adelante son su silencio, cortinas de humo y poca transparencia en decirles la verdad a los placentinos. Seguro que cuando los trenes circulen por la plataforma y no paren en Plasencia, buscar\u00e1 una justificaci\u00f3n para echar la culpa a otros.<\/p>\n<!-- AddThis Advanced Settings generic via filter on the_content --><!-- AddThis Share Buttons generic via filter on the_content -->","protected":false},"excerpt":{"rendered":"<p>EL TREN DE NUNCA ACABAR &nbsp; \u00daltimamente no pasa un d\u00eda sin que la prensa regional y las redes sociales, informen de algo referente a la indignidad del tren en Extremadura. El Partido Popular, convoc\u00f3 en solitario una concentraci\u00f3n en Madrid con resultado ya conocido. La Plataforma por un tren digno una manifestaci\u00f3n en C\u00e1ceres, [&hellip;]<!-- AddThis Advanced Settings generic via filter on get_the_excerpt --><!-- AddThis Share Buttons generic via filter on get_the_excerpt --><\/p>\n","protected":false},"author":44,"featured_media":0,"comment_status":"open","ping_status":"closed","sticky":false,"template":"","format":"standard","meta":[],"categories":[1],"tags":[1043,1045,1039,1044,774],"_links":{"self":[{"href":"https:\/\/blogs.hoy.es\/desdelacofa\/wp-json\/wp\/v2\/posts\/366"}],"collection":[{"href":"https:\/\/blogs.hoy.es\/desdelacofa\/wp-json\/wp\/v2\/posts"}],"about":[{"href":"https:\/\/blogs.hoy.es\/desdelacofa\/wp-json\/wp\/v2\/types\/post"}],"author":[{"embeddable":true,"href":"https:\/\/blogs.hoy.es\/desdelacofa\/wp-json\/wp\/v2\/users\/44"}],"replies":[{"embeddable":true,"href":"https:\/\/blogs.hoy.es\/desdelacofa\/wp-json\/wp\/v2\/comments?post=366"}],"version-history":[{"count":1,"href":"https:\/\/blogs.hoy.es\/desdelacofa\/wp-json\/wp\/v2\/posts\/366\/revisions"}],"predecessor-version":[{"id":367,"href":"https:\/\/blogs.hoy.es\/desdelacofa\/wp-json\/wp\/v2\/posts\/366\/revisions\/367"}],"wp:attachment":[{"href":"https:\/\/blogs.hoy.es\/desdelacofa\/wp-json\/wp\/v2\/media?parent=366"}],"wp:term":[{"taxonomy":"category","embeddable":true,"href":"https:\/\/blogs.hoy.es\/desdelacofa\/wp-json\/wp\/v2\/categories?post=366"},{"taxonomy":"post_tag","embeddable":true,"href":"https:\/\/blogs.hoy.es\/desdelacofa\/wp-json\/wp\/v2\/tags?post=366"}],"curies":[{"name":"wp","href":"https:\/\/api.w.org\/{rel}","templated":true}]}}