{"id":369,"date":"2019-02-25T16:43:47","date_gmt":"2019-02-25T16:43:47","guid":{"rendered":"http:\/\/blogs.hoy.es\/desdelacofa\/?p=369"},"modified":"2019-02-25T16:43:47","modified_gmt":"2019-02-25T16:43:47","slug":"nueva-ocurrencia-mediatica-del-alcalde-de-plasencia","status":"publish","type":"post","link":"https:\/\/blogs.hoy.es\/desdelacofa\/2019\/02\/25\/nueva-ocurrencia-mediatica-del-alcalde-de-plasencia\/","title":{"rendered":"NUEVA OCURRENCIA MEDI\u00c1TICA DEL ALCALDE DE PLASENCIA"},"content":{"rendered":"<p><strong>NUEVA\u00a0 OCURRENCIA\u00a0 MEDI\u00c1TICA\u00a0 DEL\u00a0\u00a0 ALCALDE\u00a0\u00a0 DE\u00a0\u00a0 PLASENCIA. <\/strong><\/p>\n<p>&nbsp;<\/p>\n<p><strong>*Pide a la Uni\u00f3n Europea fondos para reparar las sendas peatonales que se inundan por su mal drenaje de los Parques placentinos. <\/strong><\/p>\n<p><strong>*A este pol\u00edtico tan populista, le nacen ideas y ocurrencias de cara a su acci\u00f3n medi\u00e1tica cuando se avecinan elecciones.<\/strong><\/p>\n<p><strong>*Esta es la consecuencia de no haber hecho nada ni impulsado nada de inter\u00e9s para hacer Ciudad en sus dos legislaturas de gobierno.<\/strong><\/p>\n<p><strong>*Si en dos legislaturas no impuls\u00f3 nada \u00bfque podr\u00e1 impulsar en una tercera legislatura? <\/strong><\/p>\n<p>&nbsp;<\/p>\n<p>&nbsp;<\/p>\n<p>Que no se diga que no es una ocurrencia medi\u00e1tica justificativa de su incompetencia manifiesta para poder reparar lo que es un simple drenaje de las sendas peatonales en los Parques de El Cach\u00f3n, La Isla y Parque de los Arcos (Gabriel y Gal\u00e1n y Calixto Payan y Vargas).<\/p>\n<p>Esto es: Un simple drenaje en aquellas zonas de los Parques que lo necesitan, hay que pedir fondos\u00a0 a la Uni\u00f3n Europea (UE). Charcos que se forman cuando llueve y por el sistema de riego. No me digan\u00a0 que no es una ocurrencia. Vamos que la Brigada de Obras del Ayuntamiento de Plasencia, junto con sus Arquitectos y Arquitectos T\u00e9cnicos, no son suficientes\u00a0 para dar una sencilla soluci\u00f3n al drenaje y haya que pedir soluci\u00f3n a Europa. \u00bfY los t\u00e9cnicos europeos que dir\u00e1n ante esta petici\u00f3n? \u00bfSe sorprender\u00e1n?<\/p>\n<p>Mire Alcalde, hasta yo sin haberme dedicado a estos menesteres en mi vida profesional, le podr\u00eda dar una sencilla soluci\u00f3n y adem\u00e1s poco costosa al problema del drenaje en los Parques de Plasencia.<\/p>\n<p>Simplemente abriendo una caja con una ligera inclinaci\u00f3n en el suelo de la senda peatonal, rellenar con grava y encima arena. Pero para ser m\u00e1s riguroso tanto a los Arquitectos Municipales\u00a0 como a los Arquitectos T\u00e9cnicos como a los operarios de la Brigada de Obras, le podr\u00e1n dar una soluci\u00f3n t\u00e9cnicamente m\u00e1s cualificada que la m\u00eda y no muy costosa.<\/p>\n<p>No se en Bruselas quien recepcionar\u00e1\u00a0\u00a0 esta petici\u00f3n tan ocurrente del Alcalde placentino. Pero que Europa facilite fondos para esta ocurrencia medi\u00e1tica, es para mondarse por no decir que con el dinero p\u00fablico hay que saber en donde se invierte y para qu\u00e9. Este dinero tambi\u00e9n lo pone Espa\u00f1a y por tanto los espa\u00f1oles.<\/p>\n<p>La verdad, es que la ocurrencia alcaldil no tiene nombre. Pero lo ha dicho y los medios lo han publicado. Por tanto queda dicho. El que se lleve a cabo o no, es otro cantar.<\/p>\n<p>Como para este Alcalde populista donde los haya, solo le interesa el impacto medi\u00e1tico en la prensa de un d\u00eda, la foto y el\u00a0 texto impactante en redes sociales, con todo ello ya se da por satisfecho y a otra cosa mariposa.<\/p>\n<p>Se acuerdan de la ocurrencia del albero en el Parque de la Cruz de los Ca\u00eddos\/La Rana. Cuantas cr\u00edticas recibi\u00f3, anunci\u00e1ndole que el albero no servir\u00eda. Pues como a \u00e9l no se le puede desdecir\u00a0 porque te marca y deja de hablarte. \u00c9l gobierna desp\u00f3ticamente y arbitrariamente. Si, le gusta gobernar\u00a0 as\u00ed. Se empe\u00f1\u00f3, se gast\u00f3 el dinero p\u00fablico y en menos de un a\u00f1o tuvo que cambiar el albero porque el viento lo trasladaba\u00a0 a la Avenida Juan Carlos I, coloreando la Avenida de amarillo\u00a0 y solucion\u00e1ndolo con arena normal, lo que no quiso hacer y le recomendaron. Eso s\u00ed, doble gasto y la culpa fue de los T\u00e9cnicos. \u00c9l nunca es responsable de nada.<\/p>\n<p>En cambio el reponer las l\u00e1mparas fundidas en esos Parques, eso ya es otro cantar. Por ejemplo el de los Arcos, lleva a\u00f1os en penumbra y es incapaz de darle soluci\u00f3n. Mire, tambi\u00e9n puede pedir fondos europeos para cambiar luminarias fundidas. \u00bfLe gusta la idea? Ah\u00ed tiene otra ocurrencia medi\u00e1tica.<\/p>\n<!-- AddThis Advanced Settings generic via filter on the_content --><!-- AddThis Share Buttons generic via filter on the_content -->","protected":false},"excerpt":{"rendered":"<p>NUEVA\u00a0 OCURRENCIA\u00a0 MEDI\u00c1TICA\u00a0 DEL\u00a0\u00a0 ALCALDE\u00a0\u00a0 DE\u00a0\u00a0 PLASENCIA. &nbsp; *Pide a la Uni\u00f3n Europea fondos para reparar las sendas peatonales que se inundan por su mal drenaje de los Parques placentinos. *A este pol\u00edtico tan populista, le nacen ideas y ocurrencias de cara a su acci\u00f3n medi\u00e1tica cuando se avecinan elecciones. *Esta es la consecuencia de [&hellip;]<!-- AddThis Advanced Settings generic via filter on get_the_excerpt --><!-- AddThis Share Buttons generic via filter on get_the_excerpt --><\/p>\n","protected":false},"author":44,"featured_media":0,"comment_status":"open","ping_status":"closed","sticky":false,"template":"","format":"standard","meta":[],"categories":[1],"tags":[1047,1046,1049,1050,1048,703],"_links":{"self":[{"href":"https:\/\/blogs.hoy.es\/desdelacofa\/wp-json\/wp\/v2\/posts\/369"}],"collection":[{"href":"https:\/\/blogs.hoy.es\/desdelacofa\/wp-json\/wp\/v2\/posts"}],"about":[{"href":"https:\/\/blogs.hoy.es\/desdelacofa\/wp-json\/wp\/v2\/types\/post"}],"author":[{"embeddable":true,"href":"https:\/\/blogs.hoy.es\/desdelacofa\/wp-json\/wp\/v2\/users\/44"}],"replies":[{"embeddable":true,"href":"https:\/\/blogs.hoy.es\/desdelacofa\/wp-json\/wp\/v2\/comments?post=369"}],"version-history":[{"count":1,"href":"https:\/\/blogs.hoy.es\/desdelacofa\/wp-json\/wp\/v2\/posts\/369\/revisions"}],"predecessor-version":[{"id":370,"href":"https:\/\/blogs.hoy.es\/desdelacofa\/wp-json\/wp\/v2\/posts\/369\/revisions\/370"}],"wp:attachment":[{"href":"https:\/\/blogs.hoy.es\/desdelacofa\/wp-json\/wp\/v2\/media?parent=369"}],"wp:term":[{"taxonomy":"category","embeddable":true,"href":"https:\/\/blogs.hoy.es\/desdelacofa\/wp-json\/wp\/v2\/categories?post=369"},{"taxonomy":"post_tag","embeddable":true,"href":"https:\/\/blogs.hoy.es\/desdelacofa\/wp-json\/wp\/v2\/tags?post=369"}],"curies":[{"name":"wp","href":"https:\/\/api.w.org\/{rel}","templated":true}]}}