{"id":371,"date":"2019-03-10T18:54:02","date_gmt":"2019-03-10T18:54:02","guid":{"rendered":"http:\/\/blogs.hoy.es\/desdelacofa\/?p=371"},"modified":"2019-03-10T18:54:02","modified_gmt":"2019-03-10T18:54:02","slug":"lamentable-situacion-del-complejo-hospitalario-de-plasencia-y-su-area-de-salud","status":"publish","type":"post","link":"https:\/\/blogs.hoy.es\/desdelacofa\/2019\/03\/10\/lamentable-situacion-del-complejo-hospitalario-de-plasencia-y-su-area-de-salud\/","title":{"rendered":"LAMENTABLE SITUACI\u00d3N DEL COMPLEJO HOSPITALARIO DE PLASENCIA Y SU \u00c1REA DE SALUD"},"content":{"rendered":"<p><strong>LAMENTABLE\u00a0 SITUACI\u00d3N DEL COMPLEJO HOSPITALARIO DE PLASENCIA Y SU \u00c1REA DE SALUD\u00a0 <\/strong><\/p>\n<p>&nbsp;<\/p>\n<p><strong>*La mayor parte de los Servicios est\u00e1n diezmados por falta de facultativos.<\/strong><\/p>\n<p><strong>*Las citas a Consultas externas, retrasadas en muchos d\u00edas.<\/strong><\/p>\n<p><strong>*Quir\u00f3fanos cerrados.<\/strong><\/p>\n<p><strong>*Obras programadas dilatadas en el tiempo.<\/strong><\/p>\n<p><strong>*Muchos pol\u00edticos dirigiendo el \u00c1rea de Salud sin conocimientos t\u00e9cnicos y sin escuchar a los facultativos las propuestas de soluci\u00f3n.<\/strong><\/p>\n<p><strong>\u00a0<\/strong><\/p>\n<p>&nbsp;<\/p>\n<p>Ha llegado lo que ten\u00eda que llegar por el abandono de los recursos humanos y materiales llevado a cabo por los gobiernos de Monago y Vara. Tanto monta. El sectarismo y localismo acendrado de ambos gobiernos desatendiendo los recursos sanitarios, han llevado a este Hospital y su \u00c1rea de Salud a un deficiente servicios para perjuicio de los ciudadanos. Hay una desigualdad de atenci\u00f3n a los pacientes extreme\u00f1os seg\u00fan el \u00e1rea de salud que se trate. Es decir, no hay igualdad de condiciones a las que se prestan en otras \u00e1reas de salud de Extremadura.<\/p>\n<p>Tampoco el alcalde de Plasencia, F. Pizarro Garc\u00eda, ha impulsado durante sus dos legislaturas de gobierno nada que haya podido potenciar esta infraestructura sanitaria, ni tampoco denunciar las graves deficiencias que se han estado acumulando. Ninguna iniciativa ha tenido.<\/p>\n<p>Ahora y como hace siempre el Alcalde, para justificarse, convoca algunas reuniones con sindicatos y dice que ha escrito una \u201ccartita\u201d al Consejero. Pero no le pide mejoras sustanciales como es reclasificar el Hospital a General Universitario y dejar de ser Comarcal, para ser referente Hospitalario del Norte de Extremadura. No. Solo escribe la cartita para que le informe de las vacantes y de la huida de facultativos. Tambi\u00e9n se presta para hacerse la foto con Monago en la puerta del Hospital para prometer lo que no cumpli\u00f3 y seguir siendo Comarcal que no es la soluci\u00f3n.<\/p>\n<p>&nbsp;<\/p>\n<p>&nbsp;<\/p>\n<p>Ni en su programa para la Ciudad, ha llevado nunca la reclasificaci\u00f3n del Hospital ni ha impulsado nunca. Su m\u00e1xima preocupaci\u00f3n ha sido el quedar bien en las fotos, ponerse un sin f\u00edn de pulseritas, abrazos y besos a sus palmeros agradecidos y regalar decenas de cajas de sardinas en carnaval a las asociaciones vecinales para gloria y palmas aseguradas.<\/p>\n<p>Pero mover lo que se dice mover un dedo para que el Hospital de su Ciudad se le potencie y reclasifique, nada de nada.<\/p>\n<p>Por lo tanto, que no apunte al carro porque no ha hecho nada en sus dos legislaturas de gobierno. No le ha preocupado el hacer Ciudad como hubiese sido el liderar esta reivindicaci\u00f3n no solo de Plasencia, sino del Norte de Extremadura. Por tanto, que no venga ahora a enga\u00f1ar a los ciudadanos haciendo que hace algo.<\/p>\n<p>Efectivamente, la reuni\u00f3n mantenida la semana pasada del Gerente del Servicio Extreme\u00f1o de Salud con los facultativos y Jefes de Servicio del Hospital, en el Colegio de M\u00e9dicos de Plasencia, ha sido el broche necesario y profesional y con el rigor necesario para decirle al Gerente del SES; porque el Consejero no se ha atrevido a dar la cara, y decirle en esta reuni\u00f3n, de que como est\u00e1 el Hospital actualmente, le llevar\u00eda a un continuo cierre de Servicios. M\u00e1s claro no se lo han podido decir. Hasta el punto que el propio Gerente, ha tenido que reconocer que con la actual clasificaci\u00f3n de Comarcal no pod\u00eda continuar. La gesti\u00f3n sectaria y localista llevada por los gobiernos de Monago y Vara, llevan a este continuo deterioro con el perjuicio consiguiente a los pacientes.<\/p>\n<p>Por fin,\u00a0 los Facultativos y no los pol\u00edticos metidos a gesti\u00f3n sanitaria le han dicho que Plasencia no puede seguir teniendo un Hospital Comarcal si quiere que los m\u00e9dicos se mantengan en el tiempo trabajando en el mismo y sigan creciendo en su carrera profesional y consecuentemente se le dote de docencia.<\/p>\n<p>La Ciudad dada su situaci\u00f3n estrat\u00e9gica y siendo la Capital del Norte de Extremadura y donde reside la mayor parte de la poblaci\u00f3n de la provincia (derecha del Tajo), tiene que dot\u00e1rsela de un Hospital General Universitario y que sea el referente para todo el Norte de Extremadura.<\/p>\n<p>Con esta reclasificaci\u00f3n, se fijar\u00eda mejor la permanencia de facultativos y de todas las Especialidades sanitarias y que junto con un incremento de la docencia (MIR), se conseguir\u00edan los objetivos necesarios y suficientes para un mejor servicio al ciudadano.<\/p>\n<p>Es la primera vez que el Gerente del SES, acepta una realidad reclamada a voces por los ciudadanos y silenciada por los pol\u00edticos que no han querido escuchar\u00a0 por su acendrado localismo a focalizar todo en Badajoz. Y da igual quien haya gobernado<\/p>\n<p>&nbsp;<\/p>\n<p>(PSOE Y PP), han sido localistas ambos. No han tenido en cuenta que el Norte de Extremadura, es un territorio tan extenso o m\u00e1s que muchas provincias espa\u00f1olas. No se puede discriminar a la poblaci\u00f3n seg\u00fan viva en un territorio u otro de la Regi\u00f3n. La Autonom\u00eda se consigui\u00f3 para descentralizar servicios y no solo los sanitarios, tambi\u00e9n los administrativos.<\/p>\n<p>Otro factor a considerar es el poblacional. Actualmente el mayor n\u00famero de habitantes de la provincia residen al Norte del Tajo y eso hay que valorarlo y tenerlo en cuenta. No podemos estar estancados en 1833 cuando se cre\u00f3 la provincia y todo hab\u00eda que concentrarlo en la capital y as\u00ed llenarla de contenido. La extensi\u00f3n territorial, las comunicaciones y sobre todo la poblaci\u00f3n son factores determinantes en la propuesta de los m\u00e9dicos.<\/p>\n<p>&nbsp;<\/p>\n<p>Todos los espa\u00f1oles y por tanto todos los extreme\u00f1os, tenemos el mismo derecho a ser atendido en un Hospital y a una distancia prudencial (lo recomienda la OMS). Si el SES, no es capaz de racionalizar a si este importante servicio, que devuelva la competencia\u00a0 de sanidad al Gobierno Central.<\/p>\n<p>Este ejemplo nos puede ayudar a confirmar lo que se est\u00e1 denunciando: El propietario de ZARA, regala a Extremadura cuatro aceleradores de part\u00edculas. Pues bien, el Consejero con\u00a0 mentalidad localista empieza a instalarlos primero en Badajoz, despu\u00e9s\u00a0 ser\u00e1 en C\u00e1ceres, continuara en M\u00e9rida y finalmente en Plasencia. \u00bfSe puede sostener este criterio? \u00bfNo ser\u00eda m\u00e1s sensato\u00a0 estudiar qu\u00e9 zona de la regi\u00f3n tiene m\u00e1s necesidad? Pues no, prevalece el localismo capitalino y trasnochado. Extremadura es solo una e igual para todos los extreme\u00f1os.<\/p>\n<p>Todo esto ha venido a romper con claridad meridiana la exposici\u00f3n de la situaci\u00f3n hospitalaria en Plasencia\u00a0 que han hecho\u00a0 los facultativos y Jefes de Servicio con el Gerente del SES.<\/p>\n<p>Ahora nos queda la duda,\u00a0 si el Gobierno de Extremadura aceptar\u00e1 la propuesta de reclasificaci\u00f3n de este Hospital o continuar\u00e1 prometiendo y prometiendo nuevas obras y menos habitaciones\u00a0 sanitarias que cuando se inaugur\u00f3.<\/p>\n<p>Si no lo hace, tendr\u00e1n tanto los pol\u00edticos del PSOE y PP a los ciudadanos en contra y les pasaran cuenta en las inminentes elecciones. El pueblo llano del Norte de Extremadura est\u00e1 harto de tanta mentira de los pol\u00edticos con promesas que no cumplen y de su poca preocupaci\u00f3n con los problemas que padecen los ciudadanos. La sanidad es un problema muy grave porque afecta a la calidad de vida de las personas y con la salud no se juega Sr. Vara, Sr. Monago.<\/p>\n<!-- AddThis Advanced Settings generic via filter on the_content --><!-- AddThis Share Buttons generic via filter on the_content -->","protected":false},"excerpt":{"rendered":"<p>LAMENTABLE\u00a0 SITUACI\u00d3N DEL COMPLEJO HOSPITALARIO DE PLASENCIA Y SU \u00c1REA DE SALUD\u00a0 &nbsp; *La mayor parte de los Servicios est\u00e1n diezmados por falta de facultativos. *Las citas a Consultas externas, retrasadas en muchos d\u00edas. *Quir\u00f3fanos cerrados. *Obras programadas dilatadas en el tiempo. *Muchos pol\u00edticos dirigiendo el \u00c1rea de Salud sin conocimientos t\u00e9cnicos y sin escuchar [&hellip;]<!-- AddThis Advanced Settings generic via filter on get_the_excerpt --><!-- AddThis Share Buttons generic via filter on get_the_excerpt --><\/p>\n","protected":false},"author":44,"featured_media":0,"comment_status":"open","ping_status":"closed","sticky":false,"template":"","format":"standard","meta":[],"categories":[1],"tags":[1051,1056,1052,1053,1057,1055,1058,1054],"_links":{"self":[{"href":"https:\/\/blogs.hoy.es\/desdelacofa\/wp-json\/wp\/v2\/posts\/371"}],"collection":[{"href":"https:\/\/blogs.hoy.es\/desdelacofa\/wp-json\/wp\/v2\/posts"}],"about":[{"href":"https:\/\/blogs.hoy.es\/desdelacofa\/wp-json\/wp\/v2\/types\/post"}],"author":[{"embeddable":true,"href":"https:\/\/blogs.hoy.es\/desdelacofa\/wp-json\/wp\/v2\/users\/44"}],"replies":[{"embeddable":true,"href":"https:\/\/blogs.hoy.es\/desdelacofa\/wp-json\/wp\/v2\/comments?post=371"}],"version-history":[{"count":1,"href":"https:\/\/blogs.hoy.es\/desdelacofa\/wp-json\/wp\/v2\/posts\/371\/revisions"}],"predecessor-version":[{"id":372,"href":"https:\/\/blogs.hoy.es\/desdelacofa\/wp-json\/wp\/v2\/posts\/371\/revisions\/372"}],"wp:attachment":[{"href":"https:\/\/blogs.hoy.es\/desdelacofa\/wp-json\/wp\/v2\/media?parent=371"}],"wp:term":[{"taxonomy":"category","embeddable":true,"href":"https:\/\/blogs.hoy.es\/desdelacofa\/wp-json\/wp\/v2\/categories?post=371"},{"taxonomy":"post_tag","embeddable":true,"href":"https:\/\/blogs.hoy.es\/desdelacofa\/wp-json\/wp\/v2\/tags?post=371"}],"curies":[{"name":"wp","href":"https:\/\/api.w.org\/{rel}","templated":true}]}}