{"id":377,"date":"2019-05-12T12:27:30","date_gmt":"2019-05-12T12:27:30","guid":{"rendered":"http:\/\/blogs.hoy.es\/desdelacofa\/?p=377"},"modified":"2019-05-12T12:27:30","modified_gmt":"2019-05-12T12:27:30","slug":"el-partido-popular-en-plasencia-sigue-perdiendo-votos","status":"publish","type":"post","link":"https:\/\/blogs.hoy.es\/desdelacofa\/2019\/05\/12\/el-partido-popular-en-plasencia-sigue-perdiendo-votos\/","title":{"rendered":"EL PARTIDO POPULAR EN PLASENCIA SIGUE PERDIENDO VOTOS"},"content":{"rendered":"<p><strong>EL PARTIDO POPULAR EN PLASENCIA SIGUE PERDIENDO VOTOS <\/strong><\/p>\n<p><strong>\u00a0<\/strong><\/p>\n<p><strong>\u00a0<\/strong><\/p>\n<p><strong>*Resultado de la \u00faltimas generales:<\/strong><\/p>\n<p><strong>\u00a0PP: 5.196.<\/strong><\/p>\n<p><strong>\u00a0C\u00b4s : 4.564.<\/strong><\/p>\n<p><strong>\u00a0VOX: 2471.<\/strong><\/p>\n<p><strong>*El distrito Centro, sigue perdiendo votantes del PP.<\/strong><\/p>\n<p><strong>*La manipulaci\u00f3n con asociaciones de todo tipo, es manifiesta.<\/strong><\/p>\n<p><strong>\u00a0<\/strong><\/p>\n<p>Los resultados electorales del pasado 28 de Abril, siguen confirmando la\u00a0 p\u00e9rdidas de votos del PP en la Capital placentina. Algo tendr\u00e1 que ver la gesti\u00f3n pol\u00edtica del Alcalde F. Pizarro Garc\u00eda y Presidente local del partido.<\/p>\n<p>Aqu\u00ed no hay cocina que valga, los datos son los datos y las urnas no mienten. El PP ha descendido en la Ciudad en 3.409 votantes. Esta p\u00e9rdida de votos coincide con la segunda legislatura de F. Pizarro Garc\u00eda. Me dir\u00e1n que no son\u00a0 extrapolable estos n\u00fameros con las municipales. Posiblemente, pero s\u00ed nos marca una tendencia si comparamos con las anteriores.<\/p>\n<p>Es verdad que la suma\u00a0\u00a0 de\u00a0 Ciudadanos y VOX juntos suman 7.035 votos, diferencia significativa con los sacados por el PP, que han sido de 5.196 votantes. Algo tendr\u00e1 que ver el populismo\u00a0 marcado en el mandato de su Presidente y Alcalde.<\/p>\n<p>Solo la sangr\u00eda que est\u00e1 teniendo en el Distrito Centro, es significativa y sin que su tendencia a la baja haya sido frenada. Ha sido este Distrito siempre el nicho de votos m\u00e1s numeroso de los populares. Algo tendr\u00e1 que ver la pol\u00edtica de rechazo y abandono que est\u00e1 teniendo el Alcalde de Plasencia, con los vecinos y comerciantes del Centro. El Centro se vac\u00eda y no est\u00e1 siendo un centro vivo.<\/p>\n<p>En un sistema democr\u00e1tico, no se puede estar gobernando de espalda a sus vecinos. No los quiere escuchar y adem\u00e1s ellos no se dejan manipular por un pol\u00edtico, al que solo le gusta que le aplaudan y le r\u00edan la gracia. Es decir, un pol\u00edtico autoritario acostumbrado en hacer lo que \u00e9l quiere. Los ciudadanos de manera democr\u00e1tica le est\u00e1n pasando factura. Muy poco a poco, es verdad. Todav\u00eda manipula a un gran n\u00famero de asociaciones de todo tipo y maneja a su placer las TV y Radios locales, para lanzar sus soflamas, siempre con tintes enga\u00f1osos pero que hay personas que\u00a0 les gusta. Bueno, en principio les gusta, luego se dan cuenta que les ha mentido y no ha hecho nada de lo que dec\u00eda o\u00a0 no dio soluci\u00f3n a algunos de sus problemas.<\/p>\n<p>No soy adivino, ni dispongo de datos de sondeos demosc\u00f3picos pero la realidad es tozuda y el desgaste pol\u00edtico que est\u00e1 sufriendo el PP en Plasencia, es significativo. Su propio Secretario Regional, Fernando Manzano, lo pon\u00eda sobre la mesa, \u201dtenemos que trasladar el mensaje de manera correcta e ilusionar a la gente\u201d. Todo lo contrario de lo que est\u00e1 haciendo el Alcalde de Plasencia, con sus votantes. El propio F. Pizarro Garc\u00eda, dec\u00eda que: \u201clos populares debemos reflexionar sobre la fragmentaci\u00f3n del voto de centro-derecha\u201d. Pues poco reflexiona cuando en su Ciudad, ya le superan en n\u00famero.<\/p>\n<p>Veremos si la tendencia se mantiene. Pero al d\u00eda de hoy, es lo que hay. Luego nos dir\u00e1n si son galgos o podencos. Si es culpa de Rajoy o Pizarro. La realidad num\u00e9rica salida de las urnas hace menos de un mes, ha demostrado que los votantes de Ciudadanos y VOX, han superado en votos al PP de Plasencia.<\/p>\n<!-- AddThis Advanced Settings generic via filter on the_content --><!-- AddThis Share Buttons generic via filter on the_content -->","protected":false},"excerpt":{"rendered":"<p>EL PARTIDO POPULAR EN PLASENCIA SIGUE PERDIENDO VOTOS \u00a0 \u00a0 *Resultado de la \u00faltimas generales: \u00a0PP: 5.196. \u00a0C\u00b4s : 4.564. \u00a0VOX: 2471. *El distrito Centro, sigue perdiendo votantes del PP. *La manipulaci\u00f3n con asociaciones de todo tipo, es manifiesta. \u00a0 Los resultados electorales del pasado 28 de Abril, siguen confirmando la\u00a0 p\u00e9rdidas de votos del [&hellip;]<!-- AddThis Advanced Settings generic via filter on get_the_excerpt --><!-- AddThis Share Buttons generic via filter on get_the_excerpt --><\/p>\n","protected":false},"author":44,"featured_media":0,"comment_status":"open","ping_status":"closed","sticky":false,"template":"","format":"standard","meta":[],"categories":[1],"tags":[1061,1059,1060,1062],"_links":{"self":[{"href":"https:\/\/blogs.hoy.es\/desdelacofa\/wp-json\/wp\/v2\/posts\/377"}],"collection":[{"href":"https:\/\/blogs.hoy.es\/desdelacofa\/wp-json\/wp\/v2\/posts"}],"about":[{"href":"https:\/\/blogs.hoy.es\/desdelacofa\/wp-json\/wp\/v2\/types\/post"}],"author":[{"embeddable":true,"href":"https:\/\/blogs.hoy.es\/desdelacofa\/wp-json\/wp\/v2\/users\/44"}],"replies":[{"embeddable":true,"href":"https:\/\/blogs.hoy.es\/desdelacofa\/wp-json\/wp\/v2\/comments?post=377"}],"version-history":[{"count":1,"href":"https:\/\/blogs.hoy.es\/desdelacofa\/wp-json\/wp\/v2\/posts\/377\/revisions"}],"predecessor-version":[{"id":378,"href":"https:\/\/blogs.hoy.es\/desdelacofa\/wp-json\/wp\/v2\/posts\/377\/revisions\/378"}],"wp:attachment":[{"href":"https:\/\/blogs.hoy.es\/desdelacofa\/wp-json\/wp\/v2\/media?parent=377"}],"wp:term":[{"taxonomy":"category","embeddable":true,"href":"https:\/\/blogs.hoy.es\/desdelacofa\/wp-json\/wp\/v2\/categories?post=377"},{"taxonomy":"post_tag","embeddable":true,"href":"https:\/\/blogs.hoy.es\/desdelacofa\/wp-json\/wp\/v2\/tags?post=377"}],"curies":[{"name":"wp","href":"https:\/\/api.w.org\/{rel}","templated":true}]}}