{"id":379,"date":"2019-05-15T16:56:28","date_gmt":"2019-05-15T16:56:28","guid":{"rendered":"http:\/\/blogs.hoy.es\/desdelacofa\/?p=379"},"modified":"2019-05-15T16:56:28","modified_gmt":"2019-05-15T16:56:28","slug":"manipulacion-del-movimiento-asociativo-de-plasencia","status":"publish","type":"post","link":"https:\/\/blogs.hoy.es\/desdelacofa\/2019\/05\/15\/manipulacion-del-movimiento-asociativo-de-plasencia\/","title":{"rendered":"MANIPULACION DEL MOVIMIENTO ASOCIATIVO DE PLASENCIA"},"content":{"rendered":"<p><strong>MANIPULACI\u00d3N DEL MOVIMIENTO ASOCIATIVO DE PLASENCIA <\/strong><\/p>\n<p>&nbsp;<\/p>\n<ul>\n<li><strong>El Alcalde de Plasencia, F. Pizarro Garc\u00eda candidato del PP, sigue creyendo que su esperanza electoral descansa en la manipulaci\u00f3n del movimiento asociativo de todo tipo. <\/strong><\/li>\n<li><strong>Ensalza a las Asociaciones que le son d\u00f3ciles.<\/strong><\/li>\n<li><strong>Centro Vivo. Plasencia viva.<\/strong><\/li>\n<\/ul>\n<p>&nbsp;<\/p>\n<p>&nbsp;<\/p>\n<p><em>Es manifiesto el nerviosismo que est\u00e1 demostrando el Alcalde\u00a0 de Plasencia, en cuanto a dos Asociaciones del Centro de la Ciudad: La de Comerciantes y la de Vecinos, por el simple hecho de reunirse para establecer una estrategia en com\u00fan, dado el grave problema del centro en cuanto al comercio, habitabilidad, accesibilidad, aparcamientos, etc.etc. <\/em><\/p>\n<p><em>Est\u00e1 claro que a las dos les afecta el deterioro progresivo que est\u00e1 sufriendo el centro de la Capital placentina en estos \u00faltimos ocho a\u00f1os coincidentes con el gobierno de F. Pizarro Garc\u00eda. Efectivamente estas dos legislaturas se han caracterizado por la falta de iniciativas que reactiven y hagan del centro lo que siempre fue. Nada de esto se ha hecho, sino que poco a poco han ido cerrando comercios de toda la vida y tambi\u00e9n se ha notado la evasi\u00f3n de los vecinos a otros Distritos de la Ciudad.<\/em><\/p>\n<p><em>Todo ello a nuestro entender se ha debido a dos factores: El primero, a la extensa peatonalizaci\u00f3n que hacen imposible la movilidad f\u00e1cil y c\u00f3moda de los ciudadanos. El segundo, el traslado del Botell\u00f3n del Berrocal que afectaba a los residentes de las inmediaciones del\u00a0 Berrocal y trasladarlo al casco hist\u00f3rico donde afecta tambi\u00e9n a\u00a0 residentes y turismo, en vez de trasladarlo a un espacio aislado de zona residencial.<\/em><\/p>\n<p><em>Todo ello ha contribuido al cierre de comercios y a la baja de residentes con el consiguiente estado de abandono de sus casas al no poderlas vender, porque nadie quiere vivir con las molestias del ruido. <\/em><\/p>\n<p><em>Ante esta realidad palpable para muchos placentinos, el Alcalde ha hecho caso omiso a las quejas y propuestas que le han hecho ambas asociaciones. El centro de Plasencia se muere. No es un centro vivo como lo fue desde la fundaci\u00f3n de la Ciudad. Se apaga y a ello sigue sin impulsar en nada el Ayuntamiento.<\/em><\/p>\n<p><em>Piensa el Alcalde, que como contrapartida hay mas turismo. Todo lo contrario. El turismo tambi\u00e9n ha bajado en el \u00faltimo a\u00f1o y cuando ve calles vac\u00edas el turismo no pasea y se queda en el Hotel. Solo tienen que pasear durante los meses de Oto\u00f1o\u00a0 e Invierno,\u00a0 al cierre del comercio no queda nadie en Plaza Mayor y alrededores. Los propios vecinos bajan las bolsas de basuras a sus contendores con ciertas precauciones.<\/em><\/p>\n<p><em>Los fines de semana pasa un poco lo contario, es decir la convivencia vecinal se ve afectada al llenarse las calles de la movida por centenares de personas bebiendo alcohol en la calle y otras cosas\u2026.No hay convivencia cuando se conculca el\u00a0 derecho de los residentes al descanso, adem\u00e1s se incumple la ley de Medio Ambiente por contaminaci\u00f3n ac\u00fastica. En definitiva, los comerciantes tienen que cerrar por dificultad de movilidad al centro y los residentes tienen que irse a vivir a otro Distrito por el ruido insoportable.<\/em><\/p>\n<p><em>Con todo ello estamos haciendo un casco hist\u00f3rico muerto y a ello nos ha llevado las medidas y encabezonamiento municipal. No quieren escuchar.<\/em><\/p>\n<p><em>De ah\u00ed, el nerviosismo del Alcalde y su autoritarismo palpable al cerrarse al dialogo necesario y democr\u00e1tico con las asociaciones representativas de la sociedad civil del centro y que no se dejan manipular para servir al\u00a0 inter\u00e9s del\u00a0 pol\u00edtico.<\/em><\/p>\n<p><em>Est\u00e1 acostumbrado a tener manipuladas la mayor\u00eda de las asociaciones de toda \u00edndole para que le sirvan a sus aspiraciones pol\u00edticas. La verdad es que le ha ido bien al tener subyugadas por las subvenciones municipales y su consiguiente manipulaci\u00f3n. Solo hay que o\u00edr y analizar sus declaraciones p\u00fablicas\u00a0 alabando aquellas que le son d\u00f3ciles y atienden a su inter\u00e9s. No\u00a0 admite discrepancia a sus postulados. Hay que hacer lo que \u00e9l quiere y eso no es democr\u00e1tico.<\/em><\/p>\n<!-- AddThis Advanced Settings generic via filter on the_content --><!-- AddThis Share Buttons generic via filter on the_content -->","protected":false},"excerpt":{"rendered":"<p>MANIPULACI\u00d3N DEL MOVIMIENTO ASOCIATIVO DE PLASENCIA &nbsp; El Alcalde de Plasencia, F. Pizarro Garc\u00eda candidato del PP, sigue creyendo que su esperanza electoral descansa en la manipulaci\u00f3n del movimiento asociativo de todo tipo. Ensalza a las Asociaciones que le son d\u00f3ciles. Centro Vivo. Plasencia viva. &nbsp; &nbsp; Es manifiesto el nerviosismo que est\u00e1 demostrando el [&hellip;]<!-- AddThis Advanced Settings generic via filter on get_the_excerpt --><!-- AddThis Share Buttons generic via filter on get_the_excerpt --><\/p>\n","protected":false},"author":44,"featured_media":0,"comment_status":"open","ping_status":"closed","sticky":false,"template":"","format":"standard","meta":[],"categories":[1],"tags":[1065,1064,1063],"_links":{"self":[{"href":"https:\/\/blogs.hoy.es\/desdelacofa\/wp-json\/wp\/v2\/posts\/379"}],"collection":[{"href":"https:\/\/blogs.hoy.es\/desdelacofa\/wp-json\/wp\/v2\/posts"}],"about":[{"href":"https:\/\/blogs.hoy.es\/desdelacofa\/wp-json\/wp\/v2\/types\/post"}],"author":[{"embeddable":true,"href":"https:\/\/blogs.hoy.es\/desdelacofa\/wp-json\/wp\/v2\/users\/44"}],"replies":[{"embeddable":true,"href":"https:\/\/blogs.hoy.es\/desdelacofa\/wp-json\/wp\/v2\/comments?post=379"}],"version-history":[{"count":1,"href":"https:\/\/blogs.hoy.es\/desdelacofa\/wp-json\/wp\/v2\/posts\/379\/revisions"}],"predecessor-version":[{"id":380,"href":"https:\/\/blogs.hoy.es\/desdelacofa\/wp-json\/wp\/v2\/posts\/379\/revisions\/380"}],"wp:attachment":[{"href":"https:\/\/blogs.hoy.es\/desdelacofa\/wp-json\/wp\/v2\/media?parent=379"}],"wp:term":[{"taxonomy":"category","embeddable":true,"href":"https:\/\/blogs.hoy.es\/desdelacofa\/wp-json\/wp\/v2\/categories?post=379"},{"taxonomy":"post_tag","embeddable":true,"href":"https:\/\/blogs.hoy.es\/desdelacofa\/wp-json\/wp\/v2\/tags?post=379"}],"curies":[{"name":"wp","href":"https:\/\/api.w.org\/{rel}","templated":true}]}}