{"id":383,"date":"2019-10-15T17:36:14","date_gmt":"2019-10-15T17:36:14","guid":{"rendered":"http:\/\/blogs.hoy.es\/desdelacofa\/?p=383"},"modified":"2019-10-15T17:36:14","modified_gmt":"2019-10-15T17:36:14","slug":"el-sistema-sanitario-en-plasencia-esta-presentando-deficiencias-preocupantes","status":"publish","type":"post","link":"https:\/\/blogs.hoy.es\/desdelacofa\/2019\/10\/15\/el-sistema-sanitario-en-plasencia-esta-presentando-deficiencias-preocupantes\/","title":{"rendered":"EL SISTEMA SANITARIO EN PLASENCIA EST\u00c1 PRESENTANDO DEFICIENCIAS PREOCUPANTES"},"content":{"rendered":"<p><strong>EL SISTEMA SANITARIO EN PLASENCIA, ESTA PRESENTANDO DEFICIENCIAS PREOCUPANTES. <\/strong><\/p>\n<p><strong>\u00a0<\/strong><\/p>\n<p><strong>*Extremadura no puede tener un Hospital de Referencia (BA) tan asim\u00e9trico y otro de menos (CC).<\/strong><\/p>\n<p><strong>*Todos los extreme\u00f1os tenemos derecho a un centro hospitalario lo m\u00e1s cercano a nuestra residencia. <\/strong><\/p>\n<p><strong>*Lo racional en una Regi\u00f3n tan extensa deber\u00edamos tener dividida la misma en cuatro grandes A\u00e9reas de Salud con Hospitales Generales Universitarios de referencia.<\/strong><\/p>\n<p>&nbsp;<\/p>\n<p>Las noticias sobre reducci\u00f3n de camas hospitalarias, Quir\u00f3fanos en obra m\u00e1s de cinco a\u00f1os, Servicios de Especialidades reduciendo consultas, etc.etc., se vienen repitiendo un d\u00eda si y otro tambi\u00e9n.<\/p>\n<p>La Gerencia del \u00c1rea de Salud, desbordada e incapaz de solucionarlo. El Servicio Extreme\u00f1o de Salud, no tiene previsi\u00f3n alguna para hacer frente a un problema que se ven\u00eda anunciando.<\/p>\n<p>Las vacantes de Facultativos se producen sin previsi\u00f3n alguna y las convocatorias para cubrirlas llegan tarde y quedan sin cubrir, por problemas t\u00e9cnicos. Si a esto unimos que los M\u00e9dicos Especialistas quieren trabajar y desarrollar su especialidad mejor<\/p>\n<p>&nbsp;<\/p>\n<p>en Hospitales suficientemente dotados a ser posible en \u201cGenerales\u00a0 Universitarios\u201d, donde puedan desarrollar docencia MIR, en \u00c1reas de salud suficientemente pobladas y de referencia para una amplia zona territorial de la Regi\u00f3n. Con ello el Facultativo Especialista puede desarrollar sus conocimientos e investigaci\u00f3n de su especialidad en beneficio del paciente.<\/p>\n<p>Adem\u00e1s, deben estar suficientemente remunerados y no discriminados con otros profesionales de otras comunidades. Este\u00a0 es un problema a\u00f1adido al traspasar las competencias de sanidad a las Comunidades Aut\u00f3nomas. \u00c9stas, para diferenciarse, han empezado a retribuir de manera desigual a un mismo profesional. Esto ha producido un traslado de Facultativos de las menos retribuidas a las m\u00e1s retribuidas.<\/p>\n<p>El Sistema Nacional de Salud, ten\u00eda unificado por Cuerpos y Servicios a nivel nacional las vacantes para todo el territorio nacional, con las\u00a0 retribuciones en funci\u00f3n de sus categor\u00edas y clasificaci\u00f3n del Hospital (Director M\u00e9dico, Jefes de Servicio, Jefes de Secci\u00f3n, Facultativos Especialistas). Tan solo en Hospitales de referencia nacional, ten\u00edan su Complemento espec\u00edfico correspondiente.<\/p>\n<p>A todo este desaguisado, se une el problema de la exigencia del idioma regional como requisito imprescindible para ocupar plaza. Como si lo importante de la funci\u00f3n m\u00e9dica fuera el conocer el catal\u00e1n, eusquera, valenciano, etc. Todo un desprop\u00f3sito en la sanidad nacional, tan compartimentada al ceder la competencia a las autonom\u00edas, consiguiendo una desatenci\u00f3n de los pacientes y a su calidad de vida.<\/p>\n<p>&nbsp;<\/p>\n<p>&nbsp;<\/p>\n<p>A todo esto tenemos que a\u00f1adir la extensi\u00f3n territorial de nuestra Regi\u00f3n y su baja demograf\u00eda por Km2., junto con una situaci\u00f3n de Hospitales de referencia muy distantes y en algunos casos situados asim\u00e9tricamente respecto al resto del territorio como es el caso de Badajoz. No queremos decir que no sea referente para su \u00c1rea, la m\u00e1s poblada de la Regi\u00f3n, pero su situaci\u00f3n \u00a0geogr\u00e1fica respecto al resto de la Regi\u00f3n, es la que es.<\/p>\n<p>Pero para compensar esa asimetr\u00eda deber\u00eda de reclasificarse el Hospital de Don Benito- Villanueva y ser referente sanitario de todo el Este de la provincia de Badajoz.<\/p>\n<p>De igual manera la provincia de C\u00e1ceres, deber\u00eda tener reclasificado el Hospital de Plasencia, en General Universitario para ser referente sanitario de todo el Norte de Extremadura.<\/p>\n<p>As\u00ed, con cuatro Hospitales Generales Universitarios, la sanidad extreme\u00f1a quedar\u00eda m\u00e1s racionalizada y se fijar\u00eda m\u00e1s el personal Facultativo Especialista, evitando el \u00e9xodo de especialistas a otros Hospitales fuera de Extremadura.<\/p>\n<p>Plasencia por su situaci\u00f3n geogr\u00e1fica tiene ocho Comarcas (las m\u00e1s pobladas de la provincia) situadas todas al norte del Tajo. C\u00e1ceres tambi\u00e9n centralizada dese el sur del Tajo, hasta el l\u00edmite provincial. Don Benito-Villanueva comprendiendo todo el Este de la provincia de Badajoz y el propio Badajoz con todo el Oeste provincial.<\/p>\n<p>Esto no significa que cualquiera de estos Hospitales sean referente regional para algunas \u00a0otras especialidades especificas.<\/p>\n<p>Toda esta planificaci\u00f3n coordinada con el Colegio de M\u00e9dicos de Extremadura junto con los t\u00e9cnicos de la Consejer\u00eda de Sanidad,<\/p>\n<p>&nbsp;<\/p>\n<p>ayudar\u00eda a mantener una asistencia sanitaria de calidad para los extreme\u00f1os. Evitando con ello los continuos desplazamientos a C\u00e1ceres y Badajoz, teniendo los pacientes y familiares que sufrir estas derivaciones \u00a0que actualmente son demasiado frecuentes.<\/p>\n<p>Los extreme\u00f1os residentes en ciudades y localidades, fuera de estas dos ciudades y con derecho a la sanidad p\u00fablica, son \u00a0los m\u00e1s perjudicados al tener que realizar estos largos desplazamientos. Su derecho a ser atendidos se ven menguado. Eso si, pagando los mismos impuestos.<\/p>\n<p>&nbsp;<\/p>\n<!-- AddThis Advanced Settings generic via filter on the_content --><!-- AddThis Share Buttons generic via filter on the_content -->","protected":false},"excerpt":{"rendered":"<p>EL SISTEMA SANITARIO EN PLASENCIA, ESTA PRESENTANDO DEFICIENCIAS PREOCUPANTES. \u00a0 *Extremadura no puede tener un Hospital de Referencia (BA) tan asim\u00e9trico y otro de menos (CC). *Todos los extreme\u00f1os tenemos derecho a un centro hospitalario lo m\u00e1s cercano a nuestra residencia. *Lo racional en una Regi\u00f3n tan extensa deber\u00edamos tener dividida la misma en cuatro [&hellip;]<!-- AddThis Advanced Settings generic via filter on get_the_excerpt --><!-- AddThis Share Buttons generic via filter on get_the_excerpt --><\/p>\n","protected":false},"author":44,"featured_media":0,"comment_status":"open","ping_status":"closed","sticky":false,"template":"","format":"standard","meta":[],"categories":[1],"tags":[1068,1070,1067,1066,1069],"_links":{"self":[{"href":"https:\/\/blogs.hoy.es\/desdelacofa\/wp-json\/wp\/v2\/posts\/383"}],"collection":[{"href":"https:\/\/blogs.hoy.es\/desdelacofa\/wp-json\/wp\/v2\/posts"}],"about":[{"href":"https:\/\/blogs.hoy.es\/desdelacofa\/wp-json\/wp\/v2\/types\/post"}],"author":[{"embeddable":true,"href":"https:\/\/blogs.hoy.es\/desdelacofa\/wp-json\/wp\/v2\/users\/44"}],"replies":[{"embeddable":true,"href":"https:\/\/blogs.hoy.es\/desdelacofa\/wp-json\/wp\/v2\/comments?post=383"}],"version-history":[{"count":1,"href":"https:\/\/blogs.hoy.es\/desdelacofa\/wp-json\/wp\/v2\/posts\/383\/revisions"}],"predecessor-version":[{"id":384,"href":"https:\/\/blogs.hoy.es\/desdelacofa\/wp-json\/wp\/v2\/posts\/383\/revisions\/384"}],"wp:attachment":[{"href":"https:\/\/blogs.hoy.es\/desdelacofa\/wp-json\/wp\/v2\/media?parent=383"}],"wp:term":[{"taxonomy":"category","embeddable":true,"href":"https:\/\/blogs.hoy.es\/desdelacofa\/wp-json\/wp\/v2\/categories?post=383"},{"taxonomy":"post_tag","embeddable":true,"href":"https:\/\/blogs.hoy.es\/desdelacofa\/wp-json\/wp\/v2\/tags?post=383"}],"curies":[{"name":"wp","href":"https:\/\/api.w.org\/{rel}","templated":true}]}}