{"id":386,"date":"2019-10-22T15:53:30","date_gmt":"2019-10-22T15:53:30","guid":{"rendered":"http:\/\/blogs.hoy.es\/desdelacofa\/?p=386"},"modified":"2019-10-22T15:53:30","modified_gmt":"2019-10-22T15:53:30","slug":"sin-red-ferroviaria-aceptable-no-se-puede-industrializar-extremadura","status":"publish","type":"post","link":"https:\/\/blogs.hoy.es\/desdelacofa\/2019\/10\/22\/sin-red-ferroviaria-aceptable-no-se-puede-industrializar-extremadura\/","title":{"rendered":"SIN RED FERROVIARIA ACEPTABLE NO SE PUEDE INDUSTRIALIZAR EXTREMADURA"},"content":{"rendered":"<p><strong>SIN RED FERROVIARIA ACEPTABLE NO SE PUEDE INDUSTRIALIZAR \u00a0EXTREMADURA <\/strong><\/p>\n<p>&nbsp;<\/p>\n<p>*Hay crear Puertos Secos y Centros Logisticos en las principales ciudades de la region.<\/p>\n<p>*La red ferroviaria tiene que vertebrar la regi\u00f3n.<\/p>\n<p>&nbsp;<\/p>\n<p><strong>\u00a0<\/strong>Para que las industrias tomen asiento en Extremadura, es fundamental el disponer de unas infraestructuras ferroviarias homologadas con el resto de Espa\u00f1a.<\/p>\n<p>El transporte de mercanc\u00edas por ferrocarril, no solo abarata el transporte a las empresas e industrias, sino que las materias prima que tienen que traer para la manufactura y sus necesidades de fabricaci\u00f3n, ven abaratados sus costes al disponer de este medio.<\/p>\n<p>Esta infraestructura indispensable para el desarrollo Regional, debe ir acompa\u00f1ado de la infraestructura log\u00edstica (Puertos Secos y centros log\u00edsticos) que sirvan de dinamizador en el intercambio de mercanc\u00edas necesario para el comercio e industria.<\/p>\n<p>Los centros log\u00edsticos y puertos secos, si se crean en las principales ciudades de la Regi\u00f3n junto con la Plataforma Log\u00edstica de Badajoz; que por cierto, deber\u00eda haberse ubicado en un lugar geogr\u00e1ficamente m\u00e1s centrado y no en un punto regional asim\u00e9trico que le restar\u00e1 capacidades y no solo pensando en el Puerto de Sine. Ser\u00e1n las locomotoras econ\u00f3micas para el desarrollo regional. La Plataforma en Badajoz, no obstante aportar\u00e1 dinamismo al resto de Centros Log\u00edsticos si se llegan a establecer.<\/p>\n<p>&nbsp;<\/p>\n<p>Extremadura por su configuraci\u00f3n administrativa en solo dos provincias hace de freno al desarrollo expansivo del resto de zonas verdaderamente productivas como es el Norte de Extremadura y las Vegas Altas del Guadiana. Verdaderos potenciales de la industria hortofrut\u00edcola y por tanto necesitadas de estas infraestructuras log\u00edstica y ferroviaria, para dar salida e intercambio principalmente a sus producciones agr\u00edcolas para situarla en los distintos puntos de distribuci\u00f3n del mercado nacional e internacional. Debemos tener en cuenta que estos productos agr\u00edcolas y ganaderos est\u00e1n en alza en el mercado europeo.<\/p>\n<p>Tambi\u00e9n los productos transformados y envasados de las industrias de transformaci\u00f3n, necesitan del flujo ferroviario \u00e1gil de mercanc\u00edas. Con ello se consigue el asentamiento de las mismas y la fijaci\u00f3n de poblaci\u00f3n tan necesitada est\u00e1 \u00a0nuestra Regi\u00f3n.<\/p>\n<p>La red ferroviaria que se est\u00e1 construyendo, mejorar\u00e1 mucho la situaci\u00f3n pero quedan flecos importantes para mantener las conexiones con dos\u00a0 poblaciones importantes como son C\u00e1ceres y Plasencia; si bien para el transporte de persona tiende a solucionarse (hay dudas con Plasencia), pero el de mercanc\u00edas esta en el aire todav\u00eda.<\/p>\n<p>&nbsp;<\/p>\n<!-- AddThis Advanced Settings generic via filter on the_content --><!-- AddThis Share Buttons generic via filter on the_content -->","protected":false},"excerpt":{"rendered":"<p>SIN RED FERROVIARIA ACEPTABLE NO SE PUEDE INDUSTRIALIZAR \u00a0EXTREMADURA &nbsp; *Hay crear Puertos Secos y Centros Logisticos en las principales ciudades de la region. *La red ferroviaria tiene que vertebrar la regi\u00f3n. &nbsp; \u00a0Para que las industrias tomen asiento en Extremadura, es fundamental el disponer de unas infraestructuras ferroviarias homologadas con el resto de Espa\u00f1a. [&hellip;]<!-- AddThis Advanced Settings generic via filter on get_the_excerpt --><!-- AddThis Share Buttons generic via filter on get_the_excerpt --><\/p>\n","protected":false},"author":44,"featured_media":0,"comment_status":"open","ping_status":"closed","sticky":false,"template":"","format":"standard","meta":[],"categories":[1],"tags":[1071,1073,1072],"_links":{"self":[{"href":"https:\/\/blogs.hoy.es\/desdelacofa\/wp-json\/wp\/v2\/posts\/386"}],"collection":[{"href":"https:\/\/blogs.hoy.es\/desdelacofa\/wp-json\/wp\/v2\/posts"}],"about":[{"href":"https:\/\/blogs.hoy.es\/desdelacofa\/wp-json\/wp\/v2\/types\/post"}],"author":[{"embeddable":true,"href":"https:\/\/blogs.hoy.es\/desdelacofa\/wp-json\/wp\/v2\/users\/44"}],"replies":[{"embeddable":true,"href":"https:\/\/blogs.hoy.es\/desdelacofa\/wp-json\/wp\/v2\/comments?post=386"}],"version-history":[{"count":1,"href":"https:\/\/blogs.hoy.es\/desdelacofa\/wp-json\/wp\/v2\/posts\/386\/revisions"}],"predecessor-version":[{"id":387,"href":"https:\/\/blogs.hoy.es\/desdelacofa\/wp-json\/wp\/v2\/posts\/386\/revisions\/387"}],"wp:attachment":[{"href":"https:\/\/blogs.hoy.es\/desdelacofa\/wp-json\/wp\/v2\/media?parent=386"}],"wp:term":[{"taxonomy":"category","embeddable":true,"href":"https:\/\/blogs.hoy.es\/desdelacofa\/wp-json\/wp\/v2\/categories?post=386"},{"taxonomy":"post_tag","embeddable":true,"href":"https:\/\/blogs.hoy.es\/desdelacofa\/wp-json\/wp\/v2\/tags?post=386"}],"curies":[{"name":"wp","href":"https:\/\/api.w.org\/{rel}","templated":true}]}}