{"id":389,"date":"2020-01-07T17:12:44","date_gmt":"2020-01-07T17:12:44","guid":{"rendered":"http:\/\/blogs.hoy.es\/desdelacofa\/?p=389"},"modified":"2020-01-07T17:12:44","modified_gmt":"2020-01-07T17:12:44","slug":"sigue-la-espuma-flotando-en-el-rio-jerte-a-su-paso-por-plasencia","status":"publish","type":"post","link":"https:\/\/blogs.hoy.es\/desdelacofa\/2020\/01\/07\/sigue-la-espuma-flotando-en-el-rio-jerte-a-su-paso-por-plasencia\/","title":{"rendered":"SIGUE LA ESPUMA FLOTANDO EN EL RIO JERTE A SU PASO POR PLASENCIA"},"content":{"rendered":"<p><strong>SIGUE LA ESPUMA FLOTANDO EN EL RIO JERTE A SU PASO POR PLASENCIA<\/strong><\/p>\n<p><strong>\u00a0<\/strong><\/p>\n<p><strong>*No hay una explicaci\u00f3n cient\u00edfica.<\/strong><\/p>\n<p><strong>*La CHT, solo dice que no es contaminante. Sin decir en que se basa.<\/strong><\/p>\n<p><strong>*El SEPRONA, no se pronuncia. O desconoce que el Rio Jerte lleva espuma flotando, desde finales del verano.<\/strong><\/p>\n<p><strong>\u00a0<\/strong><\/p>\n<p>&nbsp;<\/p>\n<p>Lleva apareciendo esta espuma desde el inicio del oto\u00f1o. Despu\u00e9s de numerosas denuncias en redes sociales con fotos incluidas y noticia en prensa. A primero de Noviembre y a preguntas de los periodistas, inform\u00f3 el Concejal de Medio Ambiente, diciendo que la Confederaci\u00f3n Hidrogr\u00e1fica del Tajo, hab\u00eda informado al Ayuntamiento de que no era contaminante esa espuma, seg\u00fan los resultados de las anal\u00edticas realizadas por la propia Confederaci\u00f3n.<\/p>\n<p>Tambi\u00e9n inform\u00f3 el Concejal que la CHT, lo achaca que como consecuencia de la apertura de las compuertas de fondo de la Presa a finales del verano, el agua sufre una reacci\u00f3n al contacto con el aire y cuyo resultado es la formaci\u00f3n de esa espuma.<\/p>\n<p>Hasta aqu\u00ed todo son justificaciones, pero lo que no hace p\u00fablico el Concejal\u00a0 ni la Confederaci\u00f3n \u00a0Hidrogr\u00e1fica, es el resultado cient\u00edfico de esa anal\u00edtica que nos diga el porqu\u00e9 de esa reacci\u00f3n qu\u00edmica.<\/p>\n<p>Quieren de esta manera justificar ante los ciudadanos esta reacci\u00f3n del agua con el aire. \u00bfNo ser\u00eda m\u00e1s eficiente y did\u00e1ctico el que se dieran detalles de la anal\u00edtica con razones cient\u00edficas y a s\u00ed ser m\u00e1s cre\u00edble para tranquilidad de la ciudadan\u00eda? Pues no. Justifica el Concejal que es lo que informa la CHT, pero tampoco dice quien es la persona autorizada que justifica la espuma.<\/p>\n<p>&nbsp;<\/p>\n<p>Tampoco se conoce actuaci\u00f3n alguna llevada a cabo por el SEPRONA de la Guardia Civil, que hace las vigilancias preventivas del Medio Ambiente, en cumplimiento de su misi\u00f3n. Tampoco conoce la ciudadan\u00eda si ha realizado alguna acci\u00f3n de oficio.<\/p>\n<p>Como comprender\u00e1n, los ciudadanos no nos creemos estas justificaciones dadas por el Concejal responsable ni lo transmitido por la CHT y nos preocupa el silencio del SEPRONA. Los ciudadanos queremos una explicaci\u00f3n m\u00e1s cient\u00edfica del por qu\u00e9 se forma o de qu\u00e9 proviene esta espuma flotante que sigue en el Rio Jerte a su paso por Plasencia.<\/p>\n<!-- AddThis Advanced Settings generic via filter on the_content --><!-- AddThis Share Buttons generic via filter on the_content -->","protected":false},"excerpt":{"rendered":"<p>SIGUE LA ESPUMA FLOTANDO EN EL RIO JERTE A SU PASO POR PLASENCIA \u00a0 *No hay una explicaci\u00f3n cient\u00edfica. *La CHT, solo dice que no es contaminante. Sin decir en que se basa. *El SEPRONA, no se pronuncia. O desconoce que el Rio Jerte lleva espuma flotando, desde finales del verano. \u00a0 &nbsp; Lleva apareciendo [&hellip;]<!-- AddThis Advanced Settings generic via filter on get_the_excerpt --><!-- AddThis Share Buttons generic via filter on get_the_excerpt --><\/p>\n","protected":false},"author":44,"featured_media":0,"comment_status":"open","ping_status":"closed","sticky":false,"template":"","format":"standard","meta":[],"categories":[1],"tags":[1077,1075,1076,1074,1078],"_links":{"self":[{"href":"https:\/\/blogs.hoy.es\/desdelacofa\/wp-json\/wp\/v2\/posts\/389"}],"collection":[{"href":"https:\/\/blogs.hoy.es\/desdelacofa\/wp-json\/wp\/v2\/posts"}],"about":[{"href":"https:\/\/blogs.hoy.es\/desdelacofa\/wp-json\/wp\/v2\/types\/post"}],"author":[{"embeddable":true,"href":"https:\/\/blogs.hoy.es\/desdelacofa\/wp-json\/wp\/v2\/users\/44"}],"replies":[{"embeddable":true,"href":"https:\/\/blogs.hoy.es\/desdelacofa\/wp-json\/wp\/v2\/comments?post=389"}],"version-history":[{"count":1,"href":"https:\/\/blogs.hoy.es\/desdelacofa\/wp-json\/wp\/v2\/posts\/389\/revisions"}],"predecessor-version":[{"id":390,"href":"https:\/\/blogs.hoy.es\/desdelacofa\/wp-json\/wp\/v2\/posts\/389\/revisions\/390"}],"wp:attachment":[{"href":"https:\/\/blogs.hoy.es\/desdelacofa\/wp-json\/wp\/v2\/media?parent=389"}],"wp:term":[{"taxonomy":"category","embeddable":true,"href":"https:\/\/blogs.hoy.es\/desdelacofa\/wp-json\/wp\/v2\/categories?post=389"},{"taxonomy":"post_tag","embeddable":true,"href":"https:\/\/blogs.hoy.es\/desdelacofa\/wp-json\/wp\/v2\/tags?post=389"}],"curies":[{"name":"wp","href":"https:\/\/api.w.org\/{rel}","templated":true}]}}