{"id":392,"date":"2020-02-15T10:35:55","date_gmt":"2020-02-15T10:35:55","guid":{"rendered":"http:\/\/blogs.hoy.es\/desdelacofa\/?p=392"},"modified":"2020-02-15T10:35:55","modified_gmt":"2020-02-15T10:35:55","slug":"plasencia-sin-rumbo","status":"publish","type":"post","link":"https:\/\/blogs.hoy.es\/desdelacofa\/2020\/02\/15\/plasencia-sin-rumbo\/","title":{"rendered":"PLASENCIA SIN RUMBO"},"content":{"rendered":"<p><strong>\u00a0\u00a0\u00a0\u00a0\u00a0\u00a0\u00a0\u00a0 \u00a0\u00a0\u00a0\u00a0\u00a0\u00a0\u00a0\u00a0\u00a0\u00a0\u00a0\u00a0\u00a0\u00a0\u00a0\u00a0\u00a0PLASENCIA\u00a0 SIN\u00a0 RUMBO\u00a0 <\/strong><\/p>\n<p><strong>\u00a0<\/strong><\/p>\n<p><strong>*No hay progreso.<\/strong><\/p>\n<p><strong>*No hay desarrollo.<\/strong><\/p>\n<p><strong>*Perdemos habitantes.<\/strong><\/p>\n<p><strong>*No se impulsan los servicios administrativos centrales y auton\u00f3micos.<\/strong><\/p>\n<p><strong>*Las grandes empresas de distribuci\u00f3n de servicios b\u00e1sicos, no consideran abrir oficinas comerciales.\u00a0 <\/strong><\/p>\n<p>&nbsp;<\/p>\n<p>&nbsp;<\/p>\n<p>Llevamos\u00a0 nueve a\u00f1os de gobierno del Partido Popular con Fernando Pizarro Garc\u00eda al frente de la alcald\u00eda y la Ciudad ha perdido el rumbo del crecimiento. No tiene un futuro claro. No existe planificaci\u00f3n alguna a corto medio y largo plazo. El Alcalde, solo atiende el d\u00eda a d\u00eda en asuntos menores que pueden ser atendidos por los Concejales Delegados.<\/p>\n<p>No ha impulsado ning\u00fan asunto de ciudad. Se queda en lo menor y en cosas que le proporcionan un nicho de votos suficientes para conseguir mayor\u00eda y ah\u00ed se queda.<\/p>\n<p>Plasencia como Capital del Norte de Extremadura, necesita un Regidor preocupado por conseguir para la Ciudad, mayores servicios administrativos tanto del Gobierno Central como del Auton\u00f3mico. Aunque el Pleno Municipal se lo mandate tampoco lo gestiona. Un ejemplo claro es la aprobaci\u00f3n por mayor\u00eda de\u00a0 todos los grupos pol\u00edticos municipales para que gestione para la Ciudad\u00a0 ante el Ministerio del Interior, la Delegaci\u00f3n de Trafico y\u00a0 no haya sido capaz de gestionar nada incumpliendo el mandato del Pleno. Cuando el dotar a la Ciudad de esta Delegaci\u00f3n ayudar\u00eda a fijar poblaci\u00f3n y sobre todo a prestar un servicio a\u00a0Plasencia y a las Comarcas\u00a0 del Norte de Extremadura. Actualmente toda la Comarca de la Vera de Plasencia, se traslada a realizar sus gestiones a la Delegaci\u00f3n\u00a0 de Trafico de Talavera de la Reina.<\/p>\n<p>Ha demostrado este Regidor, no servirle de nada el haber adquirido gran experiencia municipal al estar 16 a\u00f1os como concejal y\u00a0 9 de primer edil, sin ninguna iniciativa que potencie el desarrollo de Plasencia. \u00bfC\u00f3mo se va a\u00a0 aumentar la poblaci\u00f3n si todo lo que se ha hecho por la Ciudad, ha sido regresivo para el desarrollo de la misma?.<\/p>\n<p>Los estudios demogr\u00e1ficos para ver tendencia, han demostrado que en el \u00faltimo quinquenio la poblaci\u00f3n ha ido a la baja.<\/p>\n<p>De las cinco poblaciones m\u00e1s importantes de la Regi\u00f3n, Plasencia ha sido la \u00fanica en reducir habitantes. Por algo ser\u00e1. Los responsables pol\u00edticos que gobiernan la ciudad, algo no estar\u00e1n haciendo bien.<\/p>\n<p>En la pasada crisis econ\u00f3mica, la Ciudad sigui\u00f3 creciendo poco, pero creciendo. Luego que no culpabilice de este retroceso a la crisis. Una ciudad de servicios, sin servicios.<\/p>\n<p>Otro factor como principal causa que ayuda a la p\u00e9rdida de poblaci\u00f3n es la falta de oportunidades laborales. Es decir, fijar poblaci\u00f3n a trav\u00e9s del empleo. \u00bfPero que se ha hecho en estos \u00faltimos nueve a\u00f1os para potenciar suelo industrial? Nada. Como se van\u00a0 a fijar las empresas, si no se le ofrece suelo disponible. \u00bfQu\u00e9 gestiones ha hecho este gobierno? Ninguna. Con que Ministro y Consejero auton\u00f3mico se ha reunido Fernando Pizarro Garc\u00eda como\u00a0 Alcalde para concienciar al Gobierno Central y Auton\u00f3mico de las bondades de situar empresas en un foco de desarrollo y en una situaci\u00f3n geogr\u00e1fica privilegiada como tiene Plasencia.<\/p>\n<p>Las comunicaciones son esenciales para las empresas. Le han o\u00eddo alguna vez al Alcalde, reivindicar la realizaci\u00f3n de los accesos Norte y\u00a0 Sur, desde la A-66. A que no. Se conforma con que le hagan una rotonda en la conexi\u00f3n de la ronda Norte con la Avda. de Salamanca.<\/p>\n<p>\u00bfLe han o\u00eddo pelearse alguna vez con ADIF, para que\u00a0 los trenes de alta prestaciones pasen y paren todos en Plasencia? Nunca. Se conforma con que le arreglen la Estaci\u00f3n.<\/p>\n<p>Como tampoco le han o\u00eddo reivindicar un Centro Log\u00edstico de transporte ferroviario para las necesidades de las empresas ubicadas en los Pol\u00edgonos Industriales de la Ciudad y del Norte de Extremadura. Ese centro log\u00edstico canalizar\u00eda la necesidad de transporte de todas esas empresas incluidas las agroindustriales, dejando su valor a\u00f1adido en la zona.<\/p>\n<p>Todo ello, no solo ayudar\u00eda al desarrollo sino que ayudar\u00eda a retener poblaci\u00f3n joven entre 25-35 a\u00f1os que se ven obligados a emigrar a otras partes de Espa\u00f1a y a frenar el problema del fuerte envejecimiento de la poblaci\u00f3n.<\/p>\n<p>Ya no solo es que no haya impulsado nuevos servicios, es que los existentes se est\u00e1n deteriorando o reduciendo. Como ejemplo puede valer el deterioro sanitario que estamos sufriendo. En vez de reivindicar que la Ciudad y el Norte de Extremadura, necesita un Hospital m\u00e1s grande con mayores servicios y con ello atraer a m\u00e1s Especialistas que necesitan desarrollar sus conocimientos cient\u00edficos en Hospitales grandes como ser\u00eda un \u201cHospital General Universitario de Plasencia \u201c, como referente para todo el Norte de Extremadura. Pues se conforma con que se cubra la plantilla actual y que se mantengan menos camas hospitalarias que cuando se inaugur\u00f3.<\/p>\n<p>Podr\u00edamos seguir poniendo ejemplos\u00a0 pero alargar\u00edamos mucho este blogs. Habr\u00e1 ocasi\u00f3n. Terminaremos diciendo que Plasencia tiene muchas potencialidades pero mal gestor.<\/p>\n<!-- AddThis Advanced Settings generic via filter on the_content --><!-- AddThis Share Buttons generic via filter on the_content -->","protected":false},"excerpt":{"rendered":"<p>\u00a0\u00a0\u00a0\u00a0\u00a0\u00a0\u00a0\u00a0 \u00a0\u00a0\u00a0\u00a0\u00a0\u00a0\u00a0\u00a0\u00a0\u00a0\u00a0\u00a0\u00a0\u00a0\u00a0\u00a0\u00a0PLASENCIA\u00a0 SIN\u00a0 RUMBO\u00a0 \u00a0 *No hay progreso. *No hay desarrollo. *Perdemos habitantes. *No se impulsan los servicios administrativos centrales y auton\u00f3micos. *Las grandes empresas de distribuci\u00f3n de servicios b\u00e1sicos, no consideran abrir oficinas comerciales.\u00a0 &nbsp; &nbsp; Llevamos\u00a0 nueve a\u00f1os de gobierno del Partido Popular con Fernando Pizarro Garc\u00eda al frente de la alcald\u00eda y [&hellip;]<!-- AddThis Advanced Settings generic via filter on get_the_excerpt --><!-- AddThis Share Buttons generic via filter on get_the_excerpt --><\/p>\n","protected":false},"author":44,"featured_media":0,"comment_status":"open","ping_status":"closed","sticky":false,"template":"","format":"standard","meta":[],"categories":[1],"tags":[1083,1081,1082,1080,1079],"_links":{"self":[{"href":"https:\/\/blogs.hoy.es\/desdelacofa\/wp-json\/wp\/v2\/posts\/392"}],"collection":[{"href":"https:\/\/blogs.hoy.es\/desdelacofa\/wp-json\/wp\/v2\/posts"}],"about":[{"href":"https:\/\/blogs.hoy.es\/desdelacofa\/wp-json\/wp\/v2\/types\/post"}],"author":[{"embeddable":true,"href":"https:\/\/blogs.hoy.es\/desdelacofa\/wp-json\/wp\/v2\/users\/44"}],"replies":[{"embeddable":true,"href":"https:\/\/blogs.hoy.es\/desdelacofa\/wp-json\/wp\/v2\/comments?post=392"}],"version-history":[{"count":1,"href":"https:\/\/blogs.hoy.es\/desdelacofa\/wp-json\/wp\/v2\/posts\/392\/revisions"}],"predecessor-version":[{"id":393,"href":"https:\/\/blogs.hoy.es\/desdelacofa\/wp-json\/wp\/v2\/posts\/392\/revisions\/393"}],"wp:attachment":[{"href":"https:\/\/blogs.hoy.es\/desdelacofa\/wp-json\/wp\/v2\/media?parent=392"}],"wp:term":[{"taxonomy":"category","embeddable":true,"href":"https:\/\/blogs.hoy.es\/desdelacofa\/wp-json\/wp\/v2\/categories?post=392"},{"taxonomy":"post_tag","embeddable":true,"href":"https:\/\/blogs.hoy.es\/desdelacofa\/wp-json\/wp\/v2\/tags?post=392"}],"curies":[{"name":"wp","href":"https:\/\/api.w.org\/{rel}","templated":true}]}}