{"id":396,"date":"2020-10-02T16:23:08","date_gmt":"2020-10-02T16:23:08","guid":{"rendered":"http:\/\/blogs.hoy.es\/desdelacofa\/?p=396"},"modified":"2020-10-02T16:23:08","modified_gmt":"2020-10-02T16:23:08","slug":"gabinete-juridico-del-ayuntamiento-de-plasencia","status":"publish","type":"post","link":"https:\/\/blogs.hoy.es\/desdelacofa\/2020\/10\/02\/gabinete-juridico-del-ayuntamiento-de-plasencia\/","title":{"rendered":"GABINETE JUR\u00cdDICO DEL AYUNTAMIENTO DE PLASENCIA"},"content":{"rendered":"<p>&nbsp;<\/p>\n<p><strong>\u00a0\u00a0\u00a0\u00a0\u00a0\u00a0\u00a0\u00a0\u00a0\u00a0\u00a0\u00a0\u00a0\u00a0\u00a0 GABINETE\u00a0 JUR\u00cdDICO\u00a0 DEL\u00a0 AYUNTAMIENTO\u00a0 DE\u00a0 PLASENCIA<\/strong><\/p>\n<p>Se est\u00e1n conociendo por los medios\u00a0 de comunicaci\u00f3n social\u00a0 continuamente, los recursos sobre licitaciones presentadas y hechas p\u00fablica por el Ayuntamiento de Plasencia, con los informes jur\u00eddicos correspondientes.<\/p>\n<p>Tambi\u00e9n se conocen los recursos contenciosos-administrativos que presenta el personal municipal por agravios o mala gesti\u00f3n en cuanto a la administraci\u00f3n de personal. Se conoce tambi\u00e9n la arbitrariedad dada al personal municipal en cuanto a los Complementos, Niveles y Dedicaci\u00f3n. Todos ellos con el consiguiente informe favorable del Gabinete Jur\u00eddico. \u00bfPero conoce la opini\u00f3n p\u00fablica la composici\u00f3n de ese Gabinete? Se lo vamos a decir quien lo componen: Son funcionarios que a tiempo parcial y bajo una gratificaci\u00f3n complementaria a sus haberes, han aceptado realizar esta funci\u00f3n.<\/p>\n<p>Nosotros no dudamos de que sea legal, pero creemos que con el volumen de trabajo y de gesti\u00f3n que tiene el Ayuntamiento de Plasencia con una poblaci\u00f3n de hecho de m\u00e1s de 50.000 habitantes, hace imposible una dedicaci\u00f3n cualificada a estos funcionarios tan trabajadores.<\/p>\n<p>En la actualidad lo componen: Secretario General, Oficial Mayor, Tesorero, T\u00e9cnico de Contrataci\u00f3n, T\u00e9cnico de Urbanismo, T\u00e9cnico de Personal\u2026..<\/p>\n<p>Todos estos funcionarios de carrera con y sin Habilitaci\u00f3n Nacional deben tener exclusividad en su trabajo dado lo delicado de su funci\u00f3n y el volumen de trabajo diario y que por una gratificaci\u00f3n complementaria y restando tiempo a su funci\u00f3n principal y absoluta pasan \u00a0a realizar labores de asesor\u00eda jur\u00eddica al propio Ayuntamiento.<\/p>\n<p>Creemos que el Ayuntamiento de Plasencia, debe tener un Gabinete Jur\u00eddico, formado por funcionarios cualificados y con dedicaci\u00f3n exclusiva a llevar y estudiar el gran n\u00famero de licitaciones, problemas de personal, urbanismo, etc.etc. Pero esta org\u00e1nica que es normal en otros ayuntamientos, no lo es en Plasencia.<\/p>\n<p>Es decir,\u00a0 ese grupo de funcionarios se lo guisa y se lo come en todo aquello que afecta a la gesti\u00f3n municipal. Pero no solo queda ah\u00ed. Algunos de estos funcionarios tiene que atender, adem\u00e1s, a la funci\u00f3n de Secretarios de otros\u00a0 ayuntamientos m\u00e1s peque\u00f1os y pr\u00f3ximos a la Capital placentina. Vamos que son \u201csuperfuncionarios\u201d y claro est\u00e1, cobrando de todas estas funciones que realizan.<\/p>\n<p>\u00bfQu\u00e9 dice al respecto el Alcalde de Plasencia Fernando Pizarro Garc\u00eda? Pues que est\u00e1 muy contento con todos ellos y con esta organizaci\u00f3n del trabajo.<\/p>\n<p>Este contubernio funcionarial, se parece m\u00e1s a una liga vituperable para mayor control de la gesti\u00f3n municipal, que\u00a0 a una gesti\u00f3n municipal compartida y con responsabilidades separadas en funci\u00f3n de su cargo.<\/p>\n<p>El \u00fanico que no est\u00e1 metido en ese grupo es el Interventor. Nadie se pregunta por qu\u00e9?Ese grupo est\u00e1 enfrentado al Interventor, que es el \u00fanico funcionario tambi\u00e9n con conocimiento del Derecho y que no entra en esas decisiones.<\/p>\n<p>Como ver\u00e1n, no es normal lo que est\u00e1 sucediendo con la gesti\u00f3n municipal durante el mandato del Alcalde Fernando Pizarro Garc\u00eda. Que funcionarios con mayor responsabilidad municipal y m\u00e1ximo nivel, se agrupen en un Gabinete Jur\u00eddico, restando tiempo a su funci\u00f3n principal para la cual opositaron algunos y dej\u00e1ndoles tiempo\u00a0 adem\u00e1s para llevar la Secretaria de otros ayuntamientos\u00a0 cercanos.<\/p>\n<p>No ponemos en duda la legalidad de todo ello, pero creemos que el Ayuntamiento de Plasencia, es lo suficientemente importante para separar las funciones jur\u00eddicas con funcionarios de carrera\u00a0 de Habilitaci\u00f3n Nacional para ocupar en la plantilla\u00a0 org\u00e1nica municipal las vacantes necesarias para formar el Gabinete Jur\u00eddico municipal con dedicaci\u00f3n exclusiva en esta funci\u00f3n tan necesaria como es el asesoramiento jur\u00eddico a la Corporaci\u00f3n Municipal.<\/p>\n<!-- AddThis Advanced Settings generic via filter on the_content --><!-- AddThis Share Buttons generic via filter on the_content -->","protected":false},"excerpt":{"rendered":"<p>&nbsp; \u00a0\u00a0\u00a0\u00a0\u00a0\u00a0\u00a0\u00a0\u00a0\u00a0\u00a0\u00a0\u00a0\u00a0\u00a0 GABINETE\u00a0 JUR\u00cdDICO\u00a0 DEL\u00a0 AYUNTAMIENTO\u00a0 DE\u00a0 PLASENCIA Se est\u00e1n conociendo por los medios\u00a0 de comunicaci\u00f3n social\u00a0 continuamente, los recursos sobre licitaciones presentadas y hechas p\u00fablica por el Ayuntamiento de Plasencia, con los informes jur\u00eddicos correspondientes. Tambi\u00e9n se conocen los recursos contenciosos-administrativos que presenta el personal municipal por agravios o mala gesti\u00f3n en cuanto a [&hellip;]<!-- AddThis Advanced Settings generic via filter on get_the_excerpt --><!-- AddThis Share Buttons generic via filter on get_the_excerpt --><\/p>\n","protected":false},"author":44,"featured_media":0,"comment_status":"open","ping_status":"closed","sticky":false,"template":"","format":"standard","meta":[],"categories":[1],"tags":[1085,1084,1086],"_links":{"self":[{"href":"https:\/\/blogs.hoy.es\/desdelacofa\/wp-json\/wp\/v2\/posts\/396"}],"collection":[{"href":"https:\/\/blogs.hoy.es\/desdelacofa\/wp-json\/wp\/v2\/posts"}],"about":[{"href":"https:\/\/blogs.hoy.es\/desdelacofa\/wp-json\/wp\/v2\/types\/post"}],"author":[{"embeddable":true,"href":"https:\/\/blogs.hoy.es\/desdelacofa\/wp-json\/wp\/v2\/users\/44"}],"replies":[{"embeddable":true,"href":"https:\/\/blogs.hoy.es\/desdelacofa\/wp-json\/wp\/v2\/comments?post=396"}],"version-history":[{"count":1,"href":"https:\/\/blogs.hoy.es\/desdelacofa\/wp-json\/wp\/v2\/posts\/396\/revisions"}],"predecessor-version":[{"id":397,"href":"https:\/\/blogs.hoy.es\/desdelacofa\/wp-json\/wp\/v2\/posts\/396\/revisions\/397"}],"wp:attachment":[{"href":"https:\/\/blogs.hoy.es\/desdelacofa\/wp-json\/wp\/v2\/media?parent=396"}],"wp:term":[{"taxonomy":"category","embeddable":true,"href":"https:\/\/blogs.hoy.es\/desdelacofa\/wp-json\/wp\/v2\/categories?post=396"},{"taxonomy":"post_tag","embeddable":true,"href":"https:\/\/blogs.hoy.es\/desdelacofa\/wp-json\/wp\/v2\/tags?post=396"}],"curies":[{"name":"wp","href":"https:\/\/api.w.org\/{rel}","templated":true}]}}