{"id":401,"date":"2020-10-28T12:00:52","date_gmt":"2020-10-28T12:00:52","guid":{"rendered":"http:\/\/blogs.hoy.es\/desdelacofa\/?p=401"},"modified":"2020-10-28T12:00:52","modified_gmt":"2020-10-28T12:00:52","slug":"archivada-la-causa-del-incendio-de-la-iglesia-de-san-martin-de-plasencia","status":"publish","type":"post","link":"https:\/\/blogs.hoy.es\/desdelacofa\/2020\/10\/28\/archivada-la-causa-del-incendio-de-la-iglesia-de-san-martin-de-plasencia\/","title":{"rendered":"ARCHIVADA LA CAUSA DEL INCENDIO DE LA IGLESIA DE SAN MARTIN DE PLASENCIA"},"content":{"rendered":"<p><strong>ARCHIVADA LA\u00a0 CAUSA DEL \u00a0INCENDIO DE LA IGLESIA DE SAN MARTIN DE PLASENCIA<\/strong><\/p>\n<p>&nbsp;<\/p>\n<p><strong>*No han podido identificar al autor o autores. Aunque la Polic\u00eda informa de que se debi\u00f3 a una imprudencia cometida por menores. Entonces como saben que son menores?<\/strong><\/p>\n<p><strong>*El fuego se inici\u00f3 por la Puerta Norte, desde el exterior.<\/strong><\/p>\n<p><strong>*En los primeros momentos el Alcalde de Plasencia, aporto como hip\u00f3tesis que el incendio podr\u00eda haber sido producido por un cortocircuito en el cuadro el\u00e9ctrico.<\/strong><\/p>\n<p><strong>*Los resultados de los an\u00e1lisis de los laboratorio de\u00a0 la Polic\u00eda Cient\u00edfica y Bomberos, determinan que el incendio se inicio desde el exterior. Por tanto fue intencionado y no fortuito.<\/strong><\/p>\n<p>&nbsp;<\/p>\n<p>Reconozco que el buenismo del Alcalde de Plasencia, Fernando Pizarro Garc\u00eda me exaspera, su moderaci\u00f3n me supera y su propaganda me desespera.<\/p>\n<p>El incendio se produce el 2 de Agosto por la tarde-noche de ese Domingo. Tarde-noche, como una m\u00e1s de las muchas (llevan a\u00f1os) que se vienen reuniendo en esa Puerta Norte de la Iglesia, grupos de j\u00f3venes y menos j\u00f3venes para hacer botell\u00f3n y otros actos contrarios a la salud y convivencia\u00a0 vecinal.<\/p>\n<p>Esa misma noche hace las primeras declaraciones el Alcalde a los medios, apuntando a un incendio fortuito. Para m\u00ed interesadas predisponiendo a la opini\u00f3n p\u00fablica de la posibilidad de que el incendio fuese producido por un cortocircuito en el cuadro el\u00e9ctrico situado en el interior de la Iglesia.<\/p>\n<p>Sofocado el incendio, se pudieron apreciar la Puerta quemada, el artesonado del techo de la Iglesia, da\u00f1os en el retablo por el calor y el humo acumulado, da\u00f1os en la estructura de la cubierta y sobre todo da\u00f1os en las tablas de Luis de Morales del S.XVI. Pinturas relevantes en el catalogo del patrimonio art\u00edstico de la Ciudad.<\/p>\n<p>En la primera inspecci\u00f3n ocular realizada por Polic\u00eda Cient\u00edfica, Judicial, Bomberos y T\u00e9cnicos Municipales, esa misma noche, ya trabajaban con la hip\u00f3tesis de que no hab\u00eda existido cortocircuito, sino que el fuego se hab\u00eda producido desde el exterior.<\/p>\n<p>No obstante quedaron para la ma\u00f1ana siguiente para recoger indicios en una segunda inspecci\u00f3n ocular m\u00e1s profunda para ser analizados en los laboratorios de la Polic\u00eda Cient\u00edfica y en el de \u00a0Bomberos.<\/p>\n<p>Al mismo tiempo, se continu\u00f3 con las investigaciones iniciadas la noche \u00a0anterior por la Polic\u00eda Judicial, para conocer e identificar al autor o autores. Las primeras pesquisas fueron sobre el grupo de j\u00f3venes que se re\u00fanen en esa Puerta\u00a0 casi a diario. De ah\u00ed, la hip\u00f3tesis del Alcalde declarando que probablemente se iniciase en el interior. Pero los indicios mostraban lo contrario a juicio de la Polic\u00eda, Bomberos y T\u00e9cnicos Municipales, no obstante esperar\u00edan\u00a0 el an\u00e1lisis del laboratorio, que tardar\u00eda un tiempo.<\/p>\n<p>D\u00edas posteriores a preguntas de los medios lamenta lo sucedido y se congratula de que las pinturas se hab\u00edan salvados. Nueva justificaci\u00f3n. Por qu\u00e9?<\/p>\n<p>Por otra parte, deber\u00eda conocer las denuncias reiteradas de vecinos y Asociaci\u00f3n Vecinal, que en dicha Puerta se reun\u00edan en botell\u00f3n y para otros actos inc\u00edvicos grupo de j\u00f3venes casi a diario y que no hab\u00eda hecho nada al respecto.<\/p>\n<p>Los actos inc\u00edvicos, vandalismo, botellones se vienen realizando con total impunidad y lo que es peor, interiorizado por los j\u00f3venes de\u00a0 esta impunidad. Saben que la Polic\u00eda nunca pasa por ese lugar. Siempre van en coche y esa Plaza (San Martin), no est\u00e1 en su ruta de vigilancia rutinaria.<\/p>\n<p>&nbsp;<\/p>\n<p>La falta de presencia policial a pi\u00e9, es notorio no solo en esa Plaza que se encuentra a dos minutos de la Plaza Mayor, sino en todos los\u00a0 cinco Distritos de la Ciudad.<\/p>\n<p>Valoramos el trabajo de investigaci\u00f3n y an\u00e1lisis de la Polic\u00eda Cient\u00edfica y de la Judicial, as\u00ed como la de los Bomberos, que determinaron que el incendio se produce intencionado y en el exterior de la Puerta. Ahora queda la identificaci\u00f3n de los autores.<\/p>\n<p>La Jefatura Superior de Polic\u00eda un mes despu\u00e9s a pregunta de los medios, informa que el incendio comenz\u00f3 en la Puerta Norte del templo debido a una imprudencia cometida por menores de 14 a\u00f1os, pero se desconoc\u00eda que estaban haciendo\u00a0 para provocar el incendio y no se les hab\u00eda logrado identificar. Curioso tambi\u00e9n. Conocen que son menores de 14 a\u00f1os pero no los identifican. Entonces como saben que son menores de 14 a\u00f1os?<\/p>\n<p>Todo ello es consecuencia de la falta de una Brigada de Informaci\u00f3n operativa en la Comisaria de Plasencia que reporte informaci\u00f3n de la situaci\u00f3n general de lo que ocurre en las noches de la Ciudad. Esta informaci\u00f3n operativa\u00a0 seria de gran valor tanto para la Brigada de Polic\u00eda Judicial en su investigaci\u00f3n para identificar autores como para la Brigada de Seguridad ciudadana. Pero nada de eso se tiene. Por eso la Fiscal\u00eda archiva la Causa y por ello no lo traslada al Juzgado.<\/p>\n<p>La inseguridad en Plasencia, sigue siendo preocupante.<\/p>\n<p>&nbsp;<\/p>\n<!-- AddThis Advanced Settings generic via filter on the_content --><!-- AddThis Share Buttons generic via filter on the_content -->","protected":false},"excerpt":{"rendered":"<p>ARCHIVADA LA\u00a0 CAUSA DEL \u00a0INCENDIO DE LA IGLESIA DE SAN MARTIN DE PLASENCIA &nbsp; *No han podido identificar al autor o autores. Aunque la Polic\u00eda informa de que se debi\u00f3 a una imprudencia cometida por menores. Entonces como saben que son menores? *El fuego se inici\u00f3 por la Puerta Norte, desde el exterior. *En los [&hellip;]<!-- AddThis Advanced Settings generic via filter on get_the_excerpt --><!-- AddThis Share Buttons generic via filter on get_the_excerpt --><\/p>\n","protected":false},"author":44,"featured_media":0,"comment_status":"open","ping_status":"closed","sticky":false,"template":"","format":"standard","meta":[],"categories":[1],"tags":[1089,1087,1088],"_links":{"self":[{"href":"https:\/\/blogs.hoy.es\/desdelacofa\/wp-json\/wp\/v2\/posts\/401"}],"collection":[{"href":"https:\/\/blogs.hoy.es\/desdelacofa\/wp-json\/wp\/v2\/posts"}],"about":[{"href":"https:\/\/blogs.hoy.es\/desdelacofa\/wp-json\/wp\/v2\/types\/post"}],"author":[{"embeddable":true,"href":"https:\/\/blogs.hoy.es\/desdelacofa\/wp-json\/wp\/v2\/users\/44"}],"replies":[{"embeddable":true,"href":"https:\/\/blogs.hoy.es\/desdelacofa\/wp-json\/wp\/v2\/comments?post=401"}],"version-history":[{"count":1,"href":"https:\/\/blogs.hoy.es\/desdelacofa\/wp-json\/wp\/v2\/posts\/401\/revisions"}],"predecessor-version":[{"id":402,"href":"https:\/\/blogs.hoy.es\/desdelacofa\/wp-json\/wp\/v2\/posts\/401\/revisions\/402"}],"wp:attachment":[{"href":"https:\/\/blogs.hoy.es\/desdelacofa\/wp-json\/wp\/v2\/media?parent=401"}],"wp:term":[{"taxonomy":"category","embeddable":true,"href":"https:\/\/blogs.hoy.es\/desdelacofa\/wp-json\/wp\/v2\/categories?post=401"},{"taxonomy":"post_tag","embeddable":true,"href":"https:\/\/blogs.hoy.es\/desdelacofa\/wp-json\/wp\/v2\/tags?post=401"}],"curies":[{"name":"wp","href":"https:\/\/api.w.org\/{rel}","templated":true}]}}