{"id":405,"date":"2020-11-04T17:10:36","date_gmt":"2020-11-04T17:10:36","guid":{"rendered":"http:\/\/blogs.hoy.es\/desdelacofa\/?p=405"},"modified":"2020-11-04T17:10:36","modified_gmt":"2020-11-04T17:10:36","slug":"nueva-cacicada-del-alcalde-de-plasencia-para-con-los-residentes-del-centro-negandoles-aparcamientos","status":"publish","type":"post","link":"https:\/\/blogs.hoy.es\/desdelacofa\/2020\/11\/04\/nueva-cacicada-del-alcalde-de-plasencia-para-con-los-residentes-del-centro-negandoles-aparcamientos\/","title":{"rendered":"NUEVA CACICADA DEL ALCALDE DE PLASENCIA PARA CON LOS RESIDENTES DEL CENTRO, NEGANDOLES APARCAMIENTOS."},"content":{"rendered":"<p><strong>NUEVA CACICADA DEL ALCLADE DE PLASENCIA PARA CON LOS RESIDENTES DEL CENTRO, NEGANDOLES APARCAMIENTOS.<\/strong><\/p>\n<p>&nbsp;<\/p>\n<p>*<strong>El alcalde se resiste a la rotaci\u00f3n pero cede solo ante los comerciantes.<\/strong><\/p>\n<p><strong>*Protesta la Asociaci\u00f3n de Vecinos \u201cINTRAMUROS\u201d: \u00bfY los vecinos que?<\/strong><\/p>\n<p><strong>*Modifica el Decreto ampliando las normas hasta la letra K), para que los vecinos soliciten. Pero con trampa: Solo puede solicitar los que viven en la propia Plaza. Es decir uno.<\/strong><\/p>\n<p><strong>*\u00bfPor qu\u00e9 tanta Discriminaci\u00f3n e injusticia para con los vecinos del Centro?<\/strong><\/p>\n<p><strong>\u00a0<\/strong><\/p>\n<p>Si por algo se est\u00e1 caracterizando el Alcalde de Plasencia, Fernando Pizarro Garc\u00eda, en el gobierno<strong>, <\/strong>es por su sectarismo y discriminaci\u00f3n para con los vecinos que residen en el Centro de la Ciudad.<\/p>\n<p>Otra tropel\u00eda m\u00e1s a la hora de organizar el aparcamiento de veh\u00edculos situado en Puerta del Sol ,Plaza de San Pedro de Alc\u00e1ntara y Plaza Obispo Amadeo, con 74 plazas y Plaza del Salvador, con 49 plazas.<\/p>\n<p>Anteriormente, estos aparcamientos eran ocupados indistintamente por residentes en sus proximidades y ciudadanos en general cuando vienen a realizar sus compras y sus gestiones al centro urbano.<\/p>\n<p>A ra\u00edz de una petici\u00f3n conjunta de la Asociaci\u00f3n de Comerciantes del Centro y la Asociaci\u00f3n de Vecinos \u201cIntramuros\u201d , para convertir estos aparcamientos que anteriormente con la Zona Azul ya lo estaban, en aparcamientos gratuitos y rotatorios. Reservando un porcentaje de ellos para residentes. Ante esta petici\u00f3n es cuando se le cambia el rumbo al alcalde, al ceder en cuanto a rotaci\u00f3n. Cuando ya hab\u00eda anunciado reiteradamente que \u201cmientras yo sea Alcalde\u00a0 no habr\u00e1 Zona Azul\u201d. Ahora se ve presionado por comerciantes y vecinos para que acceda al sistema de rotaci\u00f3n.<\/p>\n<p>Los comerciantes pensando que la rotaci\u00f3n beneficia a sus ventas y los vecinos que pueden volver a aparcar cerca de sus domicilios. Es conocido el d\u00e9ficit de aparcamiento en el casco hist\u00f3rico. La realidad, es que el alcalde cede a su negativa de rotaci\u00f3n y a este pol\u00edtico que no le gusta nada que le contradigan y meno, con la prepotencia que le da el poder y pensando que solo ced\u00eda por los comerciantes sin importarle el perjuicio a los vecinos, es por lo que modifica el Decreto, en Junta de Gobierno Local; en lo relativo a la Zona de estacionamiento limitado, a\u00f1adiendo un apartado mas, el K):\u201dLos residentes con domicilio en la Plaza del Salvador, en Plaza Obispo Amadeo, Plaza San Pedro de Alc\u00e1ntara y Puerta del Sol, quedaran exento de la limitaci\u00f3n horaria regulada en las presentes normas\u201d. Considera el Decreto como residentes:\u201d a todas las personas con domicilio en las zonas referenciadas, acredit\u00e1ndose la condici\u00f3n de residente con certificado de empadronamiento\u201d. Es decir, se hab\u00eda olvidado en las normas aprobadas con antelaci\u00f3n el 29 de Mayo 2020, de los residentes.<\/p>\n<p>Todo ello, debido a la denuncia de la Asociaci\u00f3n de Vecinos \u201cIntramuros\u201d, por este olvido intencionado a nuestro parecer. No obstante, ante la presi\u00f3n ciudadana modifica y a\u00f1ade el apartado k). Pero nuevamente con enga\u00f1o; pues limita las tarjetas de estacionamiento, solo a los que viven en dichas Plazas. De todos es conocido, que en dichas Plazas solo viven uno o dos vecinos.<\/p>\n<p>No obstante solicitan tarjetas para residentes 51 vecinos que viven en los alrededores de dichas Plazas y solo concede a uno la tarjeta de aparcamiento. \u00bfSera para justificaci\u00f3n? \u00bfDonde\u00a0 est\u00e1 la trampa que quiere hacer el Alcalde? Pues en el Decreto, que solo autoriza a solicitar aparcamientos a los que vivan solo en dichas Plazas. Nuevamente vuelve a re\u00edrse de los vecinos del Centro. Estos vecinos pagan sus impuestos y la tasa de circulaci\u00f3n, pero se les niega aparcar:\u201d\u2026no procede autorizar lo solicitado al no cumplir con los requisitos exigidos para dicha autorizaci\u00f3n\u201d.<\/p>\n<p>Esta es la verdadera realidad de un gobernante autoritario en sus decisiones; a conciencia que perjudica a estos vecinos. En vez de intentar solucionar este problema, los castiga a llevar sus coches a aparcamientos m\u00e1s lejanos de sus viviendas.<\/p>\n<p>Es tan sibilino que el Decreto pasa por la Junta de Gobierno Local, \u00f3rgano colegiado para su justificaci\u00f3n. Cuando no ha tenido a bien el reunirse con la Asociaci\u00f3n Vecinal, en cambio si se reuni\u00f3 con la de comerciantes antes de firmar el Decreto n\u00ba 555\/2020.<\/p>\n<p>Este es el verdadero talante democr\u00e1tico de este populista pol\u00edtico. Eso si, se le llena la boca siempre de que todo lo consensua con las Asociaciones vecinales. A la vista est\u00e1.<\/p>\n<p>&nbsp;<\/p>\n<!-- AddThis Advanced Settings generic via filter on the_content --><!-- AddThis Share Buttons generic via filter on the_content -->","protected":false},"excerpt":{"rendered":"<p>NUEVA CACICADA DEL ALCLADE DE PLASENCIA PARA CON LOS RESIDENTES DEL CENTRO, NEGANDOLES APARCAMIENTOS. &nbsp; *El alcalde se resiste a la rotaci\u00f3n pero cede solo ante los comerciantes. *Protesta la Asociaci\u00f3n de Vecinos \u201cINTRAMUROS\u201d: \u00bfY los vecinos que? *Modifica el Decreto ampliando las normas hasta la letra K), para que los vecinos soliciten. Pero con [&hellip;]<!-- AddThis Advanced Settings generic via filter on get_the_excerpt --><!-- AddThis Share Buttons generic via filter on get_the_excerpt --><\/p>\n","protected":false},"author":44,"featured_media":0,"comment_status":"open","ping_status":"closed","sticky":false,"template":"","format":"standard","meta":[],"categories":[1],"tags":[1093,1090,1092,1091],"_links":{"self":[{"href":"https:\/\/blogs.hoy.es\/desdelacofa\/wp-json\/wp\/v2\/posts\/405"}],"collection":[{"href":"https:\/\/blogs.hoy.es\/desdelacofa\/wp-json\/wp\/v2\/posts"}],"about":[{"href":"https:\/\/blogs.hoy.es\/desdelacofa\/wp-json\/wp\/v2\/types\/post"}],"author":[{"embeddable":true,"href":"https:\/\/blogs.hoy.es\/desdelacofa\/wp-json\/wp\/v2\/users\/44"}],"replies":[{"embeddable":true,"href":"https:\/\/blogs.hoy.es\/desdelacofa\/wp-json\/wp\/v2\/comments?post=405"}],"version-history":[{"count":1,"href":"https:\/\/blogs.hoy.es\/desdelacofa\/wp-json\/wp\/v2\/posts\/405\/revisions"}],"predecessor-version":[{"id":406,"href":"https:\/\/blogs.hoy.es\/desdelacofa\/wp-json\/wp\/v2\/posts\/405\/revisions\/406"}],"wp:attachment":[{"href":"https:\/\/blogs.hoy.es\/desdelacofa\/wp-json\/wp\/v2\/media?parent=405"}],"wp:term":[{"taxonomy":"category","embeddable":true,"href":"https:\/\/blogs.hoy.es\/desdelacofa\/wp-json\/wp\/v2\/categories?post=405"},{"taxonomy":"post_tag","embeddable":true,"href":"https:\/\/blogs.hoy.es\/desdelacofa\/wp-json\/wp\/v2\/tags?post=405"}],"curies":[{"name":"wp","href":"https:\/\/api.w.org\/{rel}","templated":true}]}}