{"id":411,"date":"2021-02-03T11:01:05","date_gmt":"2021-02-03T11:01:05","guid":{"rendered":"http:\/\/blogs.hoy.es\/desdelacofa\/?p=411"},"modified":"2021-02-03T11:01:05","modified_gmt":"2021-02-03T11:01:05","slug":"el-hospital-de-plasencia-se-ha-quedado-pequeno","status":"publish","type":"post","link":"https:\/\/blogs.hoy.es\/desdelacofa\/2021\/02\/03\/el-hospital-de-plasencia-se-ha-quedado-pequeno\/","title":{"rendered":"EL HOSPITAL DE PLASENCIA SE HA QUEDADO PEQUE\u00d1O"},"content":{"rendered":"<p><strong>EL HOSPITAL DE PLASENCIA SE HA QUEDADO PEQUE\u00d1O\u00a0 <\/strong><\/p>\n<p><strong>\u00a0<\/strong><\/p>\n<p>&nbsp;<\/p>\n<p><strong>*Reclasificarlo a General Universitario.<\/strong><\/p>\n<p><strong>*Mayor n\u00famero de camas hospitalarias.<\/strong><\/p>\n<p><strong>*Dotarlo de un mayor n\u00famero de Especialidades M\u00e9dicas.<\/strong><\/p>\n<p><strong>*Referente de todo el Norte de Extremadura.<\/strong><\/p>\n<p><strong>*Precariedad en los contratos de estos profesionales.<\/strong><\/p>\n<p><strong>\u00a0<\/strong><\/p>\n<p>La actual pandemia del covid-19, est\u00e1 poniendo a prueba y sobre todo demostrando la necesidad de que el Hospital de Plasencia, sea reclasificado a Hospital General Universitario y referente sanitario para todo el Norte de Extremadura.<\/p>\n<p>El n\u00famero de camas hospitalarias de que dispone es insuficiente para atender\u00a0 una poblaci\u00f3n tan numerosa como la residente en el Norte de Extremadura, comprendido a la derecha del Tajo. Esta \u00e1rea geogr\u00e1fica\u00a0 es por otra parte la m\u00e1s poblada de la provincia de C\u00e1ceres. Por otra parte hay que tener en cuenta las grandes distancias que separan a las grandes ciudades\u00a0 de nuestra Regi\u00f3n, dada la extensi\u00f3n territorial de la misma.<\/p>\n<p>Esta situaci\u00f3n sanitaria, est\u00e1 afectando a la calidad asistencial y al estado del bienestar de toda la poblaci\u00f3n del Norte de Extremadura. Con ello entramos en discriminaci\u00f3n con el resto de la poblaci\u00f3n extreme\u00f1a, que sigue manteniendo calidad en sus servicios sanitarios y en su estado de bienestar.<\/p>\n<p>Pero centr\u00e9monos\u00a0 en lo que est\u00e1 pasando en el Hospital placentino: La plantilla de M\u00e9dicos especialistas se est\u00e1 quedando vac\u00eda, debido a una pol\u00edtica de personal de la Consejer\u00eda de Sanidad, no muy acertada. Si a\u00a0esto le unimos las condiciones econ\u00f3micas\u00a0 que tienen que sufrir estos especialistas m\u00e9dicos y la precariedad en sus contratos, nos lleva\u00a0 que al encontrar mejor oportunidad profesional y econ\u00f3mica en otros hospitales de comunidades pr\u00f3xima, se van. Por otra parte si encuentran en esos otros hospitales m\u00e1s grandes, mejor dotados y equipados, con \u00a0mejores posibilidades de desarrollo profesional, unido a la posibilidad de docencia e investigaci\u00f3n, pues no dudan.<\/p>\n<p>La Consejer\u00eda de Sanidad, debe tener en cuenta que despu\u00e9s de tantos a\u00f1os de formaci\u00f3n y especializaci\u00f3n, no menos de diez a\u00f1os, estos profesionales quieren trabajar en hospitales \u00a0donde mantengan el mayor n\u00famero de especialidades que siguen enriqueciendo su formaci\u00f3n continua y poder mantener equipos multidisciplinar, impartiendo docencia e investigaci\u00f3n. Son tres factores imprescindibles para que estos profesionales cualificados se queden a trabajar en nuestra tierra: Condiciones de contrataci\u00f3n y econ\u00f3micas, iguales al resto de las dem\u00e1s comunidades, docencia e investigaci\u00f3n. Ninguna de las tres se est\u00e1 dando en nuestro Hospital.<\/p>\n<p>La extensi\u00f3n territorial de nuestra autonom\u00eda, nos lleva, que para mantener una calidad asistencial es necesario disponer a nuestro juicio de cuatro grandes Hospitales Universitarios, que por s\u00ed solo puedan disponer del m\u00e1ximo de especialidades y equipamiento t\u00e9cnico necesario para su mejor funcionamiento y complement\u00e1ndose entre ellos en docencia e investigaci\u00f3n.<\/p>\n<p>Estos criterios, son los reclamados por voces m\u00e1s autorizadas;\u00a0 como ha sido el Colegio de M\u00e9dicos de nuestra Regi\u00f3n como otros profesionales que est\u00e1n trabajando fuera de la misma y que conocen el sistema sanitario extreme\u00f1o y que han sido formados al aprobar el\u00a0 MIR en nuestros hospitales.<\/p>\n<!-- AddThis Advanced Settings generic via filter on the_content --><!-- AddThis Share Buttons generic via filter on the_content -->","protected":false},"excerpt":{"rendered":"<p>EL HOSPITAL DE PLASENCIA SE HA QUEDADO PEQUE\u00d1O\u00a0 \u00a0 &nbsp; *Reclasificarlo a General Universitario. *Mayor n\u00famero de camas hospitalarias. *Dotarlo de un mayor n\u00famero de Especialidades M\u00e9dicas. *Referente de todo el Norte de Extremadura. *Precariedad en los contratos de estos profesionales. \u00a0 La actual pandemia del covid-19, est\u00e1 poniendo a prueba y sobre todo demostrando [&hellip;]<!-- AddThis Advanced Settings generic via filter on get_the_excerpt --><!-- AddThis Share Buttons generic via filter on get_the_excerpt --><\/p>\n","protected":false},"author":44,"featured_media":0,"comment_status":"open","ping_status":"closed","sticky":false,"template":"","format":"standard","meta":[],"categories":[1],"tags":[1102,1101,703,1104,1100,1103,1105],"_links":{"self":[{"href":"https:\/\/blogs.hoy.es\/desdelacofa\/wp-json\/wp\/v2\/posts\/411"}],"collection":[{"href":"https:\/\/blogs.hoy.es\/desdelacofa\/wp-json\/wp\/v2\/posts"}],"about":[{"href":"https:\/\/blogs.hoy.es\/desdelacofa\/wp-json\/wp\/v2\/types\/post"}],"author":[{"embeddable":true,"href":"https:\/\/blogs.hoy.es\/desdelacofa\/wp-json\/wp\/v2\/users\/44"}],"replies":[{"embeddable":true,"href":"https:\/\/blogs.hoy.es\/desdelacofa\/wp-json\/wp\/v2\/comments?post=411"}],"version-history":[{"count":1,"href":"https:\/\/blogs.hoy.es\/desdelacofa\/wp-json\/wp\/v2\/posts\/411\/revisions"}],"predecessor-version":[{"id":412,"href":"https:\/\/blogs.hoy.es\/desdelacofa\/wp-json\/wp\/v2\/posts\/411\/revisions\/412"}],"wp:attachment":[{"href":"https:\/\/blogs.hoy.es\/desdelacofa\/wp-json\/wp\/v2\/media?parent=411"}],"wp:term":[{"taxonomy":"category","embeddable":true,"href":"https:\/\/blogs.hoy.es\/desdelacofa\/wp-json\/wp\/v2\/categories?post=411"},{"taxonomy":"post_tag","embeddable":true,"href":"https:\/\/blogs.hoy.es\/desdelacofa\/wp-json\/wp\/v2\/tags?post=411"}],"curies":[{"name":"wp","href":"https:\/\/api.w.org\/{rel}","templated":true}]}}