{"id":419,"date":"2021-04-10T17:46:21","date_gmt":"2021-04-10T17:46:21","guid":{"rendered":"https:\/\/blogs.hoy.es\/desdelacofa\/?p=419"},"modified":"2021-04-10T17:46:21","modified_gmt":"2021-04-10T17:46:21","slug":"inseguridad-en-el-distrito-centro-de-plasencia","status":"publish","type":"post","link":"https:\/\/blogs.hoy.es\/desdelacofa\/2021\/04\/10\/inseguridad-en-el-distrito-centro-de-plasencia\/","title":{"rendered":"INSEGURIDAD EN EL DISTRITO CENTRO DE PLASENCIA"},"content":{"rendered":"<p><strong>INSEGURIDAD\u00a0 EN\u00a0 EL\u00a0 DISTRITO\u00a0 CENTRO\u00a0 DE\u00a0 PLASENCIA <\/strong><\/p>\n<p><strong>\u00a0<\/strong><\/p>\n<p><strong>*Seguimos con la inseguridad ciudadana en el Distrito Centro de Plasencia.<\/strong><\/p>\n<p><strong>*No paran de suceder los robos con violencia.<\/strong><\/p>\n<p><strong>*Seguimos sin una presencia policial a pi\u00e9 en sus tres turnos que disuada al delincuente.<\/strong><\/p>\n<p><strong>*Preocupaci\u00f3n de vecinos y empresarios, por estos continuos sucesos.<\/strong><\/p>\n<p><strong>*Es hora de poner pi\u00e9 en pared por quien corresponda.<\/strong><\/p>\n<p><strong>*La Comisaria de Polic\u00eda de Plasencia desbordada por carencia de plantilla suficiente.<\/strong><\/p>\n<p>&nbsp;<\/p>\n<p>Nuevamente, semana tras semana, la ciudadan\u00eda placentina se desayuna con m\u00e1s robos con violencia cuando no actos vand\u00e1licos cometidos en el Distrito Centro de la Ciudad.<\/p>\n<p>Tanto los vecinos como los empresarios sienten miedo ante tanta inseguridad. Plasencia se ha convertido para los delincuentes en lugar impune para cometer sus delitos. La presencia policial a pi\u00e9, tan demandada por la ciudadan\u00eda es nula por no decir inexistente. Esa presencia a pi\u00e9 en sus patrulla cotidianas, en sus tres turnos, sirven para disuadir a los que delinquen y dar tranquilidad al vecindario y empresarios que ven como sus propiedades privadas son violentadas y sus negocios da\u00f1ados.<\/p>\n<p><strong>\u00a0<\/strong><\/p>\n<p><a href=\"https:\/\/www.hoy.es\/plasencia\/roban-tres-negocios-20210409132111-nt.html\">https:\/\/www.hoy.es\/plasencia\/roban-tres-negocios-20210409132111-nt.html<\/a><\/p>\n<p>&nbsp;<\/p>\n<p><a href=\"https:\/\/www.elperiodicoextremadura.com\/plasencia\/2021\/04\/09\/denuncias-robos-fuerza-locales-plasencia-46225361.html\">https:\/\/www.elperiodicoextremadura.com\/plasencia\/2021\/04\/09\/denuncias-robos-fuerza-locales-plasencia-46225361.html<\/a><\/p>\n<p>&nbsp;<\/p>\n<p>Plasencia, como Capital natural de este amplio territorio al Norte de Extremadura, es el centro geogr\u00e1fico, econ\u00f3mico, social e industrial y motor de\u00a0 desarrollo de \u00a0esta rica zona de Extremadura. Es por ello, que la seguridad es vital para el normal desarrollo de la misma.<\/p>\n<p>Nos consta, que la implicaci\u00f3n de la Polic\u00eda Nacional en resolver estos graves problemas es de absoluta prioridad. El problema principal es que la plantilla con que cuenta actualmente esta Comisaria es insuficiente para atender no solo la seguridad ciudadana, sino la multiplicidad de servicios de investigaci\u00f3n que tiene que realizar una mermada Brigada de Polic\u00eda Judicial y carecer de otras Brigadas operativas de apoyo. A\u00fan con este d\u00e9ficit, el esmerado grado de profesionalidad y su rigor profesional, les lleva a n\u00fameros \u00e9xitos en detenciones y puesta a disposici\u00f3n judicial de los presuntos delincuentes.<\/p>\n<p>Pero la inseguridad, aunque subjetiva, sigue calando en la ciudadan\u00eda. La presencia policial a pi\u00e9 por este Distrito es nula. Solo en ocasiones y despu\u00e9s de un hecho delictivo y comentarios en la presa, es cuando se les ve en un horario c\u00f3modo para decir solo, que est\u00e1n ah\u00ed. Pero nada m\u00e1s. A los dos d\u00edas vuelven a desaparecer y al veh\u00edculo.<\/p>\n<p>De todas formas el problema policial en la Ciudad, es estructural. La Comisaria de la Polic\u00eda Nacional, tiene que ser reclasificada a una categor\u00eda superior para as\u00ed, poder atender mejor las misiones encomendadas a este Cuerpo policial.<\/p>\n<p>Esta reclasificaci\u00f3n conllevar\u00eda un aumento de plantilla de la misma, as\u00ed como\u00a0 la dotaci\u00f3n suficiente en las Brigadas Operativas: Seguridad ciudadana, Informaci\u00f3n, Polic\u00eda Judicial, Extranjer\u00eda y Documentaci\u00f3n.<\/p>\n<p>Esta reivindicaci\u00f3n no es nueva, tanto las Asociaciones Vecinales como la de Empresarios, la han venido pidiendo reiteradamente. Los que no han querido enterarse de esta demanda, han sido, tanto el Alcalde de la Ciudad que no lo ha impulsado como la Delegada del gobierno que ha hecho o\u00eddos sordos y tambi\u00e9n algo tendr\u00e1 que decir la Jefatura Superior de Polic\u00eda de Extremadura, en la que recae la responsabilidad de la seguridad en esta Ciudad.<\/p>\n<!-- AddThis Advanced Settings generic via filter on the_content --><!-- AddThis Share Buttons generic via filter on the_content -->","protected":false},"excerpt":{"rendered":"<p>INSEGURIDAD\u00a0 EN\u00a0 EL\u00a0 DISTRITO\u00a0 CENTRO\u00a0 DE\u00a0 PLASENCIA \u00a0 *Seguimos con la inseguridad ciudadana en el Distrito Centro de Plasencia. *No paran de suceder los robos con violencia. *Seguimos sin una presencia policial a pi\u00e9 en sus tres turnos que disuada al delincuente. *Preocupaci\u00f3n de vecinos y empresarios, por estos continuos sucesos. *Es hora de poner [&hellip;]<!-- AddThis Advanced Settings generic via filter on get_the_excerpt --><!-- AddThis Share Buttons generic via filter on get_the_excerpt --><\/p>\n","protected":false},"author":44,"featured_media":0,"comment_status":"open","ping_status":"closed","sticky":false,"template":"","format":"standard","meta":[],"categories":[1],"tags":[],"_links":{"self":[{"href":"https:\/\/blogs.hoy.es\/desdelacofa\/wp-json\/wp\/v2\/posts\/419"}],"collection":[{"href":"https:\/\/blogs.hoy.es\/desdelacofa\/wp-json\/wp\/v2\/posts"}],"about":[{"href":"https:\/\/blogs.hoy.es\/desdelacofa\/wp-json\/wp\/v2\/types\/post"}],"author":[{"embeddable":true,"href":"https:\/\/blogs.hoy.es\/desdelacofa\/wp-json\/wp\/v2\/users\/44"}],"replies":[{"embeddable":true,"href":"https:\/\/blogs.hoy.es\/desdelacofa\/wp-json\/wp\/v2\/comments?post=419"}],"version-history":[{"count":1,"href":"https:\/\/blogs.hoy.es\/desdelacofa\/wp-json\/wp\/v2\/posts\/419\/revisions"}],"predecessor-version":[{"id":420,"href":"https:\/\/blogs.hoy.es\/desdelacofa\/wp-json\/wp\/v2\/posts\/419\/revisions\/420"}],"wp:attachment":[{"href":"https:\/\/blogs.hoy.es\/desdelacofa\/wp-json\/wp\/v2\/media?parent=419"}],"wp:term":[{"taxonomy":"category","embeddable":true,"href":"https:\/\/blogs.hoy.es\/desdelacofa\/wp-json\/wp\/v2\/categories?post=419"},{"taxonomy":"post_tag","embeddable":true,"href":"https:\/\/blogs.hoy.es\/desdelacofa\/wp-json\/wp\/v2\/tags?post=419"}],"curies":[{"name":"wp","href":"https:\/\/api.w.org\/{rel}","templated":true}]}}