{"id":422,"date":"2021-05-19T15:45:08","date_gmt":"2021-05-19T15:45:08","guid":{"rendered":"https:\/\/blogs.hoy.es\/desdelacofa\/?p=422"},"modified":"2021-05-19T15:45:08","modified_gmt":"2021-05-19T15:45:08","slug":"la-verborrea-del-alcalde-de-plasencia-para-con-la-concejala-socialista-su-cambio-de-criterio-y-parecersegun-sea-para-el-o-para-el-politico-de-la-oposicion","status":"publish","type":"post","link":"https:\/\/blogs.hoy.es\/desdelacofa\/2021\/05\/19\/la-verborrea-del-alcalde-de-plasencia-para-con-la-concejala-socialista-su-cambio-de-criterio-y-parecersegun-sea-para-el-o-para-el-politico-de-la-oposicion\/","title":{"rendered":"LA VERBORREA DEL ALCALDE DE PLASENCIA PARA CON LA CONCEJALA SOCIALISTA.SU CAMBIO DE CRITERIO Y PARECER,SEG\u00daN SEA PARA \u00c9L O PARA EL POLITICO DE LA OPOSICI\u00d3N."},"content":{"rendered":"<p><strong>LA VERBORREA DEL ALCALDE DE PLASENCIA \u00a0PARA CON LA CONCEJALA SOCIALISTA. \u00a0SU CAMBIO DE CRITERIO\u00a0 Y PARECER, SEG\u00daN SEA PARA \u00c9L O PARA EL \u00a0POLITICO DE LA OPOSICI\u00d3N.<\/strong><\/p>\n<p>&nbsp;<\/p>\n<p><strong>*LA FISCALIA EXCULPA A LA CONCEJALA SOCIALISTA DE LA VACUNACI\u00d3N ANTICIPADA.<\/strong><\/p>\n<p><strong>*PARA EL ALCALDE, EL EXCRITO DE ARCHIVO NO LA EXCULPA DE LA INMORALIDAD. PERO EN CUANTO SE REFIERE A \u00c9L, EL ARCHIVO PROVISIONAL A LAS DENUNCIAS CONTRA \u00c9L, ESO\u00a0 NO OCULTA SU INMORALIDAD.<\/strong><\/p>\n<p><strong>*SU VARA DE MEDIR SIEMPRE ES DOBLE.\u00a0\u00a0 <\/strong><\/p>\n<p><strong>\u00a0<\/strong><\/p>\n<p>&nbsp;<\/p>\n<p>La respuesta del Alcalde de Plasencia a esta noticia publicada en los peri\u00f3dicos \u201cHOY\u201d y \u201cEXTREMADURA\u201d, no tiene desperdicio dada la verborrea propia de este pol\u00edtico populista. Acostumbra a decir una cosa y la contraria dada su locuacidad excesiva.<\/p>\n<p>La Fiscal\u00eda, despu\u00e9s de sus investigaciones sobre las denuncias contra algunos pol\u00edticos que se adelantaron a su turno de vacunaci\u00f3n, determin\u00f3 el procesamiento de algunos y en el caso que nos ocupa de la Concejala del grupo municipal socialista, ha sido exculpada con el fundamento jur\u00eddico correspondiente.<\/p>\n<p>&nbsp;<\/p>\n<p>Pero analicen la verborrea del Alcalde de Plasencia, a pregunta de los periodistas para conocer su versi\u00f3n. Y es aqu\u00ed donde\u00a0 se contradice este pol\u00edtico de verbosidad excesiva.<\/p>\n<p>Cuando le afecta a \u00e9l comprende y entiende lo del archivo de una manera y cuando el archivo se produce al contendiente pol\u00edtico de la oposici\u00f3n\u00a0 municipal se posiciona haciendo una interpretaci\u00f3n de otra manera. Me explico: Hace unos a\u00f1os, un ciudadano llev\u00f3 al Juzgado al Alcalde\u00a0 al querer responsabilizarle en redes sociales de que el responsable del horario de los locales de ocio, era ese ciudadano y no \u00e9l como responsable municipal en el gobierno de la Ciudad. Eludiendo su responsabilidad de gobernante y\u00a0 por tanto de hacer respetar la legislaci\u00f3n respectiva y queriendo responsabilizar al ciudadano.<\/p>\n<p>Ante esta demanda judicial, llegado el momento de conciliaci\u00f3n, este &lt;&lt;valiente&gt;&gt; pol\u00edtico no se present\u00f3; acudi\u00f3 su abogado aportando lo que este responsable pol\u00edtico hab\u00eda querido decir con esta expresi\u00f3n al ciudadano. Consecuentemente al no haber conciliaci\u00f3n de las partes el Juzgado archiva provisionalmente pero no cierra el asunto, dado que las partes pueden acogerse a Derecho y ejercitar acciones.<\/p>\n<p>Otra nueva denuncia esta vez ante la Fiscal\u00eda contra la pasividad de este Alcalde para hacer cumplir la ley sobre ocio nocturno promovida por la Asociaci\u00f3n Vecinal \u201cIntramuros\u201d. La Fiscal\u00eda investiga y pide la documentaci\u00f3n correspondiente al Ayuntamiento para que el Alcalde informe de las acciones llevadas a cabo para el cumplimiento de las normas establecidas.<\/p>\n<p>La Fiscal\u00eda, en base a la documentaci\u00f3n presentada por las partes, decide su archivo de manera provisional. Todo ello, con fundamentos de derecho.<\/p>\n<p>\u00bfD\u00f3nde est\u00e1 su contradicci\u00f3n? Pues en los casos que les acabo de relatar, se presenta como ganador y el escrito de la Fiscal\u00eda no oculta nada. En cambio en el caso de la Concejala dice \u201cun escrito de la Fiscal\u00eda no oculta la inmoralidad y el ego\u00edsmo en el comportamiento de la Concejala\u201d.<\/p>\n<p>Y cuando se archivan las denuncias contra \u00e9l, no habla de un simple escrito de la Fiscal\u00eda. Sino que lo asocia como si hubiese habido una sentencia judicial favorable.<\/p>\n<p>Se dan cuenta de la doble vara de medir que utiliza en su verborrea, en funci\u00f3n si la medida es suya o la del pr\u00f3jimo.<\/p>\n<p>Este es el verdadero comportamiento de este personaje pol\u00edtico\u00a0 acostumbrado a la verborrea, propaganda y anuncios medi\u00e1ticos, como forma de gobierno.<\/p>\n<p>El resto del an\u00e1lisis se lo dejo a los placentinos que ya le van conociendo.<\/p>\n<!-- AddThis Advanced Settings generic via filter on the_content --><!-- AddThis Share Buttons generic via filter on the_content -->","protected":false},"excerpt":{"rendered":"<p>LA VERBORREA DEL ALCALDE DE PLASENCIA \u00a0PARA CON LA CONCEJALA SOCIALISTA. \u00a0SU CAMBIO DE CRITERIO\u00a0 Y PARECER, SEG\u00daN SEA PARA \u00c9L O PARA EL \u00a0POLITICO DE LA OPOSICI\u00d3N. &nbsp; *LA FISCALIA EXCULPA A LA CONCEJALA SOCIALISTA DE LA VACUNACI\u00d3N ANTICIPADA. *PARA EL ALCALDE, EL EXCRITO DE ARCHIVO NO LA EXCULPA DE LA INMORALIDAD. PERO EN [&hellip;]<!-- AddThis Advanced Settings generic via filter on get_the_excerpt --><!-- AddThis Share Buttons generic via filter on get_the_excerpt --><\/p>\n","protected":false},"author":44,"featured_media":0,"comment_status":"open","ping_status":"closed","sticky":false,"template":"","format":"standard","meta":[],"categories":[1],"tags":[],"_links":{"self":[{"href":"https:\/\/blogs.hoy.es\/desdelacofa\/wp-json\/wp\/v2\/posts\/422"}],"collection":[{"href":"https:\/\/blogs.hoy.es\/desdelacofa\/wp-json\/wp\/v2\/posts"}],"about":[{"href":"https:\/\/blogs.hoy.es\/desdelacofa\/wp-json\/wp\/v2\/types\/post"}],"author":[{"embeddable":true,"href":"https:\/\/blogs.hoy.es\/desdelacofa\/wp-json\/wp\/v2\/users\/44"}],"replies":[{"embeddable":true,"href":"https:\/\/blogs.hoy.es\/desdelacofa\/wp-json\/wp\/v2\/comments?post=422"}],"version-history":[{"count":1,"href":"https:\/\/blogs.hoy.es\/desdelacofa\/wp-json\/wp\/v2\/posts\/422\/revisions"}],"predecessor-version":[{"id":423,"href":"https:\/\/blogs.hoy.es\/desdelacofa\/wp-json\/wp\/v2\/posts\/422\/revisions\/423"}],"wp:attachment":[{"href":"https:\/\/blogs.hoy.es\/desdelacofa\/wp-json\/wp\/v2\/media?parent=422"}],"wp:term":[{"taxonomy":"category","embeddable":true,"href":"https:\/\/blogs.hoy.es\/desdelacofa\/wp-json\/wp\/v2\/categories?post=422"},{"taxonomy":"post_tag","embeddable":true,"href":"https:\/\/blogs.hoy.es\/desdelacofa\/wp-json\/wp\/v2\/tags?post=422"}],"curies":[{"name":"wp","href":"https:\/\/api.w.org\/{rel}","templated":true}]}}