{"id":425,"date":"2021-07-20T15:51:29","date_gmt":"2021-07-20T15:51:29","guid":{"rendered":"https:\/\/blogs.hoy.es\/desdelacofa\/?p=425"},"modified":"2021-07-20T15:51:29","modified_gmt":"2021-07-20T15:51:29","slug":"la-fiscalia-exculpa-a-la-concejala-socialista-de-plasencia-soraya-cobos","status":"publish","type":"post","link":"https:\/\/blogs.hoy.es\/desdelacofa\/2021\/07\/20\/la-fiscalia-exculpa-a-la-concejala-socialista-de-plasencia-soraya-cobos\/","title":{"rendered":"LA  FISCAL\u00cdA EXCULPA A LA  CONCEJALA  SOCIALISTA  DE PLASENCIA, SORAYA COBOS"},"content":{"rendered":"<p align=\"justify\"><span style=\"font-size: large;\"><b>LA FISCAL\u00cdA EXCULPA A LA CONCEJALA SOCIALISTA DE PLASENCIA, SORAYA COBOS <\/b><\/span><\/p>\n<p align=\"justify\"><span style=\"font-size: large;\">La respuesta del Alcalde de Plasencia a esta noticia publicada en los peri\u00f3dicos \u201cHoy\u201d y \u201cExtremadura\u201d, no tiene desperdicio dada la verborrea propia de este pol\u00edtico populista. Acostumbra a decir una cosa y la contraria dada su locuacidad excesiva.<\/span><\/p>\n<p align=\"justify\"><span style=\"font-size: large;\">La Fiscal\u00eda, despu\u00e9s de sus investigaciones sobre la denuncia contra algunos pol\u00edticos que se adelantaron a su turno de vacunaci\u00f3n , determin\u00f3 junto con el Juzgado,el procesamiento de algunos y en el caso que nos ocupa, su archivo dando la justificaci\u00f3n correspondiente.<\/span><\/p>\n<p align=\"justify\"><span style=\"font-size: large;\">Pero analicemos la verborrea del Alcalde de Plasencia, Fernando Pizarro Garc\u00eda, a preguntas de los periodistas para conocer su versi\u00f3n. Y es aqu\u00ed donde se contradice este pol\u00edtico de verbosidad excesiva. Cuando le afecta a \u00e9l (denuncias en Juzgado y Fiscal\u00eda), dice y entiende lo del archivo de una manera y cuando el archivo se produce a un pol\u00edtico de la oposici\u00f3n se posiciona interpretando el archivo de otra manera.<\/span><\/p>\n<p align=\"justify\"><span style=\"font-size: large;\">Me explico. Hace unos a\u00f1os,un ciudadano llev\u00f3 al Juzgado al Alcalde al querer responsabilizarlo en redes sociales, de que el responsable del horario de cierre de los locales de ocio,era ese ciudadano. Eludiendo su responsabilidad de gobernante y por tanto de hacer respetar la legislaci\u00f3n respectiva para estos locales(inspecci\u00f3n sanitaria, el\u00e9ctrica, aforo, seguridad\u2026),necesaria para obtener la licencia de apertura y no hacer cumplir la ley que proh\u00edbe beber alcohol en las calles.<\/span><\/p>\n<p align=\"justify\"><span style=\"font-size: large;\">Ante esta demanda judicial,llegado el momento de conciliaci\u00f3n, este \u201cvaliente\u201d pol\u00edtico, no se present\u00f3. Fue su abogado el que aport\u00f3 lo que el alcalde hab\u00eda querido decir con esa expresi\u00f3n de responsabilizar al ciudadano. Consecuencia de no haber conciliaci\u00f3n en las partes,el juzgado archiva, pero no cierra el asunto.<\/span><\/p>\n<p align=\"justify\"><span style=\"font-size: large;\">Una nueva denuncia ante la Fiscal\u00eda contra la pasividad inoperante del Alcalde para hacer cumplir la ley sobre ocio nocturno\/ruido etc.,promovida por la Asociaci\u00f3n Vecinal \u201cINTRAMUROS\u201d. La Fiscal\u00eda investiga y pide la documentaci\u00f3n de las acciones que hab\u00eda llevado a cabo el Alcalde ante la pasividad para el cumplimiento de las normas establecidas. En base a la documentaci\u00f3n recibida por las partes,decide archivar de manera provisional la denuncia. Esto no quiere decir que no se pueda volver a abrir.<\/span><\/p>\n<p align=\"justify\"><span style=\"font-size: large;\">\u00bfDonde est\u00e1 su contradicci\u00f3n? Pues en los casos que les acabo de relatar; \u201d se presenta como ganador y que la Fiscal\u00eda lleva raz\u00f3n y es firme su decisi\u00f3n\u201d.<\/span><\/p>\n<p align=\"justify\"><span style=\"font-size: large;\">En el caso de la concejala dice: \u201d porque un escrito de la Fiscal\u00eda no oculta la inmoralidad y el ego\u00edsmo en el comportamiento de la concejala\u201d. Y cuando se archiva la denuncia contra \u00e9l, en ese caso no habla de un simple escrito de la Fiscal\u00eda.<\/span><\/p>\n<p align=\"justify\"><span style=\"font-size: large;\">Se dan cuenta de la doble vara de medir que utiliza en su verborrea en funci\u00f3n de si se mide \u00e9l o el pr\u00f3jimo. Este es el verdadero comportamiento de este personaje pol\u00edtico, acostumbrado a la propaganda y anuncios medi\u00e1ticos, como forma de gobierno.<\/span><\/p>\n<p align=\"justify\"><span style=\"font-size: large;\">El resto del an\u00e1lisis se lo dejo a los placentinos&#8230;<\/span><\/p>\n<!-- AddThis Advanced Settings generic via filter on the_content --><!-- AddThis Share Buttons generic via filter on the_content -->","protected":false},"excerpt":{"rendered":"<p>LA FISCAL\u00cdA EXCULPA A LA CONCEJALA SOCIALISTA DE PLASENCIA, SORAYA COBOS La respuesta del Alcalde de Plasencia a esta noticia publicada en los peri\u00f3dicos \u201cHoy\u201d y \u201cExtremadura\u201d, no tiene desperdicio dada la verborrea propia de este pol\u00edtico populista. Acostumbra a decir una cosa y la contraria dada su locuacidad excesiva. La Fiscal\u00eda, despu\u00e9s de sus [&hellip;]<!-- AddThis Advanced Settings generic via filter on get_the_excerpt --><!-- AddThis Share Buttons generic via filter on get_the_excerpt --><\/p>\n","protected":false},"author":44,"featured_media":0,"comment_status":"open","ping_status":"closed","sticky":false,"template":"","format":"standard","meta":[],"categories":[1],"tags":[],"_links":{"self":[{"href":"https:\/\/blogs.hoy.es\/desdelacofa\/wp-json\/wp\/v2\/posts\/425"}],"collection":[{"href":"https:\/\/blogs.hoy.es\/desdelacofa\/wp-json\/wp\/v2\/posts"}],"about":[{"href":"https:\/\/blogs.hoy.es\/desdelacofa\/wp-json\/wp\/v2\/types\/post"}],"author":[{"embeddable":true,"href":"https:\/\/blogs.hoy.es\/desdelacofa\/wp-json\/wp\/v2\/users\/44"}],"replies":[{"embeddable":true,"href":"https:\/\/blogs.hoy.es\/desdelacofa\/wp-json\/wp\/v2\/comments?post=425"}],"version-history":[{"count":1,"href":"https:\/\/blogs.hoy.es\/desdelacofa\/wp-json\/wp\/v2\/posts\/425\/revisions"}],"predecessor-version":[{"id":426,"href":"https:\/\/blogs.hoy.es\/desdelacofa\/wp-json\/wp\/v2\/posts\/425\/revisions\/426"}],"wp:attachment":[{"href":"https:\/\/blogs.hoy.es\/desdelacofa\/wp-json\/wp\/v2\/media?parent=425"}],"wp:term":[{"taxonomy":"category","embeddable":true,"href":"https:\/\/blogs.hoy.es\/desdelacofa\/wp-json\/wp\/v2\/categories?post=425"},{"taxonomy":"post_tag","embeddable":true,"href":"https:\/\/blogs.hoy.es\/desdelacofa\/wp-json\/wp\/v2\/tags?post=425"}],"curies":[{"name":"wp","href":"https:\/\/api.w.org\/{rel}","templated":true}]}}