{"id":428,"date":"2022-04-27T11:53:17","date_gmt":"2022-04-27T11:53:17","guid":{"rendered":"https:\/\/blogs.hoy.es\/desdelacofa\/?p=428"},"modified":"2022-04-27T11:53:17","modified_gmt":"2022-04-27T11:53:17","slug":"las-edades-del-hombre-en-plasencia","status":"publish","type":"post","link":"https:\/\/blogs.hoy.es\/desdelacofa\/2022\/04\/27\/las-edades-del-hombre-en-plasencia\/","title":{"rendered":"LAS EDADES DEL HOMBRE EN PLASENCIA"},"content":{"rendered":"<p align=\"justify\">LAS EDADES DEL HOMBRE EN PLASENCIA<\/p>\n<p align=\"justify\"><span style=\"font-size: large;\">Plasencia se prepara para recibir la magna exposici\u00f3n de arte-sacro entre los pr\u00f3ximos meses de mayo y noviembre de este a\u00f1o del Se\u00f1or de 2022.<\/span><\/p>\n<p align=\"justify\"><span style=\"font-size: large;\">Todo empez\u00f3 a gestarse hace mas de diez a\u00f1os cuando el Obispo Em\u00e9rito de Salamanca (entonces residencial), D. Carlos L\u00f3pez Hern\u00e1ndez, presidiendo por entonces ( van rotando los Obispos de esa autonom\u00eda) la Fundaci\u00f3n \u201cEdades del Hombre\u201d, impuls\u00f3 el llevar a cabo esta exposici\u00f3n fuera del territorio de <cite>Castilla y Le\u00f3n, para llevarla a la Di\u00f3cesis de Plasencia, dado que esta tiene parte de su territorio diocesano en la provincia de Salamanca (Bejar y toda su Tierra).<\/cite><\/span><\/p>\n<p align=\"justify\"><span style=\"font-size: large;\"><cite>Esta iniciativa se le traslad\u00f3 al Obispo de Plasencia, que por entonces ocupaba la Sede placentina D. Amadeo Rodr\u00edguez Magro, <\/cite><cite>que la acept\u00f3 y se encarg\u00f3 de hacerla realidad contando con la Junta de Extremadura, Ayuntamiento de Plasencia y el de Bejar (en principio habr\u00eda dos sedes). Con la aquiescencia de las instituciones , se mantuvieron reuniones discretas con las tres instituciones implicadas para conocer su parecer y esperar a que la Fundaci\u00f3n se pronunciase en su tiempo.<\/cite><\/span><\/p>\n<p align=\"justify\"><span style=\"font-size: large;\"><cite>Fue la indiscreci\u00f3n del Alcalde de Plasencia, Fernando Pizarro Garc\u00eda,el que ir\u00eda comunicando de manera confidencial tambi\u00e9n, pero apunt\u00e1ndose la iniciativa de traer las \u201cEdades del Hombre\u201d, a las distintas Asociaciones Culturales y Cofrad\u00edas,etc. <\/cite><cite>Y que al poco tiempo todo el mundo sabia que se iban a celebrar en dos sedes Plasencia y B<\/cite><cite>\u00e9<\/cite><cite>jar.<\/cite><\/span><\/p>\n<p align=\"justify\"><span style=\"font-size: large;\"><cite>Toda esta indiscreci\u00f3n cometida por parte del Alcalde de Plasencia, molest\u00f3 tanto al obispado, al Alcalde de B<\/cite><cite>\u00e9<\/cite><cite>jar y a la propia Fundaci\u00f3n que a\u00fan no hab\u00eda decido donde.<\/cite><\/span><\/p>\n<p align=\"justify\"><span style=\"font-size: large;\"><cite>Por parte del Alcalde de B\u00e9jar, se mantuvo la discreci\u00f3n de acuerdo a lo acordado cuando le inform\u00f3 el Obispo de Plasencia.<\/cite><\/span><\/p>\n<p align=\"justify\"><span style=\"font-size: large;\"><cite>Durante todo este tiempo la <\/cite><cite>F<\/cite><cite>undaci\u00f3n a\u00fan no se hab\u00eda pronunciado dado que depend\u00eda de una exposici\u00f3n en su demarcaci\u00f3n que priorizaba a la de Plasencia, como as\u00ed fue. Pero ya la ten\u00edan en cuenta. <\/cite><\/span><\/p>\n<p align=\"justify\"><span style=\"font-size: large;\"><cite>Pero tanto fue el anuncio de este evento a celebrar que el propio Alcalde de Plasencia lo daba como conseguido por \u00e9l. As\u00ed lo reflejaban los medios de comunicaci\u00f3n locales. Todo ello lleg\u00f3 a o\u00eddo del Alcalde de B\u00e9jar, que manten\u00eda silencio comunicativo, siguiendo las indicaciones del Obispo y de la propia Fundaci\u00f3n.<\/cite><\/span><\/p>\n<p align=\"justify\"><span style=\"font-size: large;\"><cite>Tanto molest\u00f3 al Alcalde de B\u00e9jar, que tuvo que contactar con el de Plasencia para indicarle que todos esos anuncios llevado por \u00e9l estaban molestando a la Fundaci\u00f3n, dado que era ella la que tenia que tener el protagonismo de anunciarlo cuando estuviese decidido.<\/cite><\/span><\/p>\n<p align=\"justify\"><span style=\"font-size: large;\"><cite>Cuando la Fundaci\u00f3n se re\u00fane en Valladolid para la toma de decisi\u00f3n se saltan a Plasencia para otra oportunidad y seguir las exposiciones de acuerdo a sus prioridades, pasando a Burgos.<\/cite><\/span><\/p>\n<p align=\"justify\"><span style=\"font-size: large;\"><cite>No obstante el populista Alcalde, no ha dejado de apropiarse de haber conseguido este evento cultural de primer orden. La realidad es que durante todo este tiempo y de manera discreta ha sido el Obispo el verdadero art\u00edfice para que la Fundaci\u00f3n <\/cite><cite>cambiara su parecer. Cuando el obispo tuvo conocimiento del acuerdo de la Fundaci\u00f3n de que en las Catedrales de Plasencia, ser\u00eda la Exposici\u00f3n del a\u00f1o 2022, fue cuando lo comunic\u00f3 al Presidente de la Junta de Extremadura y al Alcalde de la Ciudad, en reuniones discretas.<\/cite><\/span><\/p>\n<p align=\"justify\"><span style=\"font-size: large;\"><cite>Despu\u00e9s de varios a\u00f1os desde el primer impulso, la Fundaci\u00f3n en su reuni\u00f3n de 2021 hace p\u00fablico que para 2022 se celebrar\u00e1 la exposici\u00f3n en las Catedrales de Plasencia. Semanas despu\u00e9s en acto p\u00fablico celebrado en la Catedral de Santa Mar\u00eda (catedral vieja), con asistencia del Presidente de la Comunidad Aut\u00f3noma,<\/cite><cite>el Secretario General de la Fundaci\u00f3n, <\/cite><cite>Dean Presidente del Cabildo<\/cite><cite> y el Alcalde de Plasencia, el Obispo D. Jose Luis Retana Gozalo,lo hace p\u00fablico. <\/cite><\/span><\/p>\n<p align=\"justify\"><span style=\"font-size: large;\"><cite>A\u00fan <\/cite><cite>as\u00ed<\/cite><cite> el Alcalde ha <\/cite><cite>tenido que recibir un escrito de la fundaci\u00f3n pidi\u00e9ndole su moderaci\u00f3n a la hora de anunciar decisiones\/ invitaci\u00f3n a los Reyes de Espa\u00f1a en un acto en <\/cite><cite>Monasterio de <\/cite><cite>Yuste y otras declaraciones en medios, que corresponden hacerlas a la Fundaci\u00f3n,Obispado y Cabildo Catedral, solamente y por otra parte obviando al Presidente de la Junta de Extremadura que es el representante ordinario del Estado en la Regi\u00f3n.<\/cite><\/span><\/p>\n<p align=\"justify\"><span style=\"font-size: large;\"><cite>Posteriormente y a partir del 21 de Febrero quedaron cerrada las Catedrales para iniciar los preparativos de la exposici\u00f3n y a disposici\u00f3n de la Fundaci\u00f3n que es la encargada de organizarla <\/cite><cite>y nombrando Comisario de la Exposici\u00f3n al Delegado de Patrimonio de la Di\u00f3cesis,D. Juan Antonio <\/cite><cite>De <\/cite><cite> Luis Gal\u00e1n.<\/cite><\/span><\/p>\n<!-- AddThis Advanced Settings generic via filter on the_content --><!-- AddThis Share Buttons generic via filter on the_content -->","protected":false},"excerpt":{"rendered":"<p>LAS EDADES DEL HOMBRE EN PLASENCIA Plasencia se prepara para recibir la magna exposici\u00f3n de arte-sacro entre los pr\u00f3ximos meses de mayo y noviembre de este a\u00f1o del Se\u00f1or de 2022. Todo empez\u00f3 a gestarse hace mas de diez a\u00f1os cuando el Obispo Em\u00e9rito de Salamanca (entonces residencial), D. Carlos L\u00f3pez Hern\u00e1ndez, presidiendo por entonces [&hellip;]<!-- AddThis Advanced Settings generic via filter on get_the_excerpt --><!-- AddThis Share Buttons generic via filter on get_the_excerpt --><\/p>\n","protected":false},"author":44,"featured_media":0,"comment_status":"open","ping_status":"closed","sticky":false,"template":"","format":"standard","meta":[],"categories":[1],"tags":[],"_links":{"self":[{"href":"https:\/\/blogs.hoy.es\/desdelacofa\/wp-json\/wp\/v2\/posts\/428"}],"collection":[{"href":"https:\/\/blogs.hoy.es\/desdelacofa\/wp-json\/wp\/v2\/posts"}],"about":[{"href":"https:\/\/blogs.hoy.es\/desdelacofa\/wp-json\/wp\/v2\/types\/post"}],"author":[{"embeddable":true,"href":"https:\/\/blogs.hoy.es\/desdelacofa\/wp-json\/wp\/v2\/users\/44"}],"replies":[{"embeddable":true,"href":"https:\/\/blogs.hoy.es\/desdelacofa\/wp-json\/wp\/v2\/comments?post=428"}],"version-history":[{"count":1,"href":"https:\/\/blogs.hoy.es\/desdelacofa\/wp-json\/wp\/v2\/posts\/428\/revisions"}],"predecessor-version":[{"id":429,"href":"https:\/\/blogs.hoy.es\/desdelacofa\/wp-json\/wp\/v2\/posts\/428\/revisions\/429"}],"wp:attachment":[{"href":"https:\/\/blogs.hoy.es\/desdelacofa\/wp-json\/wp\/v2\/media?parent=428"}],"wp:term":[{"taxonomy":"category","embeddable":true,"href":"https:\/\/blogs.hoy.es\/desdelacofa\/wp-json\/wp\/v2\/categories?post=428"},{"taxonomy":"post_tag","embeddable":true,"href":"https:\/\/blogs.hoy.es\/desdelacofa\/wp-json\/wp\/v2\/tags?post=428"}],"curies":[{"name":"wp","href":"https:\/\/api.w.org\/{rel}","templated":true}]}}