{"id":439,"date":"2024-06-30T11:20:12","date_gmt":"2024-06-30T11:20:12","guid":{"rendered":"https:\/\/blogs.hoy.es\/desdelacofa\/?p=439"},"modified":"2024-06-30T11:20:12","modified_gmt":"2024-06-30T11:20:12","slug":"oh-sorpresa-el-alcalde-de-plasencia-se-entera-de-que-pueden-hacerse-aparcamientos-subteraneos","status":"publish","type":"post","link":"https:\/\/blogs.hoy.es\/desdelacofa\/2024\/06\/30\/oh-sorpresa-el-alcalde-de-plasencia-se-entera-de-que-pueden-hacerse-aparcamientos-subteraneos\/","title":{"rendered":"!OH ! SORPRESA: EL ALCALDE DE PLASENCIA SE ENTERA DE QUE PUEDEN HACERSE APARCAMIENTOS SUBTERANEOS"},"content":{"rendered":"<p align=\"justify\"><span style=\"font-size: large;\"><b>! OH ! SORPRESA: EL ALCALDE DE PLASENCIA SE ENTERA DE QUE PUEDEN HACERSE APARCAMIENTOS<\/b><\/span><\/p>\n<p align=\"justify\"><span style=\"font-size: large;\"><b>SUBTERR\u00c1NEO<\/b> <\/span><\/p>\n<p align=\"justify\"><span style=\"font-size: large;\">Causa sorpresa ahora, despu\u00e9s de treces a\u00f1os de gobierno la posibilidad en Plasencia de hacer parking subterr\u00e1neos. As\u00ed lo anuncia ahora el Alcalde de que se est\u00e1n haciendo estudios para ver la posibilidad de hacer uno en el Distrito Norte (Barrio de Miralvalle).<\/span><\/p>\n<p align=\"justify\"><span style=\"font-size: large;\">Digo que causa sorpresa, dado que la Asociaci\u00f3n Vecinal Intramuros, lleva a\u00f1os insistiendo ante el Ayuntamiento por escritos y a trav\u00e9s de los medios de comunicaci\u00f3n, la necesidad de realizar parkings subterr\u00e1neos en algunas zonas del casco hist\u00f3rico, dada la necesidad apremiante de aparcamientos que sufre el Distrito Centro y que vienen denunciando los residentes y tambi\u00e9n los muchos ciudadanos de otros Distritos, que se acercan a realizar sus compras al Centro Comercial Abierto que es el centro de la Ciudad.<\/span><\/p>\n<p align=\"justify\"><span style=\"font-size: large;\">Este Alcalde, no ha querido ni escuchar como propuesta de soluci\u00f3n, el que se pudiera construir uno subterr\u00e1neo. Adem\u00e1s de no escuchar como es su obligaci\u00f3n , como representante del ayuntamiento, le guste o no sus representantes vecinales. Le sean palmeros o no. Le r\u00edan o no la gracia. Le sean o no serviles y que no se dejen manipular que es la forma que tiene este pol\u00edtico de hacer pol\u00edtica.<\/span><\/p>\n<p align=\"justify\"><span style=\"font-size: large;\">Pero no. Este narcisista patol\u00f3gico, presa de su ego\u00edsmo y autoritarismo , no escucha ni est\u00e1 acostumbrado a no ser que sean personas, grupos o asociaciones que est\u00e9n manipuladas por \u00e9l. \u00c9l solo quiere escuchar lo que \u00e9l quiere o\u00edr. Como si los residentes del centro urbano no le pagar\u00e1n tambi\u00e9n su sueldo como los dem\u00e1s ciudadanos. Pues no. Su orgullo, t\u00edpico de un dictadorzuelo bolivariano hace que la pol\u00edtica que le gusta hacer ,es manipulando a todos y haciendo lo que \u00e9l dice. Su car\u00e1cter mendaz del f\u00e1mulo alcalde, hace que con su palabrer\u00eda se le califique. As\u00ed le gusta gobernar; que le vamos hacer. Eso s\u00ed, muy poco democr\u00e1tica.<\/span><\/p>\n<p align=\"justify\"><span style=\"font-size: large;\">Todo viene ahora al caerse del guindo de que los aparcamientos subterr\u00e1neos, pueden dar soluci\u00f3n de los escasos espacios p\u00fablicos, que ya no pueden acoger mas coches; ni a los pocos garajes privados limitados por la falta de previsi\u00f3n municipal.<\/span><\/p>\n<p align=\"justify\"><span style=\"font-size: large;\">Desde hace trece a\u00f1os que lleva gobernando el actual alcalde, nunca ha querido escuchar a la sociedad civil que le ha ido reiterando esta necesidad. Un coche no se puede plegar y guardar en tu casa. El problema se ha ido acrecentando de tal manera que ni con los aparcamientos estrat\u00e9gicos &lt;digo bien estrat\u00e9gicos&gt; , construidos con fondos europeos ha sido imposible reducir esta urgente necesidad. De manera reiterada intent\u00f3 seducir a la poblaci\u00f3n , anunciando en reiteradas ocasiones que con estos aparcamientos (Isla, Eulogio Gonzale y Vel\u00e1squez), se sacar\u00edan muchos coches de las calles colindantes a ellos. Ya ven los resultados de este anuncio. Si se dan una vuelta por las inmediaciones de estos aparcamientos ver\u00e1n los aparcamientos casi llenos (algunos llenos) y las calles colindantes llenas de veh\u00edculos aparcados .<\/span><\/p>\n<p align=\"justify\"><span style=\"font-size: large;\">Todo un artista de la gesti\u00f3n. Ya ven los resultados de las medidas tomadas en el de Eulogio Gonzale. Sin comentarios dado los resultados y el fiasco de las medidas tomadas y que ahora tiene que rectificar. Como no escucha no acierta nunca. Vende solo humo. Eso si los &lt; paganini &gt;somos los ciudadanos.<\/span><\/p>\n<p align=\"justify\"><span style=\"font-size: large;\">Vemos bien, el que se construya ( si se llega) en el Distrito Norte (Barrio Miralvalle ) , dada la necesidad que tienen, pero tambi\u00e9n el Distrito Centro necesita soluci\u00f3n. Les relaciono solamente una serie de espacios del centro y que tiene conocimiento el ayuntamiento desde hace a\u00f1os para construir aparcamientos subterr\u00e1neos una vez superados los estudios geol\u00f3gicos necesarios: Plaza Mayor,Plaza de San Nicolas\/Santo Domingo,Avda. Juan carlos I, Colegio La Salle (patio deportivo), Cruz de los Ca\u00eddos, Plaza de la Torre Luc\u00eda, Avda., de La Salle, Plaza de San Calixto, Colegio Alfonso VIII(cuando se traslade). F\u00edjense la cantidad de espacios p\u00fablicos donde puede hacerse aparcamientos subterr\u00e1neos.<\/span><\/p>\n<p align=\"justify\"><span style=\"font-size: large;\">Pero que no nos distraiga con milongas a lo que nos tiene acostumbrado a los palcentinos, de que hay roca en el subsuelo. Hoy d\u00eda la tecnolog\u00eda puede superar cualquier contingencia. F\u00edjense en Madrid con Alvarez del Manzano, lo aparcamientos subterr\u00e1neo que abri\u00f3 para residentes y los que hizo para uso p\u00fablico.<\/span><\/p>\n<p align=\"justify\"><span style=\"font-size: large;\">Pero este id\u00f3latra pol\u00edtico, con cara de pl\u00fambeo y aire de derrota, no entiende que al aparcar en uno p\u00fablico hay que pagar una tarifa(aunque sea peque\u00f1a),que ayude a los gastos derivados de su mantenimiento y vigilancia y si es zona para residentes una tasa anual al retirar el tarjet\u00f3n autorizando aparcamiento , como se hace en todas las ciudades ,menos aqu\u00ed ,por la cabezoner\u00eda de que todo tiene que ser gratis y que al final pagamos todos los placentinos. Y en los de uso p\u00fablico construidos por empresas privadas que lo gestionan durante a\u00f1os para revertir lo invertido, vuelven al Ayuntamiento.<\/span><\/p>\n<p align=\"justify\"><span style=\"font-size: large;\">Una cosa tan sencilla de entender, este pol\u00edtico populista lo ve imposible dada su tozudez para escuchar y entender que los coches no son plegables, y en democracia se debe escuchar a los ciudadanos organizados en sus asociaciones representativas. Le guste o no.<\/span><\/p>\n<!-- AddThis Advanced Settings generic via filter on the_content --><!-- AddThis Share Buttons generic via filter on the_content -->","protected":false},"excerpt":{"rendered":"<p>! OH ! SORPRESA: EL ALCALDE DE PLASENCIA SE ENTERA DE QUE PUEDEN HACERSE APARCAMIENTOS SUBTERR\u00c1NEO Causa sorpresa ahora, despu\u00e9s de treces a\u00f1os de gobierno la posibilidad en Plasencia de hacer parking subterr\u00e1neos. As\u00ed lo anuncia ahora el Alcalde de que se est\u00e1n haciendo estudios para ver la posibilidad de hacer uno en el Distrito [&hellip;]<!-- AddThis Advanced Settings generic via filter on get_the_excerpt --><!-- AddThis Share Buttons generic via filter on get_the_excerpt --><\/p>\n","protected":false},"author":44,"featured_media":0,"comment_status":"open","ping_status":"closed","sticky":false,"template":"","format":"standard","meta":[],"categories":[1],"tags":[],"_links":{"self":[{"href":"https:\/\/blogs.hoy.es\/desdelacofa\/wp-json\/wp\/v2\/posts\/439"}],"collection":[{"href":"https:\/\/blogs.hoy.es\/desdelacofa\/wp-json\/wp\/v2\/posts"}],"about":[{"href":"https:\/\/blogs.hoy.es\/desdelacofa\/wp-json\/wp\/v2\/types\/post"}],"author":[{"embeddable":true,"href":"https:\/\/blogs.hoy.es\/desdelacofa\/wp-json\/wp\/v2\/users\/44"}],"replies":[{"embeddable":true,"href":"https:\/\/blogs.hoy.es\/desdelacofa\/wp-json\/wp\/v2\/comments?post=439"}],"version-history":[{"count":1,"href":"https:\/\/blogs.hoy.es\/desdelacofa\/wp-json\/wp\/v2\/posts\/439\/revisions"}],"predecessor-version":[{"id":440,"href":"https:\/\/blogs.hoy.es\/desdelacofa\/wp-json\/wp\/v2\/posts\/439\/revisions\/440"}],"wp:attachment":[{"href":"https:\/\/blogs.hoy.es\/desdelacofa\/wp-json\/wp\/v2\/media?parent=439"}],"wp:term":[{"taxonomy":"category","embeddable":true,"href":"https:\/\/blogs.hoy.es\/desdelacofa\/wp-json\/wp\/v2\/categories?post=439"},{"taxonomy":"post_tag","embeddable":true,"href":"https:\/\/blogs.hoy.es\/desdelacofa\/wp-json\/wp\/v2\/tags?post=439"}],"curies":[{"name":"wp","href":"https:\/\/api.w.org\/{rel}","templated":true}]}}