{"id":463,"date":"2025-12-10T17:32:21","date_gmt":"2025-12-10T17:32:21","guid":{"rendered":"https:\/\/blogs.hoy.es\/desdelacofa\/?p=463"},"modified":"2025-12-10T17:32:21","modified_gmt":"2025-12-10T17:32:21","slug":"las-arbitrariedades-del-alcalde-de-plasenciano-paran","status":"publish","type":"post","link":"https:\/\/blogs.hoy.es\/desdelacofa\/2025\/12\/10\/las-arbitrariedades-del-alcalde-de-plasenciano-paran\/","title":{"rendered":"LAS ARBITRARIEDADES DEL ALCALDE DE PLASENCIA,NO PARAN&#8230;"},"content":{"rendered":"<p align=\"justify\"><span style=\"font-size: large;\"><b>LAS ARBITRARIEDADES DEL ALCALDE DE PLASENCIA, NO PARAN\u2026<\/b><\/span><\/p>\n<p align=\"justify\"><span style=\"font-size: large;\"><b>*Otras dos Sentencias condenatorias:S\u00f3lida , coherente y concluyente.<\/b><\/span><\/p>\n<p align=\"justify\"><span style=\"font-size: large;\"><b>*Solo el Grupo socialista municipal,ha hecho un comunicado publico pidiendo responsabilidades.<\/b><\/span><\/p>\n<p align=\"justify\"><span style=\"font-size: large;\"><b>*El Grupo Unida Podemos y VOX, aun no lo han hecho.<\/b><\/span><\/p>\n<p align=\"justify\"><span style=\"font-size: large;\"><b>*Los Funcionarios est\u00e1n al servicio p\u00fablico y por tanto, con la legalidad. Apoyan con su servicio al pol\u00edtico pero no a su dictado y conveniencia.<\/b><\/span><\/p>\n<p align=\"justify\"><span style=\"font-size: large;\">No cesan las sentencias condenatorias al Ayuntamiento de Plasencia, por las arbitrariedades en la forma de gestionar la administraci\u00f3n municipal. La prensa regional esta publicando en estos \u00faltimos d\u00edas dos sentencias del Tribual Superior de Justicia de Extremadura por no actuar el Ayuntamiento conforme a Derecho : Al Ayuntamiento de San Gil y a dos Polic\u00edas Municipales .<\/span><\/p>\n<p align=\"justify\"><span style=\"font-size: large;\">Estas dos sentencias implican al Ayuntamiento de Plasencia en el pago de mas de 300.000\u20ac, entre ambos casos, aparte los intereses de demora y las costas.<\/span><\/p>\n<p align=\"justify\"><span style=\"font-size: large;\">Esta arbitrariedad t\u00edpica en la acci\u00f3n de gobierno del Alcalde,Fernando Pizarro Garc\u00eda, lleva a que los ciudadanos seamos los perjudicados por estas mala praxis de este pol\u00edtico autoritario y a las progradas habituales a las que nos tiene acostumbrado y su etilo pasivo-agresivo, en todo lo que no sea darle la raz\u00f3n , muy t\u00edpico de un narcisismo patol\u00f3gico . <\/span><\/p>\n<p align=\"justify\"><span style=\"font-size: large;\">Tiene un concepto patrimonialista del ayuntamiento y de su administraci\u00f3n y tiene la jeta de batracio de decir\u2026 Tiene una administraci\u00f3n municipal ,desnortada y desastrada que pagamos los ciudadanos con nuestros impuestos.<\/span><\/p>\n<p align=\"justify\"><span style=\"font-size: large;\">Piensa que el ayuntamiento es suyo y puede hacer lo que le da la gana . A los hechos rese\u00f1ados me remito.<\/span><\/p>\n<p align=\"justify\"><span style=\"font-size: large;\">Neg\u00f3 a san Gil , la parte de los tributos que remite la Hacienda estatal a trav\u00e9s del ayuntamiento matriz, teniendo que recurrir dicho ayuntamiento, despu\u00e9s de varios a\u00f1os de denuncia por parte de su alcaldesa y sus intervenciones en los Plenos Municipales, sin que Pizarro , hiciese caso a sus reclamaciones, por ello lo denunci\u00f3 a los Tribunales y estos han sentenciados en su contra y a favor del ayuntamiento de San Gil.<\/span><\/p>\n<p align=\"justify\"><span style=\"font-size: large;\">Y con los dos Municipales que aprobaron su oposici\u00f3n, la sentencia refleja \u201cnegligencia administrativa y exige depurar responsabilidades\u201d. Caso diferente, pero coincidente con la forma de operar de Pizarro, con lo que no le es de su agrado. Estos funcionarios aprueban la oposici\u00f3n y los retiene durante mas de dos a\u00f1os en casa sin mandarles a la Academia para su formaci\u00f3n policial ni pagarle el sueldo que por derecho les correspond\u00eda; y los otros dos polic\u00edas que tambi\u00e9n aprobaron la oposici\u00f3n de las cuatro vacantes ofertadas , si les manda a la Academia.<\/span><\/p>\n<p align=\"justify\"><span style=\"font-size: large;\">Ambas Sentencias del Tribunal Superior de Justicia de Extremadura, de solida,coherente y concluyente, determinan la condena al Ayuntamiento de Plasencia , en total garant\u00eda hacia los justiciables . <\/span><\/p>\n<p align=\"justify\"><span style=\"font-size: large;\">La depuraci\u00f3n de responsabilidades debe ir en triple sentido: Una la pol\u00edtica, haber que dice el alcalde y a quien hecha la culpa ; otra la de los Funcionario\/s que aprobaron y dieron como buena la trapacer\u00eda del pol\u00edtico actuante. Los informes emitidos deben aclarar de quien o quienes son responsable; y la tercera responsabilidad la Penal , dado que los Funcionarios actuantes en sus informes y el Alcalde a la cabeza, han emitido informes a sabiendas que no iban conforme a ley y por tanto entran en una presunta Prevaricaci\u00f3n administrativa .<\/span><\/p>\n<p align=\"justify\"><span style=\"font-size: large;\">Los Funcionarios son los responsables de los informes emitidos conforme a ley y no pueden presuntamente informar de acuerdo a conveniencia pol\u00edtica del responsable de la gesti\u00f3n municipal. Es decir, no pueden y lo digo, presuntamente informar de manera que sea del agrado del pol\u00edtico de turno.<\/span><\/p>\n<p align=\"justify\"><span style=\"font-size: large;\">El Alcalde, F. Pizarro Garc\u00eda, no ha hecho a\u00fan , declaraci\u00f3n publica con valoraci\u00f3n de lo acontecido para que el Tribunal condene. Los ciudadano y toda la sociedad civil junto con los Partidos pol\u00edticos en la oposici\u00f3n , estamos esperando explicaciones. Es mucho el dinero publico que hay que desembolsar y que hay que detraer de otros cap\u00edtulos necesarios para la inversi\u00f3n p\u00fablica de la que tan necesitada esta esta Ciudad. El dinero p\u00fablico si es de alguien y hay que gestionarlo bien. Es mucha la presi\u00f3n fiscal que soporta el ciudadano, para que un alcalde haga de la capa un sayo a su antojo, sin estar amparado en la legalidad.<\/span><\/p>\n<p align=\"justify\"><span style=\"font-size: large;\">Solo el grupo socialista de la oposici\u00f3n es el que ha hecho publico un comunicado exigiendo responsabilidades , los otros dos: Unidas Podemos y Vox, estamos a la espera de que digan o pidan responsabilidades . Hasta la fecha de publicar este blog, no lo han hecho. Esperemos que lo hagan mas pronto que tarde.<\/span><\/p>\n<p align=\"justify\"><span style=\"font-size: large;\">F. Pizarro Garc\u00eda, est\u00e1 siendo un pol\u00edtico sist\u00e9mico a la Democracia y a Plasencia. Tiene el s\u00edndrome de la mujer maltratada. Con un aspecto entre cura y sacrist\u00e1n . Siempre la culpa es de otros y \u00e9l, no es responsable de nada con 15 a\u00f1os de gobierno para 16 y 10 de concejal . Siempre con el tono imprecatorio de un hip\u00f3crita redomado.<\/span><\/p>\n<!-- AddThis Advanced Settings generic via filter on the_content --><!-- AddThis Share Buttons generic via filter on the_content -->","protected":false},"excerpt":{"rendered":"<p>LAS ARBITRARIEDADES DEL ALCALDE DE PLASENCIA, NO PARAN\u2026 *Otras dos Sentencias condenatorias:S\u00f3lida , coherente y concluyente. *Solo el Grupo socialista municipal,ha hecho un comunicado publico pidiendo responsabilidades. *El Grupo Unida Podemos y VOX, aun no lo han hecho. *Los Funcionarios est\u00e1n al servicio p\u00fablico y por tanto, con la legalidad. Apoyan con su servicio al [&hellip;]<!-- AddThis Advanced Settings generic via filter on get_the_excerpt --><!-- AddThis Share Buttons generic via filter on get_the_excerpt --><\/p>\n","protected":false},"author":44,"featured_media":0,"comment_status":"open","ping_status":"closed","sticky":false,"template":"","format":"standard","meta":[],"categories":[1],"tags":[1155,1154,1153,1158,1159,1152,1156,1157],"_links":{"self":[{"href":"https:\/\/blogs.hoy.es\/desdelacofa\/wp-json\/wp\/v2\/posts\/463"}],"collection":[{"href":"https:\/\/blogs.hoy.es\/desdelacofa\/wp-json\/wp\/v2\/posts"}],"about":[{"href":"https:\/\/blogs.hoy.es\/desdelacofa\/wp-json\/wp\/v2\/types\/post"}],"author":[{"embeddable":true,"href":"https:\/\/blogs.hoy.es\/desdelacofa\/wp-json\/wp\/v2\/users\/44"}],"replies":[{"embeddable":true,"href":"https:\/\/blogs.hoy.es\/desdelacofa\/wp-json\/wp\/v2\/comments?post=463"}],"version-history":[{"count":1,"href":"https:\/\/blogs.hoy.es\/desdelacofa\/wp-json\/wp\/v2\/posts\/463\/revisions"}],"predecessor-version":[{"id":464,"href":"https:\/\/blogs.hoy.es\/desdelacofa\/wp-json\/wp\/v2\/posts\/463\/revisions\/464"}],"wp:attachment":[{"href":"https:\/\/blogs.hoy.es\/desdelacofa\/wp-json\/wp\/v2\/media?parent=463"}],"wp:term":[{"taxonomy":"category","embeddable":true,"href":"https:\/\/blogs.hoy.es\/desdelacofa\/wp-json\/wp\/v2\/categories?post=463"},{"taxonomy":"post_tag","embeddable":true,"href":"https:\/\/blogs.hoy.es\/desdelacofa\/wp-json\/wp\/v2\/tags?post=463"}],"curies":[{"name":"wp","href":"https:\/\/api.w.org\/{rel}","templated":true}]}}