{"id":468,"date":"2026-01-13T12:29:27","date_gmt":"2026-01-13T12:29:27","guid":{"rendered":"https:\/\/blogs.hoy.es\/desdelacofa\/?p=468"},"modified":"2026-01-13T12:29:27","modified_gmt":"2026-01-13T12:29:27","slug":"nuevo-dislate-del-alcalde-de-plasencia-en-fitur","status":"publish","type":"post","link":"https:\/\/blogs.hoy.es\/desdelacofa\/2026\/01\/13\/nuevo-dislate-del-alcalde-de-plasencia-en-fitur\/","title":{"rendered":"NUEVO DISLATE DEL ALCALDE DE PLASENCIA EN FITUR"},"content":{"rendered":"<p align=\"justify\"><span style=\"font-size: large;\"><b>NUEVO DISLATE DEL ALCALDE DE PLASENCIA EN FITUR<\/b><\/span><\/p>\n<p align=\"justify\"><span style=\"font-size: large;\"><b>*Presenta a la Ciudad como destino de la diversidad.<\/b><\/span><\/p>\n<p align=\"justify\"><span style=\"font-size: large;\"><b>*Destino tur\u00edstico abierto al colectivo LGTBI.<\/b><\/span><\/p>\n<p align=\"justify\"><span style=\"font-size: large;\"><b>*Como si Plasencia no tuviera y su zona de influencia (Norte de Extremadura) otros atractivos tur\u00edsticos.<\/b><\/span><\/p>\n<p align=\"justify\"><span style=\"font-size: large;\">Nueva ocurrencia y dislate del Alcalde de Plasencia , Fernando Pizarro Garc\u00eda, al anuncio de presentaci\u00f3n de la ciudad en la Feria Internacional de Turismo a finales del mes de Enero en Madrid. Todo un esperpento mas de este pol\u00edtico de no saber que anunciar o de su propio cansancio pol\u00edtico con futuro incierto. Va de disparate en disparate, por no decir \u201cDislate\u201d, que como lo define el diccionario de Maria Moliner:\u201dacci\u00f3n que produce o es probable que produzca muy malos resultados\u201d.<\/span><\/p>\n<p align=\"justify\"><span style=\"font-size: large;\">Con este pol\u00edtico, que no sabe lo que hacer para poder llamar la atenci\u00f3n a su incapacidad de gestiona y lleno de su esp\u00edritu narcisista que inunda todas sus acciones, lleva para presentar como hito de la Ciudad de Plasencia ,capital natural del Norte de Extremadura , como destino de la diversidad como promoci\u00f3n tur\u00edstica al colectivo LGTBI.<\/span><\/p>\n<p align=\"justify\"><span style=\"font-size: large;\">No tenemos nada en contra de colectivo pero entendemos que la promoci\u00f3n tur\u00edstica de la ciudad debe estar orientada a poner en valor todo lo que la ciudad tiene de monumental, historia, gastronom\u00eda , entorno natural con nueve Comarcas que circundan y tienen a Plasencia en su centro geogr\u00e1fico . Pues no, Fernando Pizarro Garc\u00eda, tira para otro lado, sin comerlo ni beberlo . Vamos, que no se ha encomendado a nadie. Se le ocurre un d\u00eda y adelante. Como est\u00e1 acostumbrado a que nadie le enmiende la linea , dicho y hecho. O tiene inclinaci\u00f3n a ello, que por nosotros nada tengo que objetar. Pero como ciudadano si, preocupado del futuro de la ciudad a la que esta llevando este pol\u00edtico de disparate en disparate.<\/span><\/p>\n<p align=\"justify\"><span style=\"font-size: large;\">Se imaginan que si el a\u00f1o que viene se le ocurre presentar en FITUR, \u00bfla &lt;masculinidad o feminidad &gt;de los placentinos ? Todo puede ocurrir , dada la tendencia de este alcalde al haber perdido el rumbo del desarrollo de la ciudad y por ende de su atractivo tur\u00edstico de primer orden y el de los Valles del entorno. Y no ser\u00e1 porque no hay signos tur\u00edsticos importantes para llevar a esta Feria Internacional de Turismo, que es ademas la mas importante del mundo.<\/span><\/p>\n<p align=\"justify\"><span style=\"font-size: large;\">Pues no, Plasencia se desboca por otro sentido y en otro rumbo que envuelve un gran error. Pero para este pol\u00edtico no hay errores suyos, son todos de los dem\u00e1s. Hasta ese punto llega su hedonismo y su arbitrariedad en las decisiones.<\/span><\/p>\n<p align=\"justify\"><span style=\"font-size: large;\">No queremos pensar la cara que pondr\u00e1n en la presentaci\u00f3n en la Feria, la Consejera de Turismo y el Director General de Turismo, que tendr\u00e1n que lidiar en ese coso. Lo nunca visto dir\u00e1n. Pero con la boca chica, dado que es su Partido el que mantiene en la lista a este Alcalde. Bueno, pero que con su pan se lo coma y que se siga cociendo en su propia salsa, dir\u00e1n a modo de justificaci\u00f3n. <\/span><\/p>\n<p align=\"justify\"><span style=\"font-size: large;\">Esta si que es una buena entrada retorica de a\u00f1o, con esta presentaci\u00f3n de la Ciudad en su diversidad LGTBI. Nunca llego Plasencia en sus 850 a\u00f1os de existencia a tantos desatinos.<\/span><\/p>\n<!-- AddThis Advanced Settings generic via filter on the_content --><!-- AddThis Share Buttons generic via filter on the_content -->","protected":false},"excerpt":{"rendered":"<p>NUEVO DISLATE DEL ALCALDE DE PLASENCIA EN FITUR *Presenta a la Ciudad como destino de la diversidad. *Destino tur\u00edstico abierto al colectivo LGTBI. *Como si Plasencia no tuviera y su zona de influencia (Norte de Extremadura) otros atractivos tur\u00edsticos. Nueva ocurrencia y dislate del Alcalde de Plasencia , Fernando Pizarro Garc\u00eda, al anuncio de presentaci\u00f3n [&hellip;]<!-- AddThis Advanced Settings generic via filter on get_the_excerpt --><!-- AddThis Share Buttons generic via filter on get_the_excerpt --><\/p>\n","protected":false},"author":44,"featured_media":0,"comment_status":"open","ping_status":"closed","sticky":false,"template":"","format":"standard","meta":[],"categories":[1],"tags":[1171,1170,1168,1176,1177,1174,1175,1181,1178,1180,1179,1169,1172,1173],"_links":{"self":[{"href":"https:\/\/blogs.hoy.es\/desdelacofa\/wp-json\/wp\/v2\/posts\/468"}],"collection":[{"href":"https:\/\/blogs.hoy.es\/desdelacofa\/wp-json\/wp\/v2\/posts"}],"about":[{"href":"https:\/\/blogs.hoy.es\/desdelacofa\/wp-json\/wp\/v2\/types\/post"}],"author":[{"embeddable":true,"href":"https:\/\/blogs.hoy.es\/desdelacofa\/wp-json\/wp\/v2\/users\/44"}],"replies":[{"embeddable":true,"href":"https:\/\/blogs.hoy.es\/desdelacofa\/wp-json\/wp\/v2\/comments?post=468"}],"version-history":[{"count":1,"href":"https:\/\/blogs.hoy.es\/desdelacofa\/wp-json\/wp\/v2\/posts\/468\/revisions"}],"predecessor-version":[{"id":469,"href":"https:\/\/blogs.hoy.es\/desdelacofa\/wp-json\/wp\/v2\/posts\/468\/revisions\/469"}],"wp:attachment":[{"href":"https:\/\/blogs.hoy.es\/desdelacofa\/wp-json\/wp\/v2\/media?parent=468"}],"wp:term":[{"taxonomy":"category","embeddable":true,"href":"https:\/\/blogs.hoy.es\/desdelacofa\/wp-json\/wp\/v2\/categories?post=468"},{"taxonomy":"post_tag","embeddable":true,"href":"https:\/\/blogs.hoy.es\/desdelacofa\/wp-json\/wp\/v2\/tags?post=468"}],"curies":[{"name":"wp","href":"https:\/\/api.w.org\/{rel}","templated":true}]}}