{"id":470,"date":"2026-01-19T17:03:29","date_gmt":"2026-01-19T17:03:29","guid":{"rendered":"https:\/\/blogs.hoy.es\/desdelacofa\/?p=470"},"modified":"2026-01-19T17:03:29","modified_gmt":"2026-01-19T17:03:29","slug":"potente-comunicado-de-pymecon-poniendo-de-manifiesto-la-decadencia-de-plasencia-en-el-mandato-de-f-pizarro-garcia","status":"publish","type":"post","link":"https:\/\/blogs.hoy.es\/desdelacofa\/2026\/01\/19\/potente-comunicado-de-pymecon-poniendo-de-manifiesto-la-decadencia-de-plasencia-en-el-mandato-de-f-pizarro-garcia\/","title":{"rendered":"POTENTE COMUNICADO DE PYMECON PONIENDO DE MANIFIESTO LA DECADENCIA DE PLASENCIA EN EL MANDATO DE F. PIZARRO GARC\u00cdA"},"content":{"rendered":"<p align=\"justify\"><span style=\"font-size: large;\"><b>POTENTE COMUNICADO DE PYMECON, PONIENDO DE MANIFIESTO LA DECADENCIA DE PLASENCIA EN EL MANDATO DE F. PIZARRO GARC\u00cdA.<\/b><\/span><\/p>\n<p align=\"justify\"><span style=\"font-size: large;\">La Federaci\u00f3n Regional de la Peque\u00f1a y Mediana Empresas de la Construcci\u00f3n (PYMECON), ha hecho p\u00fablico un potente comunicado hace unos d\u00edas en medios regionales, sobre la decadencia de la situaci\u00f3n en la gesti\u00f3n municipal por parte del Actual Alcalde. Esta misma Federaci\u00f3n se ofrece en un acto generoso de colaboraci\u00f3n para ayudar al Ayuntamiento a gestionar bien.<\/span><\/p>\n<p align=\"justify\"><span style=\"font-size: large;\">Todo ello viene como consecuencias de la devoluci\u00f3n que ha tenido que hacer el alcalde de las cuatro mayor\u00edas &lt;p\u00edrricas&gt; de mas de 4 millones de Euros de fondos europeos. Ya volveremos a recordar lo de la mayor\u00edas en estas cuatro legislaturas. Ahora continuemos con el relato que nos proporciona el Comunicado de esta Federaci\u00f3n Regional de la construcci\u00f3n .<\/span><\/p>\n<p align=\"justify\"><span style=\"font-size: large;\">Aparte de la decepci\u00f3n empresarial y de la sociedad civil en general , por esta devoluci\u00f3n que afectan principalmente a obras estrat\u00e9gicas de la ciudad y que este alcalde populista debido a su incompetencia administrativa , ha hecho perder importantes recursos econ\u00f3micos, de los que la ciudad no anda muy sobrados. Y tambi\u00e9n para el empleo y movimiento empresarial. Pero le da igual a este personaje del postureo como forma de ganar &lt;pirricas &gt; elecciones para su supervivencia pol\u00edtica .No es consciente del da\u00f1o econ\u00f3mico que produce su mala praxis. Eso si, da razones justificativa que son infumables , pero como \u201clleva la iniciativa de la comunicaci\u00f3n\u201d,los manipulados lo ven bien.<\/span><\/p>\n<p align=\"justify\"><span style=\"font-size: large;\">Continua este Comunicado responsabilizando al gobierno municipal con el Alcalde a la cabeza, no es un hecho puntual y aislado sino a un continuo descalabro municipal por \u201causencia de gesti\u00f3n\u201d. Clarito se lo pone. Vamos entendible y cotejado por el d\u00eda a d\u00eda, recordado por la sociedad civil en sus manifestaciones publicas . Pero que se puede esperar de un personaje narcisista patol\u00f3gico , que solo le preocupa en hacer lo que \u00e9l dice y no escuchar a nadie que le contradiga , es decir: portador de la arbitrariedad .<\/span><\/p>\n<p align=\"justify\"><span style=\"font-size: large;\">La Gerencia de Urbanismo, ha sido propuesta por asociaciones vecinales ,y Manifiesto por Plasencia (MxP), en su programa program\u00e1tico y ahora ratificado por PYMECON, y que por fin, como ca\u00eddo del cielo, se ha dado cuenta este pol\u00edtico, de la necesidad de contar con este Departamento municipal, que permita agilizar los expedientes y paliar este desastre administrativo llevado de la arbitrariedad en las contrataciones de este pol\u00edtico, siempre llevado por el amiguismo ;como el T\u00e9cnico en contrataci\u00f3n premiado con el Nivel 30 de la administraci\u00f3n y que con &lt;este buey hemos arado&gt; , eso si las inversiones de fondos europeos se han esfumado, sin conseguir los proyectos inversores necesarios para la Ciudad . Algo esta fallando en la resoluci\u00f3n de estos expedientes que siempre pasa lo mismo.<\/span><\/p>\n<p align=\"justify\"><span style=\"font-size: large;\">Y todo ello unido a la din\u00e1mica de \u201cpar\u00e1lisis\u201d y \u201cdecadencia\u201d, que se agrava por la falta de suelo industrial urbanizado para el asentamiento de empresas , que est\u00e1n haciendo de Plasencia , una ciudad sin perspectivas de futuro.<\/span><\/p>\n<p align=\"justify\"><span style=\"font-size: large;\">Por otra parte, leo un articulo de Miguel Coque , en El Diario.es \/Extremadura, potente titulado \u201cEl Colapso de Plasencia\u201d; hace un recorrido del estado de la ciudad calamitoso. No solo relata el mal estado del pavimento callejero , sino de a mala gesti\u00f3n en los expedientes administrativos de personal como ha sido la indemnizaci\u00f3n por sentencia firme a dos municipales. O la queja de falta de personal funcionario y agilidad en la resoluci\u00f3n de los expedientes en los Departamentos correspondiente , cuando tiene liberados a siete ediles de su partido. Tambi\u00e9n nos recuerda la iniciativa que lleva este Alcalde en la comunicaci\u00f3n , lo califica como clave. Recordandole tambi\u00e9n lo nada que se ha hecho para potenciar suelo industrial en Fuentidue\u00f1as y el error estrat\u00e9gico por inacci\u00f3n de haber tenido ya una Estacion en linea AVE.<\/span><\/p>\n<p align=\"justify\"><span style=\"font-size: large;\">Me hago eco de este articulo por su coincidencia en los tiempos y en lo acertado de su an\u00e1lisis con el que mio, de una ciudad en &lt;decadencia&gt; o en &lt;colapso&gt;.Es penoso que en cuatro legislaturas del mandato de Pizarro , haya llevado a la Ciudad a un nivel tan bajo de desarrollo y perdida de peso especifico con el resto de la Regi\u00f3n y su gobierno auton\u00f3mico.<\/span><\/p>\n<!-- AddThis Advanced Settings generic via filter on the_content --><!-- AddThis Share Buttons generic via filter on the_content -->","protected":false},"excerpt":{"rendered":"<p>POTENTE COMUNICADO DE PYMECON, PONIENDO DE MANIFIESTO LA DECADENCIA DE PLASENCIA EN EL MANDATO DE F. PIZARRO GARC\u00cdA. La Federaci\u00f3n Regional de la Peque\u00f1a y Mediana Empresas de la Construcci\u00f3n (PYMECON), ha hecho p\u00fablico un potente comunicado hace unos d\u00edas en medios regionales, sobre la decadencia de la situaci\u00f3n en la gesti\u00f3n municipal por parte [&hellip;]<!-- AddThis Advanced Settings generic via filter on get_the_excerpt --><!-- AddThis Share Buttons generic via filter on get_the_excerpt --><\/p>\n","protected":false},"author":44,"featured_media":0,"comment_status":"open","ping_status":"closed","sticky":false,"template":"","format":"standard","meta":[],"categories":[1],"tags":[1182,1187,1183,1189,1184,1185,1188,1186],"_links":{"self":[{"href":"https:\/\/blogs.hoy.es\/desdelacofa\/wp-json\/wp\/v2\/posts\/470"}],"collection":[{"href":"https:\/\/blogs.hoy.es\/desdelacofa\/wp-json\/wp\/v2\/posts"}],"about":[{"href":"https:\/\/blogs.hoy.es\/desdelacofa\/wp-json\/wp\/v2\/types\/post"}],"author":[{"embeddable":true,"href":"https:\/\/blogs.hoy.es\/desdelacofa\/wp-json\/wp\/v2\/users\/44"}],"replies":[{"embeddable":true,"href":"https:\/\/blogs.hoy.es\/desdelacofa\/wp-json\/wp\/v2\/comments?post=470"}],"version-history":[{"count":1,"href":"https:\/\/blogs.hoy.es\/desdelacofa\/wp-json\/wp\/v2\/posts\/470\/revisions"}],"predecessor-version":[{"id":471,"href":"https:\/\/blogs.hoy.es\/desdelacofa\/wp-json\/wp\/v2\/posts\/470\/revisions\/471"}],"wp:attachment":[{"href":"https:\/\/blogs.hoy.es\/desdelacofa\/wp-json\/wp\/v2\/media?parent=470"}],"wp:term":[{"taxonomy":"category","embeddable":true,"href":"https:\/\/blogs.hoy.es\/desdelacofa\/wp-json\/wp\/v2\/categories?post=470"},{"taxonomy":"post_tag","embeddable":true,"href":"https:\/\/blogs.hoy.es\/desdelacofa\/wp-json\/wp\/v2\/tags?post=470"}],"curies":[{"name":"wp","href":"https:\/\/api.w.org\/{rel}","templated":true}]}}