{"id":1,"date":"2012-10-04T09:46:46","date_gmt":"2012-10-04T09:46:46","guid":{"rendered":"http:\/\/blogs.hoy.es\/dicestudemili\/?p=1"},"modified":"2012-10-04T09:46:46","modified_gmt":"2012-10-04T09:46:46","slug":"esperamos-medio-millon-de-historias-de-la-mili-en-caceres","status":"publish","type":"post","link":"https:\/\/blogs.hoy.es\/dicestudemili\/2012\/10\/04\/esperamos-medio-millon-de-historias-de-la-mili-en-caceres\/","title":{"rendered":"Esperamos medio mill\u00f3n de historias de la mili en C\u00e1ceres"},"content":{"rendered":"<div id=\"attachment_23\" style=\"width: 624px\" class=\"wp-caption aligncenter\"><a href=\"\/dicestudemili\/wp-content\/uploads\/sites\/57\/2012\/10\/ultimajuradebandera.jpg\"><img aria-describedby=\"caption-attachment-23\" loading=\"lazy\" class=\" wp-image-23 \" title=\"\u00daltima jura de bandera de soldados de reemplazo en el Cimov de C\u00e1ceres, en 2001. \/ Lorenzo Cordero\" src=\"\/dicestudemili\/wp-content\/uploads\/sites\/57\/2012\/10\/ultimajuradebandera.jpg\" alt=\"\u00daltima jura de bandera de soldados de reemplazo en el Cimov de C\u00e1ceres, en 2001. \/ Lorenzo Cordero\" width=\"614\" height=\"406\" srcset=\"https:\/\/static-blogs.hoy.es\/wp-content\/uploads\/sites\/57\/2012\/10\/ultimajuradebandera.jpg 1873w, https:\/\/static-blogs.hoy.es\/wp-content\/uploads\/sites\/57\/2012\/10\/ultimajuradebandera-300x198.jpg 300w, https:\/\/static-blogs.hoy.es\/wp-content\/uploads\/sites\/57\/2012\/10\/ultimajuradebandera-768x507.jpg 768w, https:\/\/static-blogs.hoy.es\/wp-content\/uploads\/sites\/57\/2012\/10\/ultimajuradebandera-1024x676.jpg 1024w\" sizes=\"(max-width: 614px) 100vw, 614px\" \/><\/a><p id=\"caption-attachment-23\" class=\"wp-caption-text\">\u00daltima jura de bandera de soldados de reemplazo en el Cimov de C\u00e1ceres, en 2001. \/ Lorenzo Cordero<\/p><\/div>\n<p>\u201cDesde 1965,\u00a0 alrededor de <strong>medio mill\u00f3n de hombres y mujeres<\/strong> se han formado como soldados en C\u00e1ceres, en la <strong>base de Santa Ana<\/strong> que se encuentra en la carretera de M\u00e9rida. Aqu\u00ed aprendi\u00f3 la <strong>instrucci\u00f3n militar<\/strong> desde <strong>Felipe Gonz\u00e1lez<\/strong> al cantante <strong>Jos\u00e9 Luis Perales, entre muchos otros<\/strong>, conocidos y an\u00f3nimos ciudadanos.<\/p>\n<div id=\"attachment_22\" style=\"width: 207px\" class=\"wp-caption alignright\"><a href=\"\/dicestudemili\/wp-content\/uploads\/sites\/57\/2012\/10\/felipe-gonz\u00e1lezmili.jpg\"><img aria-describedby=\"caption-attachment-22\" loading=\"lazy\" class=\"size-medium wp-image-22\" title=\"Foto de Felipe Gonz\u00e1lez cuando hizo la mili en C\u00e1ceres.\" src=\"\/dicestudemili\/wp-content\/uploads\/sites\/57\/2012\/10\/felipe-gonz\u00e1lezmili.jpg\" alt=\"Foto de Felipe Gonz\u00e1lez cuando hizo la mili en C\u00e1ceres.\" width=\"197\" height=\"300\" \/><\/a><p id=\"caption-attachment-22\" class=\"wp-caption-text\">Foto de Felipe Gonz\u00e1lez cuando hizo la mili en C\u00e1ceres.<\/p><\/div>\n<p>La relaci\u00f3n de C\u00e1ceres con la mili <strong>est\u00e1 tan presente en la intrahistoria de Espa\u00f1a<\/strong> que no es extra\u00f1o que <strong>el humorista <a href=\"http:\/\/www.rtve.es\/television\/la-hora-de-jose-mota\/\" target=\"_blank\">Jos\u00e9 Mota<\/a><\/strong> la usara como latiguillo en su programa de humor \u2018<strong>La hora de Jos\u00e9 Mota<\/strong>\u2019, cuando uno de sus personajes, para entablar conversaci\u00f3n con desconocidos, exclamaba: \u201c<strong><a href=\"http:\/\/www.youtube.com\/watch?v=D5MM-GNzIVg\" target=\"_blank\">\u00a1Dices t\u00fa de mili\u2026 para mili la que hice yo en C\u00e1ceres!<\/a>\u201d<\/strong>.<\/p>\n<p>HOY intenta que este blog sea un r<strong>ecuerdo del tiempo que muchos espa\u00f1oles pasaron en C\u00e1ceres<\/strong>. Le invitamos a que, si usted es una de las miles de personas que se vistieron de caqui en esta ciudad, reviva su juventud en este espacio, porque es cierto lo que escribi\u00f3 el poeta <strong>Marco Valerio (40-104): \u201cPoder disfrutar de los recuerdos de la vida, es vivir dos veces\u201d<\/strong>.<\/p>\n<p>Adem\u00e1s, los interesados en ver de cerca algunos de los principales momentos vividos en base de Santa Ana, el 28 de noviembre se inaugurar\u00e1, en el Gobierno Militar de C\u00e1ceres, la exposici\u00f3n \u2018<strong>Medios de comunicaci\u00f3n y Ej\u00e9rcito en C\u00e1ceres<\/strong>\u2019, donde se mostrar\u00e1 la historia y las actividades del centro de formaci\u00f3n militar que tan ligado est\u00e1 a esta ciudad.<br \/>\n<object id=\"flashObj\" width=\"640\" height=\"360\" classid=\"clsid:d27cdb6e-ae6d-11cf-96b8-444553540000\" codebase=\"http:\/\/download.macromedia.com\/pub\/shockwave\/cabs\/flash\/swflash.cab#version=6,0,40,0\"><param name=\"flashVars\" value=\"@videoPlayer=1948756434001&#038;playerID=309010012001&#038;playerKey=AQ~~,AAAAE_Nrnlk~,nvezczbcIbFKkdWFPX_8YwXJCUFbI5Xb&#038;domain=embed&#038;dynamicStreaming=true\" \/><param name=\"base\" value=\"http:\/\/admin.brightcove.com\" \/><param name=\"seamlesstabbing\" value=\"false\" \/><param name=\"allowFullScreen\" value=\"true\" \/><param name=\"swLiveConnect\" value=\"true\" \/><param name=\"allowScriptAccess\" value=\"always\" \/><param name=\"src\" value=\"http:\/\/c.brightcove.com\/services\/viewer\/federated_f9?isVid=1&#038;isUI=1\" \/><param name=\"flashvars\" value=\"@videoPlayer=1948756434001&#038;playerID=309010012001&#038;playerKey=AQ~~,AAAAE_Nrnlk~,nvezczbcIbFKkdWFPX_8YwXJCUFbI5Xb&#038;domain=embed&#038;dynamicStreaming=true\" \/><param name=\"allowfullscreen\" value=\"true\" \/><param name=\"allowscriptaccess\" value=\"always\" \/><param name=\"swliveconnect\" value=\"true\" \/><param name=\"pluginspage\" value=\"http:\/\/www.macromedia.com\/shockwave\/download\/index.cgi?P1_Prod_Version=ShockwaveFlash\" \/><embed id=\"flashObj\" width=\"640\" height=\"360\" type=\"application\/x-shockwave-flash\" src=\"\/\/c.brightcove.com\/services\/viewer\/federated_f9?isVid=1&#038;isUI=1\" flashVars=\"@videoPlayer=1948756434001&#038;playerID=309010012001&#038;playerKey=AQ~~,AAAAE_Nrnlk~,nvezczbcIbFKkdWFPX_8YwXJCUFbI5Xb&#038;domain=embed&#038;dynamicStreaming=true\" base=\"http:\/\/admin.brightcove.com\" seamlesstabbing=\"false\" allowFullScreen=\"true\" swLiveConnect=\"true\" allowScriptAccess=\"always\" flashvars=\"@videoPlayer=1948756434001&#038;playerID=309010012001&#038;playerKey=AQ~~,AAAAE_Nrnlk~,nvezczbcIbFKkdWFPX_8YwXJCUFbI5Xb&#038;domain=embed&#038;dynamicStreaming=true\" allowfullscreen=\"true\" allowscriptaccess=\"always\" swliveconnect=\"true\" pluginspage=\"http:\/\/www.macromedia.com\/shockwave\/download\/index.cgi?P1_Prod_Version=ShockwaveFlash\" \/><\/object><\/p>\n<p>Esperamos sus historias, an\u00e9cdotas, comentarios y fotos.<\/p>\n<!-- AddThis Advanced Settings generic via filter on the_content --><!-- AddThis Share Buttons generic via filter on the_content -->","protected":false},"excerpt":{"rendered":"<p>\u201cDesde 1965,\u00a0 alrededor de medio mill\u00f3n de hombres y mujeres se han formado como soldados en C\u00e1ceres, en la base de Santa Ana que se encuentra en la carretera de M\u00e9rida. Aqu\u00ed aprendi\u00f3 la instrucci\u00f3n militar desde Felipe Gonz\u00e1lez al cantante Jos\u00e9 Luis Perales, entre muchos otros, conocidos y an\u00f3nimos ciudadanos. La relaci\u00f3n de C\u00e1ceres [&hellip;]<!-- AddThis Advanced Settings generic via filter on get_the_excerpt --><!-- AddThis Share Buttons generic via filter on get_the_excerpt --><\/p>\n","protected":false},"author":52,"featured_media":0,"comment_status":"open","ping_status":"closed","sticky":false,"template":"","format":"standard","meta":[],"categories":[2,4,6],"tags":[77,131,194,195,299,303,452,476,483,484,496,574,597,692,705,802,826,842],"_links":{"self":[{"href":"https:\/\/blogs.hoy.es\/dicestudemili\/wp-json\/wp\/v2\/posts\/1"}],"collection":[{"href":"https:\/\/blogs.hoy.es\/dicestudemili\/wp-json\/wp\/v2\/posts"}],"about":[{"href":"https:\/\/blogs.hoy.es\/dicestudemili\/wp-json\/wp\/v2\/types\/post"}],"author":[{"embeddable":true,"href":"https:\/\/blogs.hoy.es\/dicestudemili\/wp-json\/wp\/v2\/users\/52"}],"replies":[{"embeddable":true,"href":"https:\/\/blogs.hoy.es\/dicestudemili\/wp-json\/wp\/v2\/comments?post=1"}],"version-history":[{"count":0,"href":"https:\/\/blogs.hoy.es\/dicestudemili\/wp-json\/wp\/v2\/posts\/1\/revisions"}],"wp:attachment":[{"href":"https:\/\/blogs.hoy.es\/dicestudemili\/wp-json\/wp\/v2\/media?parent=1"}],"wp:term":[{"taxonomy":"category","embeddable":true,"href":"https:\/\/blogs.hoy.es\/dicestudemili\/wp-json\/wp\/v2\/categories?post=1"},{"taxonomy":"post_tag","embeddable":true,"href":"https:\/\/blogs.hoy.es\/dicestudemili\/wp-json\/wp\/v2\/tags?post=1"}],"curies":[{"name":"wp","href":"https:\/\/api.w.org\/{rel}","templated":true}]}}