{"id":1044,"date":"2013-04-18T23:34:36","date_gmt":"2013-04-18T23:34:36","guid":{"rendered":"http:\/\/blogs.hoy.es\/dicestudemili\/?p=1044"},"modified":"2013-04-18T23:34:36","modified_gmt":"2013-04-18T23:34:36","slug":"1989-y-2-que-recuerdos-de-la-polleria-cuando-no-estaba-arrestado","status":"publish","type":"post","link":"https:\/\/blogs.hoy.es\/dicestudemili\/2013\/04\/18\/1989-y-2-que-recuerdos-de-la-polleria-cuando-no-estaba-arrestado\/","title":{"rendered":"1989 (y 2): &#8220;Que recuerdos de la poller\u00eda&#8230; cuando no estaba arrestado&#8221;"},"content":{"rendered":"<div id=\"attachment_1045\" style=\"width: 672px\" class=\"wp-caption aligncenter\"><a href=\"\/dicestudemili\/wp-content\/uploads\/sites\/57\/2013\/04\/cir.jpg\"><img aria-describedby=\"caption-attachment-1045\" loading=\"lazy\" class=\" wp-image-1045   \" title=\"Postal del campamento Santa Ana.\" src=\"\/dicestudemili\/wp-content\/uploads\/sites\/57\/2013\/04\/cir.jpg\" alt=\"Postal del campamento Santa Ana.\" width=\"662\" height=\"443\" srcset=\"https:\/\/static-blogs.hoy.es\/wp-content\/uploads\/sites\/57\/2013\/04\/cir.jpg 908w, https:\/\/static-blogs.hoy.es\/wp-content\/uploads\/sites\/57\/2013\/04\/cir-300x201.jpg 300w, https:\/\/static-blogs.hoy.es\/wp-content\/uploads\/sites\/57\/2013\/04\/cir-768x514.jpg 768w\" sizes=\"(max-width: 662px) 100vw, 662px\" \/><\/a><p id=\"caption-attachment-1045\" class=\"wp-caption-text\">Postal del campamento Santa Ana.<\/p><\/div>\n<p>&nbsp;<\/p>\n<p>&#8220;Hola, yo hice la instrucci\u00f3n en el segundo reemplazo del 89, en la compa\u00f1ia n\u00ba 14. Yo me lo pas\u00e9 de miedo, pues me las ingeni\u00e9 para que me alistaran en la banda de m\u00fasica&#8230;. fant\u00e1sticos momentos de escaqueo!!! Aunque imposible olvidar cuando tocaba cocina&#8230; ese d\u00eda no acababa nunca por Dios!!! y si no mal recuerdo, al menos en los 40 d\u00edas me toc\u00f3 3 veces. Y que recuerdos de esa poller\u00eda&#8230; cuando no estaba arrestado, claro. Ojala se animen los que coincidimos all\u00ed, y pueda retomar esas historias de nuestra p&#8230; mili. jajajaja, sobre todos despu\u00e9s de que tuve la suerte de coincidir con algunos en el destino, saludos a todos&#8221;. Este es el comentario que public\u00f3\u00a0<strong>Pascual Heredero<\/strong> en la p\u00e1gina web www.amigosdelamili.com.<\/p>\n<p>En el blog Historias de El Pardo figura este comentario an\u00f3nimo: &#8220;Yo era del tercer reemplazo de 89 y estuve en la compa\u00f1\u00eda numero 3. Me acuerdo de subir a lavar ropa al lavadero de al lado de la piscina y, que decir de la dehesa de toros al lado cuando hac\u00edas marchas nocturnas, jeje. Saludos a todos los que han estado en el Santa Ana&#8221;.<\/p>\n<p>En el a\u00f1o 1989, el <strong>26 de abril<\/strong>, fue noticia la firma de un convenio entre el CIR y la <strong>Caja de Ahorros de C\u00e1ceres<\/strong>. Mediante este convenio Caja C\u00e1ceres se compromet\u00eda a dar un apoyo t\u00e9cnico y econ\u00f3mico para el desarrollo deportivo y cultural en el CIR. Se entregaba al centro de instrucci\u00f3n un equipo de proyecci\u00f3n de diapositivas y 15.000 folletos informativos sobre C\u00e1ceres, as\u00ed como 3.000 ejemplares del libro de <strong>Antonio Floriano<\/strong> &#8216;C\u00e1ceres monumental visto en una hora&#8217;.<\/p>\n<p>&nbsp;<\/p>\n<div id=\"attachment_1048\" style=\"width: 673px\" class=\"wp-caption aligncenter\"><a href=\"\/dicestudemili\/wp-content\/uploads\/sites\/57\/2013\/04\/mili-copia1.jpg\"><img aria-describedby=\"caption-attachment-1048\" loading=\"lazy\" class=\" wp-image-1048   \" title=\"Noticia publicada en el Diario HOY del convenio del CIR con Caja de C\u00e1ceres.\" src=\"\/dicestudemili\/wp-content\/uploads\/sites\/57\/2013\/04\/mili-copia1.jpg\" alt=\"Noticia publicada en el Diario HOY del convenio del CIR con Caja de C\u00e1ceres.\" width=\"663\" height=\"257\" srcset=\"https:\/\/static-blogs.hoy.es\/wp-content\/uploads\/sites\/57\/2013\/04\/mili-copia1.jpg 1134w, https:\/\/static-blogs.hoy.es\/wp-content\/uploads\/sites\/57\/2013\/04\/mili-copia1-300x116.jpg 300w, https:\/\/static-blogs.hoy.es\/wp-content\/uploads\/sites\/57\/2013\/04\/mili-copia1-768x298.jpg 768w, https:\/\/static-blogs.hoy.es\/wp-content\/uploads\/sites\/57\/2013\/04\/mili-copia1-1024x397.jpg 1024w\" sizes=\"(max-width: 663px) 100vw, 663px\" \/><\/a><p id=\"caption-attachment-1048\" class=\"wp-caption-text\">Noticia publicada en el Diario HOY del convenio del CIR con Caja de C\u00e1ceres.<\/p><\/div>\n<p>&nbsp;<\/p>\n<p>El <strong>4 de septiembre<\/strong> se produjo un accidente de tr\u00e1fico llamativo, cuando a las 11.45 horas un coche con matr\u00edcula de Madrid, conducido por <strong>Hilario Gal\u00e1n Herrero<\/strong>, de 55 a\u00f1os, se sali\u00f3 de la carretera nacional 630 y embisti\u00f3 la valla met\u00e1lica del per\u00edmetro del CIR. El conductor result\u00f3 herido leve, al igual que su mujer y su hija que viajaban en el veh\u00edculo.<\/p>\n<p>El <strong>15 de octubre<\/strong> tuvo lugar en <strong>Lagartera<\/strong> (Toledo) un accidente mortal de soldados que proced\u00edan del CIR de C\u00e1ceres. El soldado <strong>Francisco Jos\u00e9 Naranjo Gonz\u00e1lez<\/strong>, de 19 a\u00f1os, falleci\u00f3. Resultaron heridos de gravedad otros dos j\u00f3venes de 19 a\u00f1os que ocupaban el veh\u00edculo:<strong> Jes\u00fas Miguel Mart\u00edn P\u00e9rez<\/strong> y <strong>Pedro Morales P\u00e9rez<\/strong>, este \u00faltimo tambi\u00e9n era soldado del CIR cacere\u00f1o.<\/p>\n<!-- AddThis Advanced Settings generic via filter on the_content --><!-- AddThis Share Buttons generic via filter on the_content -->","protected":false},"excerpt":{"rendered":"<p>&nbsp; &#8220;Hola, yo hice la instrucci\u00f3n en el segundo reemplazo del 89, en la compa\u00f1ia n\u00ba 14. Yo me lo pas\u00e9 de miedo, pues me las ingeni\u00e9 para que me alistaran en la banda de m\u00fasica&#8230;. fant\u00e1sticos momentos de escaqueo!!! Aunque imposible olvidar cuando tocaba cocina&#8230; ese d\u00eda no acababa nunca por Dios!!! y si [&hellip;]<!-- AddThis Advanced Settings generic via filter on get_the_excerpt --><!-- AddThis Share Buttons generic via filter on get_the_excerpt --><\/p>\n","protected":false},"author":52,"featured_media":0,"comment_status":"open","ping_status":"closed","sticky":false,"template":"","format":"standard","meta":[],"categories":[3],"tags":[94,200,530,596,655,898,905],"_links":{"self":[{"href":"https:\/\/blogs.hoy.es\/dicestudemili\/wp-json\/wp\/v2\/posts\/1044"}],"collection":[{"href":"https:\/\/blogs.hoy.es\/dicestudemili\/wp-json\/wp\/v2\/posts"}],"about":[{"href":"https:\/\/blogs.hoy.es\/dicestudemili\/wp-json\/wp\/v2\/types\/post"}],"author":[{"embeddable":true,"href":"https:\/\/blogs.hoy.es\/dicestudemili\/wp-json\/wp\/v2\/users\/52"}],"replies":[{"embeddable":true,"href":"https:\/\/blogs.hoy.es\/dicestudemili\/wp-json\/wp\/v2\/comments?post=1044"}],"version-history":[{"count":0,"href":"https:\/\/blogs.hoy.es\/dicestudemili\/wp-json\/wp\/v2\/posts\/1044\/revisions"}],"wp:attachment":[{"href":"https:\/\/blogs.hoy.es\/dicestudemili\/wp-json\/wp\/v2\/media?parent=1044"}],"wp:term":[{"taxonomy":"category","embeddable":true,"href":"https:\/\/blogs.hoy.es\/dicestudemili\/wp-json\/wp\/v2\/categories?post=1044"},{"taxonomy":"post_tag","embeddable":true,"href":"https:\/\/blogs.hoy.es\/dicestudemili\/wp-json\/wp\/v2\/tags?post=1044"}],"curies":[{"name":"wp","href":"https:\/\/api.w.org\/{rel}","templated":true}]}}