{"id":105,"date":"2012-11-18T21:40:42","date_gmt":"2012-11-18T21:40:42","guid":{"rendered":"http:\/\/blogs.hoy.es\/dicestudemili\/?p=105"},"modified":"2012-11-18T21:40:42","modified_gmt":"2012-11-18T21:40:42","slug":"el-cuartel-infanta-isabel","status":"publish","type":"post","link":"https:\/\/blogs.hoy.es\/dicestudemili\/2012\/11\/18\/el-cuartel-infanta-isabel\/","title":{"rendered":"El cuartel Infanta Isabel"},"content":{"rendered":"<div id=\"attachment_106\" style=\"width: 558px\" class=\"wp-caption aligncenter\"><a href=\"\/dicestudemili\/wp-content\/uploads\/sites\/57\/2012\/11\/1CACERES.-PUERTA-DE-ENTRADA-Y-FACHADA-DEL-CUARTEL-INFANTA-copia.jpg\"><img aria-describedby=\"caption-attachment-106\" loading=\"lazy\" class=\"size-full wp-image-106\" title=\"Entrada del Cuartel Infanta Isabel.\" src=\"\/dicestudemili\/wp-content\/uploads\/sites\/57\/2012\/11\/1CACERES.-PUERTA-DE-ENTRADA-Y-FACHADA-DEL-CUARTEL-INFANTA-copia.jpg\" alt=\"Entrada del Cuartel Infanta Isabel.\" width=\"548\" height=\"360\" srcset=\"https:\/\/static-blogs.hoy.es\/wp-content\/uploads\/sites\/57\/2012\/11\/1CACERES.-PUERTA-DE-ENTRADA-Y-FACHADA-DEL-CUARTEL-INFANTA-copia.jpg 548w, https:\/\/static-blogs.hoy.es\/wp-content\/uploads\/sites\/57\/2012\/11\/1CACERES.-PUERTA-DE-ENTRADA-Y-FACHADA-DEL-CUARTEL-INFANTA-copia-300x197.jpg 300w\" sizes=\"(max-width: 548px) 100vw, 548px\" \/><\/a><p id=\"caption-attachment-106\" class=\"wp-caption-text\">Entrada del Cuartel Infanta Isabel.<\/p><\/div>\n<p>Junto a la Plaza de Toros de C\u00e1ceres est\u00e1 el Cuartel Infanta Isabel, al que muchos reclutas acud\u00edan para recoger su uniforme. En la actualidad ya s\u00f3lo queda en pie el edificio principal, el resto de las naves se han tirado para hacer una urbanizaci\u00f3n.<\/p>\n<p><strong>Juan Antonio de la Rosa Yllera<\/strong>, subdelegado de Defensa en C\u00e1ceres hasta el 16 de diciembre de 2008, se\u00f1alaba a HOY el d\u00eda que pasaba a la reserva, que en 1977 fue destinado de capit\u00e1n al CIR de C\u00e1ceres. Entonces en el Cuartel se alojaba el mando, la plana mayor del CIR, la compa\u00f1\u00eda de destinos y dos compa\u00f1\u00edas de reclutas. Recordaba que en 1982 hab\u00eda en el cuartel unos 600 hombres y 3.000 en el CIR.<\/p>\n<!-- AddThis Advanced Settings generic via filter on the_content --><!-- AddThis Share Buttons generic via filter on the_content -->","protected":false},"excerpt":{"rendered":"<p>Junto a la Plaza de Toros de C\u00e1ceres est\u00e1 el Cuartel Infanta Isabel, al que muchos reclutas acud\u00edan para recoger su uniforme. En la actualidad ya s\u00f3lo queda en pie el edificio principal, el resto de las naves se han tirado para hacer una urbanizaci\u00f3n. Juan Antonio de la Rosa Yllera, subdelegado de Defensa en [&hellip;]<!-- AddThis Advanced Settings generic via filter on get_the_excerpt --><!-- AddThis Share Buttons generic via filter on get_the_excerpt --><\/p>\n","protected":false},"author":52,"featured_media":0,"comment_status":"open","ping_status":"closed","sticky":false,"template":"","format":"standard","meta":[],"categories":[3],"tags":[412,715],"_links":{"self":[{"href":"https:\/\/blogs.hoy.es\/dicestudemili\/wp-json\/wp\/v2\/posts\/105"}],"collection":[{"href":"https:\/\/blogs.hoy.es\/dicestudemili\/wp-json\/wp\/v2\/posts"}],"about":[{"href":"https:\/\/blogs.hoy.es\/dicestudemili\/wp-json\/wp\/v2\/types\/post"}],"author":[{"embeddable":true,"href":"https:\/\/blogs.hoy.es\/dicestudemili\/wp-json\/wp\/v2\/users\/52"}],"replies":[{"embeddable":true,"href":"https:\/\/blogs.hoy.es\/dicestudemili\/wp-json\/wp\/v2\/comments?post=105"}],"version-history":[{"count":0,"href":"https:\/\/blogs.hoy.es\/dicestudemili\/wp-json\/wp\/v2\/posts\/105\/revisions"}],"wp:attachment":[{"href":"https:\/\/blogs.hoy.es\/dicestudemili\/wp-json\/wp\/v2\/media?parent=105"}],"wp:term":[{"taxonomy":"category","embeddable":true,"href":"https:\/\/blogs.hoy.es\/dicestudemili\/wp-json\/wp\/v2\/categories?post=105"},{"taxonomy":"post_tag","embeddable":true,"href":"https:\/\/blogs.hoy.es\/dicestudemili\/wp-json\/wp\/v2\/tags?post=105"}],"curies":[{"name":"wp","href":"https:\/\/api.w.org\/{rel}","templated":true}]}}