{"id":1072,"date":"2013-04-22T06:13:30","date_gmt":"2013-04-22T06:13:30","guid":{"rendered":"http:\/\/blogs.hoy.es\/dicestudemili\/?p=1072"},"modified":"2013-04-22T06:13:30","modified_gmt":"2013-04-22T06:13:30","slug":"las-dedicatorias-reales","status":"publish","type":"post","link":"https:\/\/blogs.hoy.es\/dicestudemili\/2013\/04\/22\/las-dedicatorias-reales\/","title":{"rendered":"Dedicatorias reales: Primero el hijo y luego el padre"},"content":{"rendered":"<div id=\"attachment_1075\" style=\"width: 674px\" class=\"wp-caption aligncenter\"><a href=\"\/dicestudemili\/wp-content\/uploads\/sites\/57\/2013\/04\/3-101.-CACERES.-VISITA-DEL-PRINCIPE-DE-ESPA\u00d1A-AL-CIR-CENTRO-A2.jpg\"><img aria-describedby=\"caption-attachment-1075\" loading=\"lazy\" class=\" wp-image-1075   \" title=\"Visita del pr\u00edncipe Felipe el 5 de enero de 1995.\" src=\"\/dicestudemili\/wp-content\/uploads\/sites\/57\/2013\/04\/3-101.-CACERES.-VISITA-DEL-PRINCIPE-DE-ESPA\u00d1A-AL-CIR-CENTRO-A2.jpg\" alt=\"Visita del pr\u00edncipe Felipe el 5 de enero de 1995.\" width=\"664\" height=\"446\" srcset=\"https:\/\/static-blogs.hoy.es\/wp-content\/uploads\/sites\/57\/2013\/04\/3-101.-CACERES.-VISITA-DEL-PRINCIPE-DE-ESPA\u00d1A-AL-CIR-CENTRO-A2.jpg 1052w, https:\/\/static-blogs.hoy.es\/wp-content\/uploads\/sites\/57\/2013\/04\/3-101.-CACERES.-VISITA-DEL-PRINCIPE-DE-ESPA\u00d1A-AL-CIR-CENTRO-A2-300x202.jpg 300w, https:\/\/static-blogs.hoy.es\/wp-content\/uploads\/sites\/57\/2013\/04\/3-101.-CACERES.-VISITA-DEL-PRINCIPE-DE-ESPA\u00d1A-AL-CIR-CENTRO-A2-768x517.jpg 768w, https:\/\/static-blogs.hoy.es\/wp-content\/uploads\/sites\/57\/2013\/04\/3-101.-CACERES.-VISITA-DEL-PRINCIPE-DE-ESPA\u00d1A-AL-CIR-CENTRO-A2-1024x689.jpg 1024w\" sizes=\"(max-width: 664px) 100vw, 664px\" \/><\/a><p id=\"caption-attachment-1075\" class=\"wp-caption-text\">Visita del pr\u00edncipe Felipe el 5 de enero de 1995.<\/p><\/div>\n<p>&nbsp;<\/p>\n<p>El rey Juan Carlos I y su hijo el pr\u00edncipe Felipe, presidieron dos juras de bandera en C\u00e1ceres con un a\u00f1o y medio de separaci\u00f3n entre una y otra.<\/p>\n<p>El primero en venir fue el hijo. El 5 de enero de 1995 el Pr\u00edncipe vino a C\u00e1ceres y presidi\u00f3 por primera vez una jura de bandera, como \u00e9l mismo indica en la dedicatoria que escribi\u00f3 en el libro de honor del CIR.<\/p>\n<p>&nbsp;<\/p>\n<div id=\"attachment_1077\" style=\"width: 658px\" class=\"wp-caption aligncenter\"><a href=\"\/dicestudemili\/wp-content\/uploads\/sites\/57\/2013\/04\/4-148.-CACERES.-DEDICATORIA-DEL-PRINCIPE-FELIPE-TRAS-PRESIDIR.jpg\"><img aria-describedby=\"caption-attachment-1077\" loading=\"lazy\" class=\" wp-image-1077 \" title=\"Dedicatoria del pr\u00edncipe Felipe.\" src=\"\/dicestudemili\/wp-content\/uploads\/sites\/57\/2013\/04\/4-148.-CACERES.-DEDICATORIA-DEL-PRINCIPE-FELIPE-TRAS-PRESIDIR.jpg\" alt=\"Dedicatoria del pr\u00edncipe Felipe.\" width=\"648\" height=\"819\" srcset=\"https:\/\/static-blogs.hoy.es\/wp-content\/uploads\/sites\/57\/2013\/04\/4-148.-CACERES.-DEDICATORIA-DEL-PRINCIPE-FELIPE-TRAS-PRESIDIR.jpg 1355w, https:\/\/static-blogs.hoy.es\/wp-content\/uploads\/sites\/57\/2013\/04\/4-148.-CACERES.-DEDICATORIA-DEL-PRINCIPE-FELIPE-TRAS-PRESIDIR-237x300.jpg 237w, https:\/\/static-blogs.hoy.es\/wp-content\/uploads\/sites\/57\/2013\/04\/4-148.-CACERES.-DEDICATORIA-DEL-PRINCIPE-FELIPE-TRAS-PRESIDIR-768x970.jpg 768w, https:\/\/static-blogs.hoy.es\/wp-content\/uploads\/sites\/57\/2013\/04\/4-148.-CACERES.-DEDICATORIA-DEL-PRINCIPE-FELIPE-TRAS-PRESIDIR-810x1024.jpg 810w\" sizes=\"(max-width: 648px) 100vw, 648px\" \/><\/a><p id=\"caption-attachment-1077\" class=\"wp-caption-text\">Dedicatoria del pr\u00edncipe Felipe.<\/p><\/div>\n<p>&nbsp;<\/p>\n<p>A\u00f1o y medio m\u00e1s tarde, el 7 de julio de 1996 acudi\u00f3 su padre, el rey Juan Carlos I, presidiendo otra Jura de Bandera.<\/p>\n<p>&nbsp;<\/p>\n<div id=\"attachment_1078\" style=\"width: 643px\" class=\"wp-caption aligncenter\"><a href=\"\/dicestudemili\/wp-content\/uploads\/sites\/57\/2013\/04\/1-1996rey.jpg\"><img aria-describedby=\"caption-attachment-1078\" loading=\"lazy\" class=\" wp-image-1078  \" title=\"Visita del Rey en julio de 1996.\" src=\"\/dicestudemili\/wp-content\/uploads\/sites\/57\/2013\/04\/1-1996rey.jpg\" alt=\"Visita del Rey en julio de 1996.\" width=\"633\" height=\"462\" srcset=\"https:\/\/static-blogs.hoy.es\/wp-content\/uploads\/sites\/57\/2013\/04\/1-1996rey.jpg 879w, https:\/\/static-blogs.hoy.es\/wp-content\/uploads\/sites\/57\/2013\/04\/1-1996rey-300x219.jpg 300w, https:\/\/static-blogs.hoy.es\/wp-content\/uploads\/sites\/57\/2013\/04\/1-1996rey-768x560.jpg 768w\" sizes=\"(max-width: 633px) 100vw, 633px\" \/><\/a><p id=\"caption-attachment-1078\" class=\"wp-caption-text\">Visita del Rey en julio de 1996.<\/p><\/div>\n<p>&nbsp;<\/p>\n<p>Esta fue la dedicatoria que escribi\u00f3 en el libro de honor:<\/p>\n<p>&nbsp;<\/p>\n<div id=\"attachment_1079\" style=\"width: 687px\" class=\"wp-caption aligncenter\"><a href=\"\/dicestudemili\/wp-content\/uploads\/sites\/57\/2013\/04\/2-152.-CACERES.-DEDICATORIA-DE-S.M.-EL-REY-CON-OCASION-DE-LA-J.jpg\"><img aria-describedby=\"caption-attachment-1079\" loading=\"lazy\" class=\" wp-image-1079 \" title=\"Dedicatoria del rey Juan Carlos I.\" src=\"\/dicestudemili\/wp-content\/uploads\/sites\/57\/2013\/04\/2-152.-CACERES.-DEDICATORIA-DE-S.M.-EL-REY-CON-OCASION-DE-LA-J.jpg\" alt=\"Dedicatoria del rey Juan Carlos I.\" width=\"677\" height=\"922\" srcset=\"https:\/\/static-blogs.hoy.es\/wp-content\/uploads\/sites\/57\/2013\/04\/2-152.-CACERES.-DEDICATORIA-DE-S.M.-EL-REY-CON-OCASION-DE-LA-J.jpg 1200w, https:\/\/static-blogs.hoy.es\/wp-content\/uploads\/sites\/57\/2013\/04\/2-152.-CACERES.-DEDICATORIA-DE-S.M.-EL-REY-CON-OCASION-DE-LA-J-220x300.jpg 220w, https:\/\/static-blogs.hoy.es\/wp-content\/uploads\/sites\/57\/2013\/04\/2-152.-CACERES.-DEDICATORIA-DE-S.M.-EL-REY-CON-OCASION-DE-LA-J-768x1046.jpg 768w, https:\/\/static-blogs.hoy.es\/wp-content\/uploads\/sites\/57\/2013\/04\/2-152.-CACERES.-DEDICATORIA-DE-S.M.-EL-REY-CON-OCASION-DE-LA-J-752x1024.jpg 752w\" sizes=\"(max-width: 677px) 100vw, 677px\" \/><\/a><p id=\"caption-attachment-1079\" class=\"wp-caption-text\">Dedicatoria del rey Juan Carlos I.<\/p><\/div>\n<p>&nbsp;<\/p>\n<!-- AddThis Advanced Settings generic via filter on the_content --><!-- AddThis Share Buttons generic via filter on the_content -->","protected":false},"excerpt":{"rendered":"<p>&nbsp; El rey Juan Carlos I y su hijo el pr\u00edncipe Felipe, presidieron dos juras de bandera en C\u00e1ceres con un a\u00f1o y medio de separaci\u00f3n entre una y otra. El primero en venir fue el hijo. El 5 de enero de 1995 el Pr\u00edncipe vino a C\u00e1ceres y presidi\u00f3 por primera vez una jura [&hellip;]<!-- AddThis Advanced Settings generic via filter on get_the_excerpt --><!-- AddThis Share Buttons generic via filter on get_the_excerpt --><\/p>\n","protected":false},"author":52,"featured_media":0,"comment_status":"open","ping_status":"closed","sticky":false,"template":"","format":"standard","meta":[],"categories":[2],"tags":[938,981],"_links":{"self":[{"href":"https:\/\/blogs.hoy.es\/dicestudemili\/wp-json\/wp\/v2\/posts\/1072"}],"collection":[{"href":"https:\/\/blogs.hoy.es\/dicestudemili\/wp-json\/wp\/v2\/posts"}],"about":[{"href":"https:\/\/blogs.hoy.es\/dicestudemili\/wp-json\/wp\/v2\/types\/post"}],"author":[{"embeddable":true,"href":"https:\/\/blogs.hoy.es\/dicestudemili\/wp-json\/wp\/v2\/users\/52"}],"replies":[{"embeddable":true,"href":"https:\/\/blogs.hoy.es\/dicestudemili\/wp-json\/wp\/v2\/comments?post=1072"}],"version-history":[{"count":0,"href":"https:\/\/blogs.hoy.es\/dicestudemili\/wp-json\/wp\/v2\/posts\/1072\/revisions"}],"wp:attachment":[{"href":"https:\/\/blogs.hoy.es\/dicestudemili\/wp-json\/wp\/v2\/media?parent=1072"}],"wp:term":[{"taxonomy":"category","embeddable":true,"href":"https:\/\/blogs.hoy.es\/dicestudemili\/wp-json\/wp\/v2\/categories?post=1072"},{"taxonomy":"post_tag","embeddable":true,"href":"https:\/\/blogs.hoy.es\/dicestudemili\/wp-json\/wp\/v2\/tags?post=1072"}],"curies":[{"name":"wp","href":"https:\/\/api.w.org\/{rel}","templated":true}]}}