{"id":108,"date":"2012-11-20T19:17:28","date_gmt":"2012-11-20T19:17:28","guid":{"rendered":"http:\/\/blogs.hoy.es\/dicestudemili\/?p=108"},"modified":"2012-11-20T19:17:28","modified_gmt":"2012-11-20T19:17:28","slug":"juan-dorado-esta-fotografia-me-trae-recuerdos-de-los-mejores-anos-de-mi-juventud","status":"publish","type":"post","link":"https:\/\/blogs.hoy.es\/dicestudemili\/2012\/11\/20\/juan-dorado-esta-fotografia-me-trae-recuerdos-de-los-mejores-anos-de-mi-juventud\/","title":{"rendered":"Juan Dorado: &#8220;Esta fotograf\u00eda me trae recuerdos de los mejores a\u00f1os de mi juventud&#8221;"},"content":{"rendered":"<div id=\"attachment_109\" style=\"width: 645px\" class=\"wp-caption aligncenter\"><a href=\"\/dicestudemili\/wp-content\/uploads\/sites\/57\/2012\/11\/Cuartel-Infanta-Isabel1.jpg\"><img aria-describedby=\"caption-attachment-109\" loading=\"lazy\" class=\" wp-image-109  \" title=\"En el patio de armas del cuartel Infanta Isabel en 1974.\" src=\"\/dicestudemili\/wp-content\/uploads\/sites\/57\/2012\/11\/Cuartel-Infanta-Isabel1.jpg\" alt=\"En el patio de armas del cuartel Infanta Isabel en 1974.\" width=\"635\" height=\"405\" srcset=\"https:\/\/static-blogs.hoy.es\/wp-content\/uploads\/sites\/57\/2012\/11\/Cuartel-Infanta-Isabel1.jpg 992w, https:\/\/static-blogs.hoy.es\/wp-content\/uploads\/sites\/57\/2012\/11\/Cuartel-Infanta-Isabel1-300x191.jpg 300w, https:\/\/static-blogs.hoy.es\/wp-content\/uploads\/sites\/57\/2012\/11\/Cuartel-Infanta-Isabel1-768x490.jpg 768w\" sizes=\"(max-width: 635px) 100vw, 635px\" \/><\/a><p id=\"caption-attachment-109\" class=\"wp-caption-text\">En el patio de armas del cuartel Infanta Isabel en 1974.<\/p><\/div>\n<p>Me llamo <strong>Juan Andr\u00e9s Dorado Pav\u00f3n<\/strong>, env\u00edo esta fotograf\u00eda que me trae grandes recuerdos de los mejores a\u00f1os de mi juventud. Est\u00e1 tomada en el patio de armas del <strong>cuartel Infanta Isabel<\/strong> en 1974, y estamos alf\u00e9reces y cabos primeros de la 2\u00aa compa\u00f1\u00eda del 1\u00ba Batall\u00f3n (yo era cabo primero).<\/p>\n<p>En los a\u00f1os de 1974 a 1977, en este cuartel estaban la Plana Mayor y mando del C.I.R. n\u00famero 3. Estaba la 2\u00aa y 4\u00aa compa\u00f1\u00edas del 1\u00ba Batall\u00f3n y su Plana Mayor (en la esquina de pabell\u00f3n que se ve a la izquierda), la\u00a0unidad de servicios, la\u00a0secci\u00f3n de autos, imprenta, etc\u00e9tera.\u00a0Al fondo de la imagen est\u00e1 el garaje de <em>los Willys<\/em>, y se puede ver\u00a0la furgoneta <em>dos caballos<\/em> que era la que, a diario, trasladaba al Teniente Coronel Jefe de Instrucci\u00f3n hasta el Campamento. Este garaje se habilitaba, durante las ferias de C\u00e1ceres, como establo para los caballos que participaban en el concurso h\u00edpico de las ferias.<\/p>\n<p>Estuve en este cuartel desde el a\u00f1o 1973 a 1977 (me incorpor\u00e9 como voluntario y, obviamente, continu\u00e9\u00a0con reenganche).<\/p>\n<p>Estuve a las \u00f3rdenes de excelentes jefes y personas, no los olvido: <strong>Capit\u00e1n Cristo<\/strong>, <strong>capit\u00e1n Jaime Barroso<\/strong>, <strong>capit\u00e1n Castroviejo<\/strong>,\u00a0<strong>capit\u00e1n Higinio Barroso<\/strong>, <strong>brigada Conde<\/strong>, <strong>sargento Carbajo<\/strong> y tantos otros.<\/p>\n<!-- AddThis Advanced Settings generic via filter on the_content --><!-- AddThis Share Buttons generic via filter on the_content -->","protected":false},"excerpt":{"rendered":"<p>Me llamo Juan Andr\u00e9s Dorado Pav\u00f3n, env\u00edo esta fotograf\u00eda que me trae grandes recuerdos de los mejores a\u00f1os de mi juventud. Est\u00e1 tomada en el patio de armas del cuartel Infanta Isabel en 1974, y estamos alf\u00e9reces y cabos primeros de la 2\u00aa compa\u00f1\u00eda del 1\u00ba Batall\u00f3n (yo era cabo primero). En los a\u00f1os de [&hellip;]<!-- AddThis Advanced Settings generic via filter on get_the_excerpt --><!-- AddThis Share Buttons generic via filter on get_the_excerpt --><\/p>\n","protected":false},"author":52,"featured_media":0,"comment_status":"open","ping_status":"closed","sticky":false,"template":"","format":"standard","meta":[],"categories":[6],"tags":[148,227,228,246,248,412,714,1017],"_links":{"self":[{"href":"https:\/\/blogs.hoy.es\/dicestudemili\/wp-json\/wp\/v2\/posts\/108"}],"collection":[{"href":"https:\/\/blogs.hoy.es\/dicestudemili\/wp-json\/wp\/v2\/posts"}],"about":[{"href":"https:\/\/blogs.hoy.es\/dicestudemili\/wp-json\/wp\/v2\/types\/post"}],"author":[{"embeddable":true,"href":"https:\/\/blogs.hoy.es\/dicestudemili\/wp-json\/wp\/v2\/users\/52"}],"replies":[{"embeddable":true,"href":"https:\/\/blogs.hoy.es\/dicestudemili\/wp-json\/wp\/v2\/comments?post=108"}],"version-history":[{"count":0,"href":"https:\/\/blogs.hoy.es\/dicestudemili\/wp-json\/wp\/v2\/posts\/108\/revisions"}],"wp:attachment":[{"href":"https:\/\/blogs.hoy.es\/dicestudemili\/wp-json\/wp\/v2\/media?parent=108"}],"wp:term":[{"taxonomy":"category","embeddable":true,"href":"https:\/\/blogs.hoy.es\/dicestudemili\/wp-json\/wp\/v2\/categories?post=108"},{"taxonomy":"post_tag","embeddable":true,"href":"https:\/\/blogs.hoy.es\/dicestudemili\/wp-json\/wp\/v2\/tags?post=108"}],"curies":[{"name":"wp","href":"https:\/\/api.w.org\/{rel}","templated":true}]}}