{"id":1091,"date":"2013-04-24T06:30:38","date_gmt":"2013-04-24T06:30:38","guid":{"rendered":"http:\/\/blogs.hoy.es\/dicestudemili\/?p=1091"},"modified":"2013-04-24T06:30:38","modified_gmt":"2013-04-24T06:30:38","slug":"1990-1-el-alcalde-accidental-de-plasencia-reta-a-duelo-a-tres-militares","status":"publish","type":"post","link":"https:\/\/blogs.hoy.es\/dicestudemili\/2013\/04\/24\/1990-1-el-alcalde-accidental-de-plasencia-reta-a-duelo-a-tres-militares\/","title":{"rendered":"1990 (1): El alcalde accidental de Plasencia reta a duelo a tres militares"},"content":{"rendered":"<p>Primera p\u00e1gina del Diario HOY el 17 de septiembre de 1990.<\/p>\n<p>&nbsp;<\/p>\n<div id=\"attachment_1092\" style=\"width: 635px\" class=\"wp-caption aligncenter\"><img aria-describedby=\"caption-attachment-1092\" loading=\"lazy\" class=\" wp-image-1092\" title=\"Primera p\u00e1gina del Diario HOY el 17 de septiembre de 1990.\" src=\"\/dicestudemili\/wp-content\/uploads\/sites\/57\/2013\/04\/duelo.jpg\" alt=\"Primera p\u00e1gina del Diario HOY el 17 de septiembre de 1990.\" width=\"625\" height=\"570\" srcset=\"https:\/\/static-blogs.hoy.es\/wp-content\/uploads\/sites\/57\/2013\/04\/duelo.jpg 759w, https:\/\/static-blogs.hoy.es\/wp-content\/uploads\/sites\/57\/2013\/04\/duelo-300x274.jpg 300w\" sizes=\"(max-width: 625px) 100vw, 625px\" \/><p id=\"caption-attachment-1092\" class=\"wp-caption-text\">Primera p\u00e1gina del Diario HOY el 17 de septiembre de 1990.<\/p><\/div>\n<p>En el a\u00f1o 1990 se viv\u00edan momentos de tensi\u00f3n en <strong>Plasencia<\/strong> por las noticias sobre la desaparici\u00f3n del Centro de Instrucci\u00f3n de Reclutas (CIR) que se hab\u00eda inaugurado en <strong>marzo de 1985<\/strong>.<\/p>\n<p>El <strong>Ministerio de Defensa<\/strong> del gobierno socialista anunci\u00f3 que el CIR cerrar\u00eda el <strong>31 de diciembre de 1990<\/strong>, mientras el presidente de Extremadura, el socialista <strong>Juan Carlos Rodr\u00edguez Ibarra<\/strong>, aseguraba que eso no iba a pasar ya que as\u00ed se lo hab\u00eda indicado el ministro de Defensa <strong>Narc\u00eds Serra<\/strong>. Completaba el prisma pol\u00edtico el diputado nacional del PP por la provincia de C\u00e1ceres, <strong>Felipe Camis\u00f3n<\/strong>, que acusaba a Ibarra de no luchar por los intereses de Plasencia al considerar que no hac\u00eda nada por evitar el cierre.<\/p>\n<p>Mientras tanto, la ciudad de Plasencia ve\u00eda como cada vez hab\u00eda menos reclutas en la ciudad. La noticia a nivel nacional se produjo en la jura de bandera del <strong>16 de septiembre de 1990<\/strong>, cuando s\u00f3lo hab\u00eda 358 reclutas que iban a convertirse en soldados. El socialista <strong>Jos\u00e9 Ventura Duarte<\/strong>, alcalde accidental de Plasencia por ausencia del centrista <strong>C\u00e1ndido Cabrera<\/strong>, se neg\u00f3 a estrechar la mano al <strong>comandante Luis Molina Hern\u00e1ndez<\/strong>, jefe interino del CIR, y en dos ocasiones boicote\u00f3 el acto. Dos veces abandon\u00f3 la tribuna de autoridades mientras que desde el equipo de megafon\u00eda instalado en un coche sonaba el himno de Extremadura.<\/p>\n<p>&nbsp;<\/p>\n<div id=\"attachment_1094\" style=\"width: 303px\" class=\"wp-caption alignright\"><a href=\"\/dicestudemili\/wp-content\/uploads\/sites\/57\/2013\/04\/ventura.jpg\"><img aria-describedby=\"caption-attachment-1094\" loading=\"lazy\" class=\" wp-image-1094  \" title=\"Jos\u00e9 Buenaventura Duarte.\" src=\"\/dicestudemili\/wp-content\/uploads\/sites\/57\/2013\/04\/ventura.jpg\" alt=\"Jos\u00e9 Buenaventura Duarte.\" width=\"293\" height=\"257\" srcset=\"https:\/\/static-blogs.hoy.es\/wp-content\/uploads\/sites\/57\/2013\/04\/ventura.jpg 815w, https:\/\/static-blogs.hoy.es\/wp-content\/uploads\/sites\/57\/2013\/04\/ventura-300x262.jpg 300w, https:\/\/static-blogs.hoy.es\/wp-content\/uploads\/sites\/57\/2013\/04\/ventura-768x672.jpg 768w\" sizes=\"(max-width: 293px) 100vw, 293px\" \/><\/a><p id=\"caption-attachment-1094\" class=\"wp-caption-text\">Jos\u00e9 Ventura Duarte.<\/p><\/div>\n<p><span style=\"font-size: 13px;\">Al terminar la jura de bandera, Duarte anunciaba a los medios de comunicaci\u00f3n que retaba a duelo a tres militares por hacerles responsables de que cada vez acudieran menos reclutas a Plasencia. Los tres militares eras: El comandante Molina, al que antes le hab\u00eda negado el saludo; el teniente coronel del CIR de C\u00e1ceres, <strong>Jaime Tello<\/strong>; y el coronel jefe del CIR de C\u00e1ceres, <strong>Carlos Velasco Gil<\/strong>.<\/span><\/p>\n<p>El alcalde accidental de Plasencia les indicaba a estos militares que les tiraba sus guantes, &#8220;<em>les invito a que se quiten las medallas, se quiten las guerreras y que me env\u00eden padrinos y elijan armas, porque estoy dispuesto a batirme con ellos en el campo del honor. All\u00ed donde me digan ellos, all\u00ed les espero<\/em>&#8220;, dijo a los micr\u00f3fonos de la prensa.<\/p>\n<p>Ante este hecho, que fue noticia a nivel nacional, un portavoz del coronel jefe del CIR de C\u00e1ceres, indic\u00f3 que los retados s\u00f3lo hab\u00edan cumplido las \u00f3rdenes del Ministerio de Defensa que dirig\u00eda el socialista Narc\u00ed Serra.<\/p>\n<p>El PSOE de Extremadura desautoriz\u00f3 a Duarte. El vicesecretario general del PSOE extreme\u00f1o, <strong>Federico Su\u00e1rez<\/strong>, pidi\u00f3 disculpas al coronel jefe del CIR de C\u00e1ceres; mientras el diputado nacional socialista por la provincia de C\u00e1ceres, <strong>Alejandro Cercas<\/strong>, segu\u00eda insistiendo en que no se desmantelar\u00eda el CIR de Plasencia, ya que as\u00ed lo hab\u00eda asegurado el ministro de Defensa.<\/p>\n<p>En el CIR de C\u00e1ceres las juras de bandera transcurr\u00edan sin problemas de especial importancia. Fue llamativa la del <strong>18 de marzo<\/strong>, ya que hubo dos protestas ante el acto militar en el que participaron 1.711 reclutas: una concentraci\u00f3n era de esposas de militares de la escala especial que se quejaban de que sus maridos eran integrados en una escala inferior a la que le correspond\u00eda, y la otra protesta era de objetores de conciencia. Entre los padres que asistieron a ver jurar la bandera a sus hijos se encontraba el embajador espa\u00f1ol en Checoslovaquia, <strong>Jos\u00e9 Luis Dicenta<\/strong>, y el gobernador civil de Coru\u00f1a, <strong>Ram\u00f3n Berra<\/strong>.<\/p>\n<p>&nbsp;<\/p>\n<!-- AddThis Advanced Settings generic via filter on the_content --><!-- AddThis Share Buttons generic via filter on the_content -->","protected":false},"excerpt":{"rendered":"<p>Primera p\u00e1gina del Diario HOY el 17 de septiembre de 1990. &nbsp; En el a\u00f1o 1990 se viv\u00edan momentos de tensi\u00f3n en Plasencia por las noticias sobre la desaparici\u00f3n del Centro de Instrucci\u00f3n de Reclutas (CIR) que se hab\u00eda inaugurado en marzo de 1985. El Ministerio de Defensa del gobierno socialista anunci\u00f3 que el CIR [&hellip;]<!-- AddThis Advanced Settings generic via filter on get_the_excerpt --><!-- AddThis Share Buttons generic via filter on get_the_excerpt --><\/p>\n","protected":false},"author":52,"featured_media":0,"comment_status":"open","ping_status":"closed","sticky":false,"template":"","format":"standard","meta":[],"categories":[3],"tags":[38,216,347,368,491,493,687,712,723,867,955,977,1095],"_links":{"self":[{"href":"https:\/\/blogs.hoy.es\/dicestudemili\/wp-json\/wp\/v2\/posts\/1091"}],"collection":[{"href":"https:\/\/blogs.hoy.es\/dicestudemili\/wp-json\/wp\/v2\/posts"}],"about":[{"href":"https:\/\/blogs.hoy.es\/dicestudemili\/wp-json\/wp\/v2\/types\/post"}],"author":[{"embeddable":true,"href":"https:\/\/blogs.hoy.es\/dicestudemili\/wp-json\/wp\/v2\/users\/52"}],"replies":[{"embeddable":true,"href":"https:\/\/blogs.hoy.es\/dicestudemili\/wp-json\/wp\/v2\/comments?post=1091"}],"version-history":[{"count":0,"href":"https:\/\/blogs.hoy.es\/dicestudemili\/wp-json\/wp\/v2\/posts\/1091\/revisions"}],"wp:attachment":[{"href":"https:\/\/blogs.hoy.es\/dicestudemili\/wp-json\/wp\/v2\/media?parent=1091"}],"wp:term":[{"taxonomy":"category","embeddable":true,"href":"https:\/\/blogs.hoy.es\/dicestudemili\/wp-json\/wp\/v2\/categories?post=1091"},{"taxonomy":"post_tag","embeddable":true,"href":"https:\/\/blogs.hoy.es\/dicestudemili\/wp-json\/wp\/v2\/tags?post=1091"}],"curies":[{"name":"wp","href":"https:\/\/api.w.org\/{rel}","templated":true}]}}