{"id":1103,"date":"2013-04-26T05:38:36","date_gmt":"2013-04-26T05:38:36","guid":{"rendered":"http:\/\/blogs.hoy.es\/dicestudemili\/?p=1103"},"modified":"2013-04-26T05:38:36","modified_gmt":"2013-04-26T05:38:36","slug":"1990-y-2-buscando-al-amigo-y-el-sargento","status":"publish","type":"post","link":"https:\/\/blogs.hoy.es\/dicestudemili\/2013\/04\/26\/1990-y-2-buscando-al-amigo-y-el-sargento\/","title":{"rendered":"1990 (y 2): En busca de amigos de la mili, el sargento Barroso y &#039;La Cueva&#039;"},"content":{"rendered":"<div id=\"attachment_1104\" style=\"width: 665px\" class=\"wp-caption aligncenter\"><a href=\"\/dicestudemili\/wp-content\/uploads\/sites\/57\/2013\/04\/1990.-CACERES.-ACTUACION-MUSICAL-CON-MOTIVO-DE-LA-FESTIVIDAD.jpg\"><img aria-describedby=\"caption-attachment-1104\" loading=\"lazy\" class=\" wp-image-1104  \" title=\"Actuaci\u00f3n musical en la Festividad de la Inmaculada.\" src=\"\/dicestudemili\/wp-content\/uploads\/sites\/57\/2013\/04\/1990.-CACERES.-ACTUACION-MUSICAL-CON-MOTIVO-DE-LA-FESTIVIDAD.jpg\" alt=\"Actuaci\u00f3n musical en la Festividad de la Inmaculada.\" width=\"655\" height=\"411\" srcset=\"https:\/\/static-blogs.hoy.es\/wp-content\/uploads\/sites\/57\/2013\/04\/1990.-CACERES.-ACTUACION-MUSICAL-CON-MOTIVO-DE-LA-FESTIVIDAD.jpg 1171w, https:\/\/static-blogs.hoy.es\/wp-content\/uploads\/sites\/57\/2013\/04\/1990.-CACERES.-ACTUACION-MUSICAL-CON-MOTIVO-DE-LA-FESTIVIDAD-300x188.jpg 300w, https:\/\/static-blogs.hoy.es\/wp-content\/uploads\/sites\/57\/2013\/04\/1990.-CACERES.-ACTUACION-MUSICAL-CON-MOTIVO-DE-LA-FESTIVIDAD-768x482.jpg 768w, https:\/\/static-blogs.hoy.es\/wp-content\/uploads\/sites\/57\/2013\/04\/1990.-CACERES.-ACTUACION-MUSICAL-CON-MOTIVO-DE-LA-FESTIVIDAD-1024x643.jpg 1024w\" sizes=\"(max-width: 655px) 100vw, 655px\" \/><\/a><p id=\"caption-attachment-1104\" class=\"wp-caption-text\">Actuaci\u00f3n musical en la Festividad de la Inmaculada.<\/p><\/div>\n<p>&nbsp;<\/p>\n<p>El <strong>sargento Barroso<\/strong> es recordado en el blog <strong>Historias de El Pardo<\/strong>, por varias personas que hicieron la instrucci\u00f3n en el Campamento Santa Ana. <strong>Jos\u00e9 Mar\u00eda<\/strong> deja este comentario: &#8220;<em>Soy del quinto reemplazo de 1990, segunda Compa\u00f1\u00eda, segunda secci\u00f3n, a las \u00f3rdenes del sargento Barroso. Tengo muy buenos recuerdos. La poller\u00eda, el kiosko conocido como El Corte Ingl\u00e9s, el ba\u00f1o que me d\u00ed al caerme en una acequia al ir todos corriendo (torpe que es uno) y, sobre todo, la cara de co\u00f1a del sargento al mirarme entre cabreado y descojonado. Luego pas\u00e9 a la <strong>Agrupaci\u00f3n Obrera y Topogr\u00e1fica<\/strong>, en Madrid, en el Cuartel del Servicio Geogr\u00e1fico, donde se celebr\u00f3 el<strong> juicio del 23-F<\/strong>. Destinado en la Plana de la Compa\u00f1\u00eda. Un abrazo<\/em>&#8220;. Le contesta otro exrecluta del segundo reemplazo de 1990 que, como \u00e9l, perteneci\u00f3 a la segunda Compa\u00f1\u00eda, &#8220;<em>yo tambi\u00e9n estuve a las \u00f3rdenes del sargento Barroso. Qu\u00e9 bien me lo pas\u00e9 en C\u00e1ceres, tengo recuerdos muy buenos de all\u00ed. Despu\u00e9s fui destinado a <strong>Mantenimiento de Material de Transmisiones de El Pardo<\/strong>, donde estuve de perrero y en la guardia. Soy <strong>el Joe<\/strong>, <strong>Jou<\/strong> para algunos&#8230; jejeje. Un saludo a todos mis compa\u00f1eros&#8230;<\/em>&#8220;.<\/p>\n<p>Un tercero, llamado <strong>Salva<\/strong> a\u00f1ade: &#8220;<em>Hola, estuve en Santa Ana en el cuarto reemplazo del 90, en la segunda Compa\u00f1\u00eda con los sargentos Barroso, <strong>Soria<\/strong> y <strong>Soto<\/strong> y el <strong>capit\u00e1n Exp\u00f3sito<\/strong>, despu\u00e9s me destinaron a Madrid a la <strong>Academia de Sanidad<\/strong>. Soy de Valencia<\/em>&#8220;.\u00a0 Otro del primer reemplazo, de la primera Compa\u00f1\u00eda, se acuerda del <strong>sargento Matas<\/strong> y el <strong>teniente De la Monta\u00f1a<\/strong> que le ense\u00f1aron la instrucci\u00f3n antes de ir destinado a la <strong>Unidad M\u00f3vil de Mantenimiento de Sistemas Acorazados n\u00famero 2<\/strong> en Segovia. Por \u00faltimo, uno que firma como <strong>Joaqu\u00edn<\/strong> s\u00f3lo comenta del CIR de C\u00e1ceres, &#8220;<span style=\"font-size: 13px;\"><em>que grandes momentos viv\u00ed all\u00ed, en la primera Compa\u00f1\u00eda<\/em>&#8220;.<\/span><\/p>\n<p>&nbsp;<\/p>\n<div id=\"attachment_1106\" style=\"width: 682px\" class=\"wp-caption aligncenter\"><a href=\"\/dicestudemili\/wp-content\/uploads\/sites\/57\/2013\/04\/1990.jpg\"><img aria-describedby=\"caption-attachment-1106\" loading=\"lazy\" class=\" wp-image-1106    \" title=\"Reclutas del Centro de Instrucci\u00f3n de C\u00e1ceres en el a\u00f1o 1990.\" src=\"\/dicestudemili\/wp-content\/uploads\/sites\/57\/2013\/04\/1990.jpg\" alt=\"Reclutas del Centro de Instrucci\u00f3n de C\u00e1ceres en el a\u00f1o 1990.\" width=\"672\" height=\"383\" srcset=\"https:\/\/static-blogs.hoy.es\/wp-content\/uploads\/sites\/57\/2013\/04\/1990.jpg 1906w, https:\/\/static-blogs.hoy.es\/wp-content\/uploads\/sites\/57\/2013\/04\/1990-300x171.jpg 300w, https:\/\/static-blogs.hoy.es\/wp-content\/uploads\/sites\/57\/2013\/04\/1990-768x438.jpg 768w, https:\/\/static-blogs.hoy.es\/wp-content\/uploads\/sites\/57\/2013\/04\/1990-1024x583.jpg 1024w\" sizes=\"(max-width: 672px) 100vw, 672px\" \/><\/a><p id=\"caption-attachment-1106\" class=\"wp-caption-text\">Reclutas del Centro de Instrucci\u00f3n de C\u00e1ceres en el a\u00f1o 1990.<\/p><\/div>\n<p>&nbsp;<\/p>\n<p>En la p\u00e1gina de facebook <strong>&#8216;Yo tambi\u00e9n hice la mili en C\u00e1ceres&#8217;<\/strong>, hay una petici\u00f3n de ayuda de <strong>Carlos Lobato Gonz\u00e1lez<\/strong> para encontrar a dos amigos de la mili. Publica la siguiente fotograf\u00eda con este comentario: &#8220;<em><strong>Salva<\/strong>, el de la izquierda, y yo fuimos muy amigos, pero no s\u00e9 nada de \u00e9l. Salva es de Olvera, me gustar\u00eda que alguien me informara si sabe algo de \u00e9l<\/em>&#8220;. Tambi\u00e9n comenta que le gustar\u00eda encontrar a otro amigo de la mili en C\u00e1ceres, &#8220;a <strong>Pepe<\/strong>, de Algodonales&#8221;.<\/p>\n<p>&nbsp;<\/p>\n<div id=\"attachment_1107\" style=\"width: 531px\" class=\"wp-caption aligncenter\"><a href=\"\/dicestudemili\/wp-content\/uploads\/sites\/57\/2013\/04\/1990-Carlos-lobato.-yo-tambi\u00e9n-hice-la-mili-en-C\u00e1ceres.jpg\"><img aria-describedby=\"caption-attachment-1107\" loading=\"lazy\" class=\" wp-image-1107   \" title=\"Salva y Carlos Lobato.\" src=\"\/dicestudemili\/wp-content\/uploads\/sites\/57\/2013\/04\/1990-Carlos-lobato.-yo-tambi\u00e9n-hice-la-mili-en-C\u00e1ceres.jpg\" alt=\"Salva y Carlos Lobato.\" width=\"521\" height=\"663\" srcset=\"https:\/\/static-blogs.hoy.es\/wp-content\/uploads\/sites\/57\/2013\/04\/1990-Carlos-lobato.-yo-tambi\u00e9n-hice-la-mili-en-C\u00e1ceres.jpg 844w, https:\/\/static-blogs.hoy.es\/wp-content\/uploads\/sites\/57\/2013\/04\/1990-Carlos-lobato.-yo-tambi\u00e9n-hice-la-mili-en-C\u00e1ceres-236x300.jpg 236w, https:\/\/static-blogs.hoy.es\/wp-content\/uploads\/sites\/57\/2013\/04\/1990-Carlos-lobato.-yo-tambi\u00e9n-hice-la-mili-en-C\u00e1ceres-768x977.jpg 768w, https:\/\/static-blogs.hoy.es\/wp-content\/uploads\/sites\/57\/2013\/04\/1990-Carlos-lobato.-yo-tambi\u00e9n-hice-la-mili-en-C\u00e1ceres-805x1024.jpg 805w\" sizes=\"(max-width: 521px) 100vw, 521px\" \/><\/a><p id=\"caption-attachment-1107\" class=\"wp-caption-text\">Salva y Carlos Lobato.<\/p><\/div>\n<p>&nbsp;<\/p>\n<p>En la misma p\u00e1gina de facebook hay otro comentario: &#8220;<span style=\"font-size: 13px;\"><em>Al jurar bandera estuve en la cantina de encargado. Soy del 6\/90. M\u00e1s de una cerveza os pondr\u00eda. Mi apellido conocido era <strong>Mir\u00f3n<\/strong>, un saludo<\/em>&#8220;. <strong>Jos\u00e9 Luis Recio<\/strong> recuerda locales de C\u00e1ceres de la \u00e9poca, &#8220;<\/span><span style=\"font-size: 13px;\"><em>yo soy del sexto reemplazo del 90. \u00bfAlguien se acuerda de un garito llamado &#8216;<strong>El Loro Verde<\/strong>&#8216; y otro llamado &#8216;<strong>La Cueva<\/strong>&#8216;? jejejejeje Vaya garitos los dos ehhhhhhhh. Vaya recuerdos en C\u00e1ceres, digo \u00bfeh?. Recuerdos inolvidables, tambi\u00e9n las juergas por los garitos de la Plaza<\/em>&#8220;. <\/span><\/p>\n<p><span style=\"font-size: 13px;\">&#8216;La Cueva&#8217;, seg\u00fan informaciones que hemos podido recabar, estaba entre la <strong>Plaza Mayor<\/strong> y la <strong>Plaza de la Concepci\u00f3n<\/strong>, en una bocacalle estrecha hacia la derecha. Ten\u00eda poca luz, seguramente para dar m\u00e1s sentido a su nombre (aparte de cuestiones econ\u00f3micas), y una cortina roja en la entrada. No digo m\u00e1s. A buen entendedor&#8230; pocas palabras bastan.<\/span><\/p>\n<p>&nbsp;<\/p>\n<p>&nbsp;<\/p>\n<!-- AddThis Advanced Settings generic via filter on the_content --><!-- AddThis Share Buttons generic via filter on the_content -->","protected":false},"excerpt":{"rendered":"<p>&nbsp; El sargento Barroso es recordado en el blog Historias de El Pardo, por varias personas que hicieron la instrucci\u00f3n en el Campamento Santa Ana. Jos\u00e9 Mar\u00eda deja este comentario: &#8220;Soy del quinto reemplazo de 1990, segunda Compa\u00f1\u00eda, segunda secci\u00f3n, a las \u00f3rdenes del sargento Barroso. Tengo muy buenos recuerdos. La poller\u00eda, el kiosko conocido [&hellip;]<!-- AddThis Advanced Settings generic via filter on get_the_excerpt --><!-- AddThis Share Buttons generic via filter on get_the_excerpt --><\/p>\n","protected":false},"author":52,"featured_media":0,"comment_status":"open","ping_status":"closed","sticky":false,"template":"","format":"standard","meta":[],"categories":[3],"tags":[231,280,456,694,753,1013,1025,1043,1044,1107],"_links":{"self":[{"href":"https:\/\/blogs.hoy.es\/dicestudemili\/wp-json\/wp\/v2\/posts\/1103"}],"collection":[{"href":"https:\/\/blogs.hoy.es\/dicestudemili\/wp-json\/wp\/v2\/posts"}],"about":[{"href":"https:\/\/blogs.hoy.es\/dicestudemili\/wp-json\/wp\/v2\/types\/post"}],"author":[{"embeddable":true,"href":"https:\/\/blogs.hoy.es\/dicestudemili\/wp-json\/wp\/v2\/users\/52"}],"replies":[{"embeddable":true,"href":"https:\/\/blogs.hoy.es\/dicestudemili\/wp-json\/wp\/v2\/comments?post=1103"}],"version-history":[{"count":0,"href":"https:\/\/blogs.hoy.es\/dicestudemili\/wp-json\/wp\/v2\/posts\/1103\/revisions"}],"wp:attachment":[{"href":"https:\/\/blogs.hoy.es\/dicestudemili\/wp-json\/wp\/v2\/media?parent=1103"}],"wp:term":[{"taxonomy":"category","embeddable":true,"href":"https:\/\/blogs.hoy.es\/dicestudemili\/wp-json\/wp\/v2\/categories?post=1103"},{"taxonomy":"post_tag","embeddable":true,"href":"https:\/\/blogs.hoy.es\/dicestudemili\/wp-json\/wp\/v2\/tags?post=1103"}],"curies":[{"name":"wp","href":"https:\/\/api.w.org\/{rel}","templated":true}]}}