{"id":1133,"date":"2013-04-29T06:32:10","date_gmt":"2013-04-29T06:32:10","guid":{"rendered":"http:\/\/blogs.hoy.es\/dicestudemili\/?p=1133"},"modified":"2013-04-29T06:32:10","modified_gmt":"2013-04-29T06:32:10","slug":"paco-llorente-tambien-hizo-la-mili-en-caceres","status":"publish","type":"post","link":"https:\/\/blogs.hoy.es\/dicestudemili\/2013\/04\/29\/paco-llorente-tambien-hizo-la-mili-en-caceres\/","title":{"rendered":"Paco Llorente, otro futbolista famoso que hizo la mili en C\u00e1ceres"},"content":{"rendered":"<div id=\"attachment_1135\" style=\"width: 581px\" class=\"wp-caption aligncenter\"><a href=\"\/dicestudemili\/wp-content\/uploads\/sites\/57\/2013\/04\/pacollorente.jpg\"><img aria-describedby=\"caption-attachment-1135\" loading=\"lazy\" class=\" wp-image-1135  \" title=\"Paco Llorente, a la izquierda, en la Selecci\u00f3n Espa\u00f1ola junto a Arteche y Sim\u00f3n Marina.\" src=\"\/dicestudemili\/wp-content\/uploads\/sites\/57\/2013\/04\/pacollorente.jpg\" alt=\"Paco Llorente, a la izquierda, en la Selecci\u00f3n Espa\u00f1ola junto a Arteche y Sim\u00f3n Marina\" width=\"571\" height=\"341\" srcset=\"https:\/\/static-blogs.hoy.es\/wp-content\/uploads\/sites\/57\/2013\/04\/pacollorente.jpg 893w, https:\/\/static-blogs.hoy.es\/wp-content\/uploads\/sites\/57\/2013\/04\/pacollorente-300x179.jpg 300w, https:\/\/static-blogs.hoy.es\/wp-content\/uploads\/sites\/57\/2013\/04\/pacollorente-768x458.jpg 768w\" sizes=\"(max-width: 571px) 100vw, 571px\" \/><\/a><p id=\"caption-attachment-1135\" class=\"wp-caption-text\">Paco Llorente, a la izquierda, en la Selecci\u00f3n Espa\u00f1ola junto a Arteche y Sim\u00f3n Marina<\/p><\/div>\n<p>&nbsp;<\/p>\n<p>El <strong>15 de noviembre de 1987<\/strong> el <strong>Diario HOY<\/strong> publicaba un ampli\u00f3 reportaje sobre el CIR Centro, en el que el <strong>comandante Juan Pisos<\/strong>, ayudante del <strong>coronel jefe Luis Gonz\u00e1lez Mart\u00edn<\/strong>, comentaba que pese a su juventud hab\u00eda reclutas que ya eran famosos cuando llegaban a C\u00e1ceres para hacer el servicio militar obligatorio; citaba el caso del empresario <strong>Jos\u00e9 Barroso\u00a0&#8216;Don Algod\u00f3n&#8217;<\/strong>, y del jugador de f\u00fatbol <strong>Paco Llorente<\/strong>, que en el momento de publicar el reportaje era titular del primer equipo del <strong>Real Madrid<\/strong> y estaba concentrado con la <strong>Selecci\u00f3n Espa\u00f1ola<\/strong>.<\/p>\n<p><strong>Francisco Llorente Gento<\/strong>, m\u00e1s conocido como Paco Llorente, naci\u00f3 en Valladolid el <strong>21 de mayo de 1965<\/strong>. Es sobrino del famoso extremo del Real Madrid <strong>Paco Gento<\/strong>, y hermano del futbolista <strong>Julio<\/strong> y de los jugadores de baloncesto<strong> Jos\u00e9 Luis<\/strong> y <strong>To\u00f1\u00edn<\/strong>.<\/p>\n<p>&nbsp;<\/p>\n<div id=\"attachment_1137\" style=\"width: 366px\" class=\"wp-caption alignright\"><a href=\"\/dicestudemili\/wp-content\/uploads\/sites\/57\/2013\/04\/pacollorente-2.jpg\"><img aria-describedby=\"caption-attachment-1137\" loading=\"lazy\" class=\" wp-image-1137 \" title=\"Con el Atl\u00e9tico de Madrid.\" src=\"\/dicestudemili\/wp-content\/uploads\/sites\/57\/2013\/04\/pacollorente-2.jpg\" alt=\"Con el Atl\u00e9tico de Madrid.\" width=\"356\" height=\"468\" srcset=\"https:\/\/static-blogs.hoy.es\/wp-content\/uploads\/sites\/57\/2013\/04\/pacollorente-2.jpg 594w, https:\/\/static-blogs.hoy.es\/wp-content\/uploads\/sites\/57\/2013\/04\/pacollorente-2-228x300.jpg 228w\" sizes=\"(max-width: 356px) 100vw, 356px\" \/><\/a><p id=\"caption-attachment-1137\" class=\"wp-caption-text\">Con el Atl\u00e9tico de Madrid.<\/p><\/div>\n<p>Paco Llorente comenz\u00f3 jugando en el modesto <strong>Urbis<\/strong> con 17 a\u00f1os. A los 18 jug\u00f3 en el <strong>Real Madrid aficionados<\/strong> y luego en el <strong>CD M\u00f3stoles<\/strong> en donde fue descubierto por un ojeador del <strong>Atl\u00e9tico de Madrid<\/strong>, que lo fich\u00f3 para el <strong>Atl\u00e9tico Madrile\u00f1o<\/strong> que estaba en\u00a0segunda divisi\u00f3n.<\/p>\n<p>En la temporada <strong>1986-1987<\/strong> debuta en primera divisi\u00f3n con el Atl\u00e9tico de Madrid, en donde sus regates y velocidad le convierten en un jugador revelaci\u00f3n de la liga. En la temporada siguiente ficha por el Real Madrid.<\/p>\n<p>Seg\u00fan se recoge en wikipedia: &#8220;Ll<span style=\"font-size: 13px;\">ega al Real Madrid C. F.<\/span><span style=\"font-size: 13px;\">, campe\u00f3n con la llamada<strong> &#8216;quinta del Buitre&#8217;<\/strong><\/span><span style=\"font-size: 13px;\">, que es casi intratable en la liga y en Europa. A pesar de que no logra hacerse un hueco de titular, pues en la delantera <strong>Buitrague\u00f1o<\/strong>,<\/span><span style=\"font-size: 13px;\">\u00a0estandarte del equipo, y el goleador <strong>Hugo S\u00e1nchez<\/strong><\/span><span style=\"font-size: 13px;\">\u00a0son inamovibles, durante este a\u00f1o tendr\u00e1 uno de los momentos de mayor gloria de su carrera. Se enfrentaban el Real Madrid y el <strong>FC Oporto<\/strong><\/span><span style=\"font-size: 13px;\">\u00a0a la saz\u00f3n el vigente campe\u00f3n de Europa. El 1 &#8211; 0 que campeaba en el marcador del estadio luso daba la eliminatoria a favor de los portugueses. Mediado el segundo tiempo Llorente entr\u00f3 en el campo, y de dos impresionantes jugadas en las que record\u00f3 a su m\u00edtico t\u00edo, dio dos balones de gol a <strong>Michel<\/strong>. As\u00ed se\u00a0<\/span><span style=\"font-size: 13px;\">dio la vuelta al marcador.&#8221;<\/span><\/p>\n<p>&nbsp;<\/p>\n<p>&#8220;En esta temporada jug\u00f3 su \u00fanico partido con la selecci\u00f3n, en un partido decisivo para la clasificaci\u00f3n de Espa\u00f1a para la Eurocopa de <strong>Alemania 1988<\/strong>. El rival era <strong>Albania<\/strong>\u00a0y Llorente hizo un gol, pero no fue convocado por <strong>Miguel Mu\u00f1oz<\/strong> para acudir a la cita de Alemania.\u00a0<span style=\"font-size: 13px;\">En los siguientes a\u00f1os Llorente fue uno de los suplentes m\u00e1s valorados de la plantilla, e incluso lleg\u00f3 a disputar el puesto de titular con Buitrague\u00f1o<\/span><span style=\"font-size: 13px;\">\u00a0Es especialmente recordado cuando fue titular <\/span><span style=\"font-size: 13px;\">en el partido decisivo de cuartos de final entre el Real Madrid y el <strong>PSV Eindoven<\/strong>,<\/span><span style=\"font-size: 13px;\">\u00a0en el que el Real Madrid volvi\u00f3 a eliminar a un campe\u00f3n de Europa, aunque no logr\u00f3 el t\u00edtulo&#8221;.<\/span><\/p>\n<p>&nbsp;<\/p>\n<div id=\"attachment_1138\" style=\"width: 650px\" class=\"wp-caption aligncenter\"><a href=\"\/dicestudemili\/wp-content\/uploads\/sites\/57\/2013\/04\/n_real_madrid_1988_89-4801348.jpg\"><img aria-describedby=\"caption-attachment-1138\" loading=\"lazy\" class=\" wp-image-1138 \" title=\"Jugando con la camiseta del Real Madrid en 1989.\" src=\"\/dicestudemili\/wp-content\/uploads\/sites\/57\/2013\/04\/n_real_madrid_1988_89-4801348.jpg\" alt=\"Jugando con la camiseta del Real Madrid en 1989.\" width=\"640\" height=\"477\" srcset=\"https:\/\/static-blogs.hoy.es\/wp-content\/uploads\/sites\/57\/2013\/04\/n_real_madrid_1988_89-4801348.jpg 800w, https:\/\/static-blogs.hoy.es\/wp-content\/uploads\/sites\/57\/2013\/04\/n_real_madrid_1988_89-4801348-300x224.jpg 300w, https:\/\/static-blogs.hoy.es\/wp-content\/uploads\/sites\/57\/2013\/04\/n_real_madrid_1988_89-4801348-768x572.jpg 768w\" sizes=\"(max-width: 640px) 100vw, 640px\" \/><\/a><p id=\"caption-attachment-1138\" class=\"wp-caption-text\">Jugando con el Real Madrid en 1989 en el partido contra PSV Eindoven. Quien intenta quitarle el esf\u00e9rico es Eric Gerets.<\/p><\/div>\n<p>&nbsp;<\/p>\n<p><span style=\"font-size: 13px;\">Paco Llorente perteneci\u00f3 al Real Madrid<\/span><span style=\"font-size: 13px;\">\u00a0hasta el a\u00f1o 1994. Luego, durante cuatro temporadas\u00a0<\/span><span style=\"font-size: 13px;\">jug\u00f3 en el <strong>SD Compostela<\/strong>. En este equipo se retir\u00f3 en 1998, cuando ten\u00eda 33 a\u00f1os.<\/span><\/p>\n<!-- AddThis Advanced Settings generic via filter on the_content --><!-- AddThis Share Buttons generic via filter on the_content -->","protected":false},"excerpt":{"rendered":"<p>&nbsp; El 15 de noviembre de 1987 el Diario HOY publicaba un ampli\u00f3 reportaje sobre el CIR Centro, en el que el comandante Juan Pisos, ayudante del coronel jefe Luis Gonz\u00e1lez Mart\u00edn, comentaba que pese a su juventud hab\u00eda reclutas que ya eran famosos cuando llegaban a C\u00e1ceres para hacer el servicio militar obligatorio; citaba [&hellip;]<!-- AddThis Advanced Settings generic via filter on get_the_excerpt --><!-- AddThis Share Buttons generic via filter on get_the_excerpt --><\/p>\n","protected":false},"author":52,"featured_media":0,"comment_status":"open","ping_status":"closed","sticky":false,"template":"","format":"standard","meta":[],"categories":[2],"tags":[116,158,346,382,605,689,744,833,839,885,886,966,1045,1149],"_links":{"self":[{"href":"https:\/\/blogs.hoy.es\/dicestudemili\/wp-json\/wp\/v2\/posts\/1133"}],"collection":[{"href":"https:\/\/blogs.hoy.es\/dicestudemili\/wp-json\/wp\/v2\/posts"}],"about":[{"href":"https:\/\/blogs.hoy.es\/dicestudemili\/wp-json\/wp\/v2\/types\/post"}],"author":[{"embeddable":true,"href":"https:\/\/blogs.hoy.es\/dicestudemili\/wp-json\/wp\/v2\/users\/52"}],"replies":[{"embeddable":true,"href":"https:\/\/blogs.hoy.es\/dicestudemili\/wp-json\/wp\/v2\/comments?post=1133"}],"version-history":[{"count":0,"href":"https:\/\/blogs.hoy.es\/dicestudemili\/wp-json\/wp\/v2\/posts\/1133\/revisions"}],"wp:attachment":[{"href":"https:\/\/blogs.hoy.es\/dicestudemili\/wp-json\/wp\/v2\/media?parent=1133"}],"wp:term":[{"taxonomy":"category","embeddable":true,"href":"https:\/\/blogs.hoy.es\/dicestudemili\/wp-json\/wp\/v2\/categories?post=1133"},{"taxonomy":"post_tag","embeddable":true,"href":"https:\/\/blogs.hoy.es\/dicestudemili\/wp-json\/wp\/v2\/tags?post=1133"}],"curies":[{"name":"wp","href":"https:\/\/api.w.org\/{rel}","templated":true}]}}