{"id":1146,"date":"2013-05-01T06:28:15","date_gmt":"2013-05-01T06:28:15","guid":{"rendered":"http:\/\/blogs.hoy.es\/dicestudemili\/?p=1146"},"modified":"2013-05-01T06:28:15","modified_gmt":"2013-05-01T06:28:15","slug":"1991-1-el-jarro-de-agua-fria-del-capitan-general-rodrigo","status":"publish","type":"post","link":"https:\/\/blogs.hoy.es\/dicestudemili\/2013\/05\/01\/1991-1-el-jarro-de-agua-fria-del-capitan-general-rodrigo\/","title":{"rendered":"1991 (1): El jarro de agua fr\u00eda del capit\u00e1n general Jos\u00e9 Rodrigo"},"content":{"rendered":"<div id=\"attachment_1147\" style=\"width: 585px\" class=\"wp-caption aligncenter\"><a href=\"\/dicestudemili\/wp-content\/uploads\/sites\/57\/2013\/05\/capi\u00e1n-general.jpg\"><img aria-describedby=\"caption-attachment-1147\" loading=\"lazy\" class=\"size-full wp-image-1147\" title=\"Noticia publicada en el Diario HOY de la visita a C\u00e1ceres del capit\u00e1n general Jos\u00e9 Rodrigo.\" src=\"\/dicestudemili\/wp-content\/uploads\/sites\/57\/2013\/05\/capi\u00e1n-general.jpg\" alt=\"Noticia publicada en el Diario HOY de la visita a C\u00e1ceres del capit\u00e1n general Jos\u00e9 Rodrigo.\" width=\"575\" height=\"359\" srcset=\"https:\/\/static-blogs.hoy.es\/wp-content\/uploads\/sites\/57\/2013\/05\/capi\u00e1n-general.jpg 575w, https:\/\/static-blogs.hoy.es\/wp-content\/uploads\/sites\/57\/2013\/05\/capi\u00e1n-general-300x187.jpg 300w\" sizes=\"(max-width: 575px) 100vw, 575px\" \/><\/a><p id=\"caption-attachment-1147\" class=\"wp-caption-text\">Noticia publicada en el Diario HOY de la visita a C\u00e1ceres del capit\u00e1n general Jos\u00e9 Rodrigo.<\/p><\/div>\n<p>&nbsp;<\/p>\n<p>El <strong>15 de septiembre de 1991<\/strong> visita C\u00e1ceres <strong>Jos\u00e9 Rodrigo Rodrigo<\/strong>, capit\u00e1n general de la <strong>Regi\u00f3n Militar Centro<\/strong> en la que se encuadra Extremadura. Preside una jura de bandera de 1.564 reclutas (uno de ellos su hijo <strong>Luis Rodrigo<\/strong>). Terminado el acto militar el capit\u00e1n general habl\u00f3 claramente a los periodistas sobre el futuro militar de Extremadura.<\/p>\n<p>Sus palabras cayeron como jarro de agua fr\u00eda en <strong>Plasencia<\/strong>, en donde algunos pol\u00edticos insist\u00edan en que no se cerrar\u00eda el CIR como se anunci\u00f3 en 1989. Jos\u00e9 Rodrigo confirm\u00f3 la desaparici\u00f3n del centro de instrucci\u00f3n con estas palabras: &#8220;<em>Plasencia se tiene que integrar a C\u00e1ceres. Plasencia es un batall\u00f3n m\u00e1s del CIR Centro, con sede en el acuartelamiento de C\u00e1ceres<\/em>&#8220;.<\/p>\n<p>Sobre la ciudad de <strong>C\u00e1ceres<\/strong>, dijo que no pod\u00edan tener la custodia de tantos edificios, &#8220;<em>distrae personal, tenemos que replegarnos<\/em> &#8211; afirm\u00f3 -, <em>si de m\u00ed dependiera, dejar\u00edamos el <strong>Cuartel Infanta Isabel de C\u00e1ceres<\/strong>. Es una carga<\/em>&#8220;. Al d\u00eda siguiente el alcalde de C\u00e1ceres, <strong>Carlos S\u00e1nchez Polo<\/strong>, comentaba al periodista <strong>J. J. Gonz\u00e1lez<\/strong> de HOY que el Ayuntamiento y Defensa estaban coordinados para convertir el cuartel en una urbanizaci\u00f3n.<\/p>\n<p>Con respecto a <strong>M\u00e9rida<\/strong>, el capit\u00e1n general Jos\u00e9 Rodrigo anunci\u00f3 el traslado a Badajoz del <strong>Grupo Log\u00edstico<\/strong>.<\/p>\n<p>Al hablar de <strong>Badajoz<\/strong> dijo: &#8220;<em>Su futuro militar es espl\u00e9ndido, va aumentando de d\u00eda en d\u00eda. Badajoz, lo que ha hecho es incrementar. Acaba de recibir un regimiento de infanter\u00eda que estaba en Madrid; permanece el <strong>Regimiento Castilla<\/strong>, la <strong>Brigada<\/strong> en el cuartel general de <strong>B\u00f3toa<\/strong>, el <strong>Batall\u00f3n de Ingenieros<\/strong>; y el a\u00f1o pasado apareci\u00f3 una <strong>Compa\u00f1\u00eda de Defensa contra Carros<\/strong> que increment\u00f3 la plantilla<\/em>&#8220;. Un mes despu\u00e9s, el <strong>19 de octubre de 1991<\/strong>, Badajoz recibi\u00f3 oficialmente al <strong>Regimiento Saboya n\u00famero 6<\/strong> con un desfile militar al que asisti\u00f3<strong> Rodr\u00edguez Ibarra<\/strong>, entonces presidente de la Junta de Extremadura. Se se\u00f1al\u00f3 que la llegada del Regimiento supon\u00eda 1.400 habitantes m\u00e1s para Badajoz.<\/p>\n<p>Este a\u00f1o de 1991 se produjo en el CIR Centro de C\u00e1ceres el cambio del coronel jefe: En mayo se despidi\u00f3 <strong>Carlos Velasco Gil<\/strong>, sustituy\u00e9ndole en el cargo el <strong>coronel Jes\u00fas Gasc\u00f3n<\/strong>.<\/p>\n<p>En las juras de bandera comenz\u00f3 a ser habitual que frente al centro de instrucci\u00f3n se manifestara un grupo de j\u00f3venes contra el servicio militar obligatorio y tambi\u00e9n contra la <strong>Guerra del Golfo P\u00e9rsico<\/strong>, como se aprecia en este recorte del Diario HOY sobre la jura del 20 de enero en el que participaron 1.472 reclutas.<\/p>\n<p>&nbsp;<\/p>\n<div id=\"attachment_1149\" style=\"width: 657px\" class=\"wp-caption aligncenter\"><a href=\"\/dicestudemili\/wp-content\/uploads\/sites\/57\/2013\/05\/conflicto-Golfo.jpg\"><img aria-describedby=\"caption-attachment-1149\" loading=\"lazy\" class=\" wp-image-1149 \" title=\"Protesta ante el CIR de C\u00e1ceres en la jura de bandera de enero de 1991.\" src=\"\/dicestudemili\/wp-content\/uploads\/sites\/57\/2013\/05\/conflicto-Golfo.jpg\" alt=\"Protesta ante el CIR de C\u00e1ceres en la jura de bandera de enero de 1991.\" width=\"647\" height=\"291\" srcset=\"https:\/\/static-blogs.hoy.es\/wp-content\/uploads\/sites\/57\/2013\/05\/conflicto-Golfo.jpg 719w, https:\/\/static-blogs.hoy.es\/wp-content\/uploads\/sites\/57\/2013\/05\/conflicto-Golfo-300x135.jpg 300w\" sizes=\"(max-width: 647px) 100vw, 647px\" \/><\/a><p id=\"caption-attachment-1149\" class=\"wp-caption-text\">Protesta ante el CIR de C\u00e1ceres en la jura de bandera de enero de 1991.<\/p><\/div>\n<p>&nbsp;<\/p>\n<p>Mientras en las juras de bandera del CIR de C\u00e1ceres participaban alrededor de 1.500 reclutas, en el CIR de Plasencia cada vez hab\u00eda menos j\u00f3venes. En la primera de 1991, la del <strong>20 de enero<\/strong>, participaron 222 mientras que en la del <strong>17 de noviembre<\/strong> fueron 154 reclutas, entre ellos dos jugadores del equipo de f\u00fatbol de Plasencia, el defensa <strong>Ra\u00fal<\/strong> y el mediopunta <strong>Luisma<\/strong>. La sentencia de muerte del CIR de Plasencia estaba firmada, pero en el Ayuntamiento se insist\u00eda en que llegar\u00edan m\u00e1s militares, anunciando en diciembre de 1991 el alcalde <strong>C\u00e1ndido Cabrera,<\/strong> que en abril o mayo de 1992 vendr\u00eda Ibarra a Plasencia para dar una buena noticia. Se daba por hecho que vendr\u00eda una unidad militar con unos 2.000 hombres.<\/p>\n<p>&nbsp;<\/p>\n<!-- AddThis Advanced Settings generic via filter on the_content --><!-- AddThis Share Buttons generic via filter on the_content -->","protected":false},"excerpt":{"rendered":"<p>&nbsp; El 15 de septiembre de 1991 visita C\u00e1ceres Jos\u00e9 Rodrigo Rodrigo, capit\u00e1n general de la Regi\u00f3n Militar Centro en la que se encuadra Extremadura. Preside una jura de bandera de 1.564 reclutas (uno de ellos su hijo Luis Rodrigo). Terminado el acto militar el capit\u00e1n general habl\u00f3 claramente a los periodistas sobre el futuro [&hellip;]<!-- AddThis Advanced Settings generic via filter on get_the_excerpt --><!-- AddThis Share Buttons generic via filter on get_the_excerpt --><\/p>\n","protected":false},"author":52,"featured_media":0,"comment_status":"open","ping_status":"closed","sticky":false,"template":"","format":"standard","meta":[],"categories":[3],"tags":[216,241,284,368,386,627,723],"_links":{"self":[{"href":"https:\/\/blogs.hoy.es\/dicestudemili\/wp-json\/wp\/v2\/posts\/1146"}],"collection":[{"href":"https:\/\/blogs.hoy.es\/dicestudemili\/wp-json\/wp\/v2\/posts"}],"about":[{"href":"https:\/\/blogs.hoy.es\/dicestudemili\/wp-json\/wp\/v2\/types\/post"}],"author":[{"embeddable":true,"href":"https:\/\/blogs.hoy.es\/dicestudemili\/wp-json\/wp\/v2\/users\/52"}],"replies":[{"embeddable":true,"href":"https:\/\/blogs.hoy.es\/dicestudemili\/wp-json\/wp\/v2\/comments?post=1146"}],"version-history":[{"count":0,"href":"https:\/\/blogs.hoy.es\/dicestudemili\/wp-json\/wp\/v2\/posts\/1146\/revisions"}],"wp:attachment":[{"href":"https:\/\/blogs.hoy.es\/dicestudemili\/wp-json\/wp\/v2\/media?parent=1146"}],"wp:term":[{"taxonomy":"category","embeddable":true,"href":"https:\/\/blogs.hoy.es\/dicestudemili\/wp-json\/wp\/v2\/categories?post=1146"},{"taxonomy":"post_tag","embeddable":true,"href":"https:\/\/blogs.hoy.es\/dicestudemili\/wp-json\/wp\/v2\/tags?post=1146"}],"curies":[{"name":"wp","href":"https:\/\/api.w.org\/{rel}","templated":true}]}}