{"id":116,"date":"2012-11-23T01:05:08","date_gmt":"2012-11-23T01:05:08","guid":{"rendered":"http:\/\/blogs.hoy.es\/dicestudemili\/?p=116"},"modified":"2012-11-23T01:05:08","modified_gmt":"2012-11-23T01:05:08","slug":"jose-lorenzo-romero-me-gustaria-tener-noticias-de-mis-amigos-de-la-mili","status":"publish","type":"post","link":"https:\/\/blogs.hoy.es\/dicestudemili\/2012\/11\/23\/jose-lorenzo-romero-me-gustaria-tener-noticias-de-mis-amigos-de-la-mili\/","title":{"rendered":"Jos\u00e9 Lorenzo Romero: &#8220;Me gustar\u00eda tener noticias de mis amigos de la mili&#8221;"},"content":{"rendered":"<p><em>Creo que fue del 20 al 22 de Septiembre de <strong>1970<\/strong> cuando me incorpor\u00e9 a filas en el Campamento de Santa Ana, CIR n\u00ba 3,\u00a0y fui destinado a la 3\u00aa Compa\u00f1\u00eda del 2\u00ba Batall\u00f3n, cuyo capit\u00e1n era don<strong> Isidro\u00a0Guerrero Garc\u00eda<\/strong> y teniente (reci\u00e9n salido de la Academia General) don <strong>Jes\u00fas Alonso Iglesias<\/strong>. Hab\u00eda dos alf\u00e9reces, que ahora no me acuerdo c\u00f3mo se llamaban, solo recuerdo que a uno le llam\u00e1bamos \u2018El Bonito\u2019 por lo chulo que era; pero buena persona, eso s\u00ed, se hac\u00eda el interesante.<\/em><br \/>\n<em> Recuerdo, y me gustar\u00eda tener noticias de ellos, a la gente que hicimos buena amistad en aquella \u00e9poca, como son:<strong> Valeriano Pache\u00a0Perianes<\/strong>, de <strong>Garrovillas<\/strong>; <strong>Juan Rosado Alonso<\/strong> (maestro de escuela, como yo, de C\u00e1ceres); <strong>Francisco Pic\u00f3n\u00a0Gonz\u00e1lez<\/strong> (maestro y perito); <strong>Antonio Marcos<\/strong> y\u00a0<strong>Alfonso Carrasco Sanguino<\/strong>. A este \u00faltimo lo veo con frecuencia por <strong>Trujillo<\/strong> y recordamos\u00a0algunos momentos de la mili.<\/em><br \/>\n<em> Ya han fallecido algunos de los que estuvimos\u00a0haciendo la mili juntos como <strong>Pepe Cuadrado<\/strong> (sargento de milicias),<\/em><strong><em> Murillo\u00a0\u2018Chig\u00fci&#8217;<\/em><\/strong><em><strong>,<\/strong> de <strong>Trujillo<\/strong>&#8230;. De ellos me acuerdo con frecuencia, sobre todo cuando como chorizo y torreznos&#8230; Posiblemente alguno de los hermanos <strong>Rodr\u00edguez<\/strong> (hijos de <strong>Conrado<\/strong>)\u00a0y <strong>Antonio Moreno<\/strong> sepan por lo que es&#8230;<\/em><br \/>\n<em> El\u00a0Coronel, <strong>Alfonso Rodr\u00edguez Cullell<\/strong>, era una gran persona. Me encontr\u00e9 varios a\u00f1os despu\u00e9s con \u00e9l en <strong>Nerja<\/strong> (M\u00e1laga) y nos tomamos algunos vinos juntos.<\/em><br \/>\n<em> Hace poco tiempo, por esas casualidades de la vida, por internet me encontr\u00e9 con un gran amigo de antes de la mili, el que est\u00e1 conmigo en la foto, <strong>Jos\u00e9\u00a0 Luis S\u00e1nchez Ruano<\/strong>, que en aquella \u00e9poca era cabo primero, y por tel\u00e9fono recordamos aquellos tiempos&#8230;<\/em><br \/>\n<em> Tambi\u00e9n tengo buen recuerdo del cabo primero que hab\u00eda en mi compa\u00f1\u00eda, <strong>Manuel Moreno Senso<\/strong>; no as\u00ed como del que le sustituy\u00f3 cuando estaba haciendo el curso de sargento, un chaval de 17 a\u00f1os, sin estudios, medio analfabeto&#8230; creo que de apellido <strong>Gambero<\/strong>, que por tener galones de cabo primero se cre\u00eda el due\u00f1o del CIR&#8230;<\/em><br \/>\n<em> Hoy, despu\u00e9s de cuarenta y tantos a\u00f1os, no creo que nos llevaran, como se dec\u00eda, a hacernos hombres. Nos llevaban a perder un a\u00f1o o m\u00e1s de nuestra vida laboral&#8230; pero era lo que hab\u00eda y hab\u00eda que hacerlo, yo hoy no volver\u00eda.<\/em><br \/>\n<em> A pesar de todo tengo muy buen recuerdo de mis compa\u00f1eros&#8230; los malos recuerdos los he olvidado.<\/em><br \/>\n<em> Si alguno de los que he nombrado leen esto y se acuerdan de m\u00ed, les mando la direcci\u00f3n del correo por si se quieren poner en contacto conmigo y a ver si alg\u00fan d\u00eda nos podemos reunir y recordar esos tiempos.<\/em><br \/>\n<em> Un abrazo para todos ellos<\/em><br \/>\n<em><strong> Jos\u00e9 Lorenzo Romero D\u00edaz<\/strong>.- N\u00ba 57, 3\u00aa C\u00eda, 2\u00ba BOM\u00a0\u00a0 (tambi\u00e9n era la 7\u00aa Compa\u00f1\u00eda)<\/em><\/p>\n<p>Correo.- <a href=\"mailto:jlromerodiaz@hotmail.com\" target=\"_blank\">jlromerodiaz@hotmail.com<\/a><\/p>\n<p>&nbsp;<\/p>\n<div id=\"attachment_117\" style=\"width: 696px\" class=\"wp-caption aligncenter\"><a href=\"\/dicestudemili\/wp-content\/uploads\/sites\/57\/2012\/11\/Jose-mili.jpg\"><img aria-describedby=\"caption-attachment-117\" loading=\"lazy\" class=\"size-large wp-image-117\" title=\"Yo, a la izquierda, y mi amigo Jos\u00e9 Luis S\u00e1nchez.\" src=\"\/dicestudemili\/wp-content\/uploads\/sites\/57\/2012\/11\/Jose-mili.jpg\" alt=\"Yo, a la izquierda, y mi amigo Jos\u00e9 Luis S\u00e1nchez.\" width=\"686\" height=\"1024\" srcset=\"https:\/\/static-blogs.hoy.es\/wp-content\/uploads\/sites\/57\/2012\/11\/Jose-mili.jpg 772w, https:\/\/static-blogs.hoy.es\/wp-content\/uploads\/sites\/57\/2012\/11\/Jose-mili-201x300.jpg 201w, https:\/\/static-blogs.hoy.es\/wp-content\/uploads\/sites\/57\/2012\/11\/Jose-mili-768x1146.jpg 768w, https:\/\/static-blogs.hoy.es\/wp-content\/uploads\/sites\/57\/2012\/11\/Jose-mili-686x1024.jpg 686w\" sizes=\"(max-width: 686px) 100vw, 686px\" \/><\/a><p id=\"caption-attachment-117\" class=\"wp-caption-text\">Yo, a la izquierda, y mi amigo Jos\u00e9 Luis S\u00e1nchez.<\/p><\/div>\n<!-- AddThis Advanced Settings generic via filter on the_content --><!-- AddThis Share Buttons generic via filter on the_content -->","protected":false},"excerpt":{"rendered":"<p>Creo que fue del 20 al 22 de Septiembre de 1970 cuando me incorpor\u00e9 a filas en el Campamento de Santa Ana, CIR n\u00ba 3,\u00a0y fui destinado a la 3\u00aa Compa\u00f1\u00eda del 2\u00ba Batall\u00f3n, cuyo capit\u00e1n era don Isidro\u00a0Guerrero Garc\u00eda y teniente (reci\u00e9n salido de la Academia General) don Jes\u00fas Alonso Iglesias. Hab\u00eda dos alf\u00e9reces, [&hellip;]<!-- AddThis Advanced Settings generic via filter on get_the_excerpt --><!-- AddThis Share Buttons generic via filter on get_the_excerpt --><\/p>\n","protected":false},"author":52,"featured_media":0,"comment_status":"open","ping_status":"closed","sticky":false,"template":"","format":"standard","meta":[],"categories":[6],"tags":[57,62,101,534,621,646,684,695,739,797,916,1171],"_links":{"self":[{"href":"https:\/\/blogs.hoy.es\/dicestudemili\/wp-json\/wp\/v2\/posts\/116"}],"collection":[{"href":"https:\/\/blogs.hoy.es\/dicestudemili\/wp-json\/wp\/v2\/posts"}],"about":[{"href":"https:\/\/blogs.hoy.es\/dicestudemili\/wp-json\/wp\/v2\/types\/post"}],"author":[{"embeddable":true,"href":"https:\/\/blogs.hoy.es\/dicestudemili\/wp-json\/wp\/v2\/users\/52"}],"replies":[{"embeddable":true,"href":"https:\/\/blogs.hoy.es\/dicestudemili\/wp-json\/wp\/v2\/comments?post=116"}],"version-history":[{"count":0,"href":"https:\/\/blogs.hoy.es\/dicestudemili\/wp-json\/wp\/v2\/posts\/116\/revisions"}],"wp:attachment":[{"href":"https:\/\/blogs.hoy.es\/dicestudemili\/wp-json\/wp\/v2\/media?parent=116"}],"wp:term":[{"taxonomy":"category","embeddable":true,"href":"https:\/\/blogs.hoy.es\/dicestudemili\/wp-json\/wp\/v2\/categories?post=116"},{"taxonomy":"post_tag","embeddable":true,"href":"https:\/\/blogs.hoy.es\/dicestudemili\/wp-json\/wp\/v2\/tags?post=116"}],"curies":[{"name":"wp","href":"https:\/\/api.w.org\/{rel}","templated":true}]}}