{"id":1168,"date":"2013-05-03T06:28:50","date_gmt":"2013-05-03T06:28:50","guid":{"rendered":"http:\/\/blogs.hoy.es\/dicestudemili\/?p=1168"},"modified":"2013-05-03T06:28:50","modified_gmt":"2013-05-03T06:28:50","slug":"1991-y-2-nunca-corte-y-comi-mas-jamon-en-mi-vida-que-en-caceres","status":"publish","type":"post","link":"https:\/\/blogs.hoy.es\/dicestudemili\/2013\/05\/03\/1991-y-2-nunca-corte-y-comi-mas-jamon-en-mi-vida-que-en-caceres\/","title":{"rendered":"1991 (y 2): &#8220;Nunca cort\u00e9 y com\u00ed m\u00e1s jam\u00f3n en mi vida que en el CIR de C\u00e1ceres&#8221;"},"content":{"rendered":"<div id=\"attachment_1169\" style=\"width: 628px\" class=\"wp-caption aligncenter\"><a href=\"\/dicestudemili\/wp-content\/uploads\/sites\/57\/2013\/05\/1991.jpg\"><img aria-describedby=\"caption-attachment-1169\" loading=\"lazy\" class=\" wp-image-1169   \" title=\"Reclutas y mandos en el a\u00f1o 1991.\" src=\"\/dicestudemili\/wp-content\/uploads\/sites\/57\/2013\/05\/1991.jpg\" alt=\"Reclutas y mandos en el a\u00f1o 1991.\" width=\"618\" height=\"335\" srcset=\"https:\/\/static-blogs.hoy.es\/wp-content\/uploads\/sites\/57\/2013\/05\/1991.jpg 954w, https:\/\/static-blogs.hoy.es\/wp-content\/uploads\/sites\/57\/2013\/05\/1991-300x162.jpg 300w, https:\/\/static-blogs.hoy.es\/wp-content\/uploads\/sites\/57\/2013\/05\/1991-768x415.jpg 768w\" sizes=\"(max-width: 618px) 100vw, 618px\" \/><\/a><p id=\"caption-attachment-1169\" class=\"wp-caption-text\">Reclutas y mandos en el a\u00f1o 1991.<\/p><\/div>\n<p>&nbsp;<\/p>\n<p>&#8220;<em>Hice la instrucci\u00f3n en el CIR de C\u00e1ceres. Soy del primer reemplazo del 91, de la s\u00e9ptima Compa\u00f1\u00eda. Luego me destinaron al Polit\u00e9cnico n\u00famero 1 de Carabanchel. Alias<strong> &#8216;M\u00e1zinger&#8217;<\/strong> en los dos sitios. Nunca cort\u00e9 y com\u00ed m\u00e1s jam\u00f3n serrano en mi vida que en el CIR de C\u00e1ceres<\/em>&#8220;. Es lo que dice <strong>Adolfo S\u00e1nchez<\/strong> en el grupo de facebook &#8216;Yo hice la mili en el CIR de C\u00e1ceres o el Cimov&#8217;. Del mismo a\u00f1o es <strong>Carlos Javier Arnaldo<\/strong> que se\u00f1ala: &#8220;<em>Soy del segundo reemplazo del 91, segunda Compa\u00f1\u00eda. Volver\u00eda a repetir la experiencia<\/em>&#8220;.<\/p>\n<p>En otro grupo de facebook, &#8216;Yo tambi\u00e9n hice la mili en C\u00e1ceres&#8217;, <strong>Rafael Hurtado Vegas<\/strong> comenta: &#8220;<em>Yo hice la jura de bandera en enero de 1991, en la 9\u00aa Compa\u00f1\u00eda. La 8\u00aa y la 9\u00aa compa\u00f1\u00edas estaban al final del CIR entrando por la puerta principal a mano izquierda, pasando por la taberna y el edificio de mandos. Fuimos el \u00faltimo reemplazo de 1990. Fue una experiencia que no quer\u00edamos pasar, pero que despu\u00e9s de 20 a\u00f1os creo que me sirvi\u00f3 mucho para el resto de mi vida. A m\u00e1s de un chaval de hoy en d\u00eda le vendr\u00eda bien el hacerla<\/em>&#8220;.<\/p>\n<p>En la p\u00e1gina web www.amigosdelamili.com, un tal <strong>\u00c1lvaro<\/strong> dice que estuvo en la 5\u00aa compa\u00f1\u00eda, cree que en el a\u00f1o 1991, &#8220;<em>dorm\u00eda en la primera o en la segunda litera de la izquierda. Debajo de m\u00ed dorm\u00eda un t\u00edo que era como Jaimito y siempre se estaba metiendo en l\u00edos, al final fue captado para los paracas cuando vinieron. (&#8230;). Hab\u00eda un sargento llamado <strong>Nogales<\/strong> y luego un alferez que era como andaluz. Bueno, si alguno se acuerda de m\u00ed que me de un toque por aqu\u00ed y si no a jyshot@hotmail.com. Saludos<\/em>&#8220;.<\/p>\n<p>En este a\u00f1o en C\u00e1ceres segu\u00edan acudiendo miles de personas a las juras de bandera. En la del <strong>17 de marzo<\/strong> participaron en el acto militar 1.814 personas y, seg\u00fan la noticia del Diario HOY, hab\u00eda m\u00e1s de 7.000 espectadores.<\/p>\n<p>&nbsp;<\/p>\n<div id=\"attachment_1171\" style=\"width: 656px\" class=\"wp-caption aligncenter\"><a href=\"\/dicestudemili\/wp-content\/uploads\/sites\/57\/2013\/05\/7.000-espectadores.jpg\"><img aria-describedby=\"caption-attachment-1171\" loading=\"lazy\" class=\" wp-image-1171 \" title=\"Noticia de la jura de bandera del 17 de marzo de 1991.\" src=\"\/dicestudemili\/wp-content\/uploads\/sites\/57\/2013\/05\/7.000-espectadores.jpg\" alt=\"Noticia de la jura de bandera del 17 de marzo de 1991.\" width=\"646\" height=\"292\" srcset=\"https:\/\/static-blogs.hoy.es\/wp-content\/uploads\/sites\/57\/2013\/05\/7.000-espectadores.jpg 718w, https:\/\/static-blogs.hoy.es\/wp-content\/uploads\/sites\/57\/2013\/05\/7.000-espectadores-300x135.jpg 300w\" sizes=\"(max-width: 646px) 100vw, 646px\" \/><\/a><p id=\"caption-attachment-1171\" class=\"wp-caption-text\">Noticia de la jura de bandera del 17 de marzo de 1991.<\/p><\/div>\n<p>&nbsp;<\/p>\n<p>Hubo en 1991 dos accidentes de tr\u00e1fico mortales que afectaron a reclutas. El <strong>11 de marzo<\/strong> se publicaba la noticia de que en las inmediaciones del <strong>Campamento Santa Ana<\/strong>, en la carretera nacional 630, volc\u00f3 una furgoneta militar al salirse de la calzada en una curva. El cabo que conduc\u00eda result\u00f3 herido leve y falleci\u00f3 el soldado que viajaba con \u00e9l, <strong>Daniel Briosca Fern\u00e1ndez<\/strong>. Ten\u00eda 19 a\u00f1os.<\/p>\n<p>El <strong>10 de abril<\/strong> el Diario HOY publicaba una carta al director de <strong>Enrique Toro Pacheco<\/strong> enviada desde <strong>Archidona<\/strong> (M\u00e1laga). Parte de ella dec\u00eda as\u00ed: &#8220;<em>Soy el padre de <strong>Jos\u00e9 Antonio Toro S\u00e1nchez<\/strong>, el soldado que muri\u00f3 el d\u00eda 1 de los corrientes en la Residencia Sanitaria San Pedro de Alc\u00e1ntara a consecuencia del accidente de tr\u00e1fico sufrido, junto con otros compa\u00f1eros, el pasado 15 de marzo. Hoy que se habla tanto de materialismo, de p\u00e9rdida de valores humanos, quiero que publique esta carta para hacer saber que, gracias a Dios, a\u00fan quedan personas buenas, de gran sensibilidad, humanidad y cari\u00f1o hacia los dem\u00e1s, como nos han demostrado a m\u00ed y a mi familia tantas personas con las que hemos tratado. En especial queremos agradecer muy sinceramente el comportamiento y el cari\u00f1o de trato recibido tanto del personal m\u00e9dico como sanitario (concretamente del equipo de enfermeras y los ATS de la UCI); de los jefes, oficiales y suboficiales del CIR Centro, a autoridades que nos han acompa\u00f1ado en esos d\u00edas amargos y, en general, a todas aquellas personas que altru\u00edstamente nos han ofrecido lo que ten\u00edan (&#8230;). Que esta carta sirva de testimonio para demostrar que a\u00fan abunda la bondad por esta tierra de Dios. Muchas gracias a todos<\/em>&#8220;.<\/p>\n<p>En el <strong>Ayuntamiento<\/strong> de C\u00e1ceres se segu\u00eda con la costumbre de agasajar, con un refrigerio en el sal\u00f3n de plenos, a representantes de los reclutas de cada reemplazo. El <strong>14 de agosto<\/strong> HOY public\u00f3 una fotograf\u00eda de algunos reclutas del cuarto llamamiento.<\/p>\n<p>&nbsp;<\/p>\n<div id=\"attachment_1172\" style=\"width: 613px\" class=\"wp-caption aligncenter\"><strong><a href=\"\/dicestudemili\/wp-content\/uploads\/sites\/57\/2013\/05\/agasajo.jpg\"><img aria-describedby=\"caption-attachment-1172\" loading=\"lazy\" class=\" wp-image-1172  \" title=\"Reclutas recibidos en el Ayuntamiento de C\u00e1ceres.\" src=\"\/dicestudemili\/wp-content\/uploads\/sites\/57\/2013\/05\/agasajo.jpg\" alt=\"Reclutas recibidos en el Ayuntamiento de C\u00e1ceres.\" width=\"603\" height=\"398\" srcset=\"https:\/\/static-blogs.hoy.es\/wp-content\/uploads\/sites\/57\/2013\/05\/agasajo.jpg 837w, https:\/\/static-blogs.hoy.es\/wp-content\/uploads\/sites\/57\/2013\/05\/agasajo-300x198.jpg 300w, https:\/\/static-blogs.hoy.es\/wp-content\/uploads\/sites\/57\/2013\/05\/agasajo-768x507.jpg 768w\" sizes=\"(max-width: 603px) 100vw, 603px\" \/><\/a><\/strong><p id=\"caption-attachment-1172\" class=\"wp-caption-text\">Reclutas recibidos en el Ayuntamiento de C\u00e1ceres.<\/p><\/div>\n<p>&nbsp;<\/p>\n<p>En el blog &#8216;Historias de El Pardo&#8217; hay varios comentarios de personas que hicieron la mili en C\u00e1ceres en 1991. Uno del tercer reemplazo, que dice que estuvo en la compa\u00f1\u00eda &#8220;<span style=\"font-size: 13px;\"><em>que estaba justo enfrente de la cantina, en la planta de arriba<\/em>&#8220;, confiesa que era, &#8220;<em>el mam\u00f3n que por las noches saltaba de litera en litera dando almohadazos&#8230; Gracias al <strong>Sevillano<\/strong> que estuvo destinado en la oficina y mes evit\u00f3 m\u00e1s de 30 arrestos, y a\u00fan as\u00ed me chup\u00e9 10 d\u00edas de arresto. Un saludo de <strong>M\u00e1laga<\/strong> de \u00a0<strong>&#8216;El Lagartija&#8217;<\/strong><\/em>&#8220;. Uno que no firma comenta, &#8220;<em>y<\/em><\/span><span style=\"font-size: 13px;\"><em>o estuve en la 2\u00aa Compa\u00f1\u00eda, del 4\/91, con el <strong>sargento Barroso<\/strong> y otro sargento m\u00e1s tranquilo, muy colorado<\/em>&#8220;.<\/span><\/p>\n<p>Un recluta de 1991 que no deja su nombre escribe: &#8220;<em><span style=\"font-size: 13px;\">Yo aterric\u00e9 en el CIR Centro el <strong>29\/11\/1991<\/strong> (esa tarde no se me olvidar\u00e1 nunca), 6\u00ba reemplazo del 91, los \u00faltimos que nos comimos la mili de 12 meses, aunque al final nos perdonaron un mes y nos dieron la blanca despu\u00e9s de 11 meses. Estuve en la 2\u00aa Compa\u00f1\u00eda y tambi\u00e9n tuve el dudoso honor de servir a las \u00f3rdenes del <strong>sargento Barroso<\/strong> (\u00e9ste tampoco se me olvidar\u00e1 nunca) y del <strong>alf\u00e9rez Chac\u00f3n<\/strong>. Despu\u00e9s me destinaron a la <strong>Unidad M\u00f3vil de Mantenimiento de Sistemas Acorazados N\u00ba2<\/strong> en <strong>Segovia<\/strong> (UMMSA N\u00aa2), 15 d\u00edas en el cuartel y 15 d\u00edas en casita\u2026\u00a0<\/span><span style=\"font-size: 13px;\">Tengo que reconocer que lo de la mili fue toda una experiencia y volver\u00eda a repetirla, eso s\u00ed, \u00a1\u00a1\u00a1\u00a1\u00a1en las mismas condiciones eh!!!!\u00a0<\/span><\/em><span style=\"font-size: 13px;\"><em>Un saludo<\/em>&#8220;.<\/span><\/p>\n<p>Un recluta de este a\u00f1o, <strong>Francisco Mac\u00edas G\u00f3mez<\/strong>, nos env\u00eda esta fotograf\u00eda en la que est\u00e1 con un compa\u00f1ero de la 5\u00aa Compa\u00f1\u00eda. Son del tercer reemplazo de 1991.<\/p>\n<p>&nbsp;<\/p>\n<div id=\"attachment_1497\" style=\"width: 452px\" class=\"wp-caption aligncenter\"><a href=\"\/dicestudemili\/wp-content\/uploads\/sites\/57\/2013\/05\/DSC_0019.jpg\"><img aria-describedby=\"caption-attachment-1497\" loading=\"lazy\" class=\" wp-image-1497   \" title=\"Posando a los pies de la estatua de 'Manolito'.\" src=\"\/dicestudemili\/wp-content\/uploads\/sites\/57\/2013\/05\/DSC_0019.jpg\" alt=\"Posando a los pies de la estatua de 'Manolito'.\" width=\"442\" height=\"590\" srcset=\"https:\/\/static-blogs.hoy.es\/wp-content\/uploads\/sites\/57\/2013\/05\/DSC_0019.jpg 1944w, https:\/\/static-blogs.hoy.es\/wp-content\/uploads\/sites\/57\/2013\/05\/DSC_0019-225x300.jpg 225w, https:\/\/static-blogs.hoy.es\/wp-content\/uploads\/sites\/57\/2013\/05\/DSC_0019-768x1024.jpg 768w\" sizes=\"(max-width: 442px) 100vw, 442px\" \/><\/a><p id=\"caption-attachment-1497\" class=\"wp-caption-text\">Posando a los pies de la estatua de &#39;Manolito&#39;.<\/p><\/div>\n<p>&nbsp;<\/p>\n<p>&nbsp;<\/p>\n<!-- AddThis Advanced Settings generic via filter on the_content --><!-- AddThis Share Buttons generic via filter on the_content -->","protected":false},"excerpt":{"rendered":"<p>&nbsp; &#8220;Hice la instrucci\u00f3n en el CIR de C\u00e1ceres. Soy del primer reemplazo del 91, de la s\u00e9ptima Compa\u00f1\u00eda. Luego me destinaron al Polit\u00e9cnico n\u00famero 1 de Carabanchel. Alias &#8216;M\u00e1zinger&#8217; en los dos sitios. Nunca cort\u00e9 y com\u00ed m\u00e1s jam\u00f3n serrano en mi vida que en el CIR de C\u00e1ceres&#8220;. Es lo que dice Adolfo [&hellip;]<!-- AddThis Advanced Settings generic via filter on get_the_excerpt --><!-- AddThis Share Buttons generic via filter on get_the_excerpt --><\/p>\n","protected":false},"author":52,"featured_media":0,"comment_status":"open","ping_status":"closed","sticky":false,"template":"","format":"standard","meta":[],"categories":[3],"tags":[23,46,279,419,467,531,674,948,1013,1028],"_links":{"self":[{"href":"https:\/\/blogs.hoy.es\/dicestudemili\/wp-json\/wp\/v2\/posts\/1168"}],"collection":[{"href":"https:\/\/blogs.hoy.es\/dicestudemili\/wp-json\/wp\/v2\/posts"}],"about":[{"href":"https:\/\/blogs.hoy.es\/dicestudemili\/wp-json\/wp\/v2\/types\/post"}],"author":[{"embeddable":true,"href":"https:\/\/blogs.hoy.es\/dicestudemili\/wp-json\/wp\/v2\/users\/52"}],"replies":[{"embeddable":true,"href":"https:\/\/blogs.hoy.es\/dicestudemili\/wp-json\/wp\/v2\/comments?post=1168"}],"version-history":[{"count":0,"href":"https:\/\/blogs.hoy.es\/dicestudemili\/wp-json\/wp\/v2\/posts\/1168\/revisions"}],"wp:attachment":[{"href":"https:\/\/blogs.hoy.es\/dicestudemili\/wp-json\/wp\/v2\/media?parent=1168"}],"wp:term":[{"taxonomy":"category","embeddable":true,"href":"https:\/\/blogs.hoy.es\/dicestudemili\/wp-json\/wp\/v2\/categories?post=1168"},{"taxonomy":"post_tag","embeddable":true,"href":"https:\/\/blogs.hoy.es\/dicestudemili\/wp-json\/wp\/v2\/tags?post=1168"}],"curies":[{"name":"wp","href":"https:\/\/api.w.org\/{rel}","templated":true}]}}