{"id":1201,"date":"2013-05-08T06:50:42","date_gmt":"2013-05-08T06:50:42","guid":{"rendered":"http:\/\/blogs.hoy.es\/dicestudemili\/?p=1201"},"modified":"2013-05-08T06:50:42","modified_gmt":"2013-05-08T06:50:42","slug":"1992-1-rubalcaba-en-el-cambio-del-cir-de-plasencia-a-complejo-educativo","status":"publish","type":"post","link":"https:\/\/blogs.hoy.es\/dicestudemili\/2013\/05\/08\/1992-1-rubalcaba-en-el-cambio-del-cir-de-plasencia-a-complejo-educativo\/","title":{"rendered":"1992 (1): Rubalcaba en el cambio del CIR de Plasencia a complejo educativo"},"content":{"rendered":"<div id=\"attachment_1202\" style=\"width: 675px\" class=\"wp-caption aligncenter\"><a href=\"\/dicestudemili\/wp-content\/uploads\/sites\/57\/2013\/05\/146-PLASENCIA.-ULTIMO-ACTO-CASTRENSE-CELEBRADO-EN-EL-ACUARTE-copia.jpg\"><img aria-describedby=\"caption-attachment-1202\" loading=\"lazy\" class=\" wp-image-1202 \" title=\"\u00daltimo acto castrense celebrado en el cuartel de la Constancia de Plasencia.\" src=\"\/dicestudemili\/wp-content\/uploads\/sites\/57\/2013\/05\/146-PLASENCIA.-ULTIMO-ACTO-CASTRENSE-CELEBRADO-EN-EL-ACUARTE-copia.jpg\" alt=\"\u00daltimo acto castrense celebrado en el cuartel de la Constancia de Plasencia.\" width=\"665\" height=\"397\" srcset=\"https:\/\/static-blogs.hoy.es\/wp-content\/uploads\/sites\/57\/2013\/05\/146-PLASENCIA.-ULTIMO-ACTO-CASTRENSE-CELEBRADO-EN-EL-ACUARTE-copia.jpg 831w, https:\/\/static-blogs.hoy.es\/wp-content\/uploads\/sites\/57\/2013\/05\/146-PLASENCIA.-ULTIMO-ACTO-CASTRENSE-CELEBRADO-EN-EL-ACUARTE-copia-300x179.jpg 300w, https:\/\/static-blogs.hoy.es\/wp-content\/uploads\/sites\/57\/2013\/05\/146-PLASENCIA.-ULTIMO-ACTO-CASTRENSE-CELEBRADO-EN-EL-ACUARTE-copia-768x458.jpg 768w\" sizes=\"(max-width: 665px) 100vw, 665px\" \/><\/a><p id=\"caption-attachment-1202\" class=\"wp-caption-text\">\u00daltimo acto castrense celebrado en el cuartel de la Constancia de Plasencia.<\/p><\/div>\n<p>&nbsp;<\/p>\n<p>La imagen superior, cedida por el <strong>Cefot<\/strong> de C\u00e1ceres, es del \u00faltimo acto militar que se realiz\u00f3 en el acuartelamiento de Plasencia antes de su desaparici\u00f3n. El a\u00f1o 1992 fue el del cierre definitivo de este acuartelamiento en el que cada vez hab\u00eda menos soldados lo que originaba cierto malestar en Plasencia al ver que menguaban los recursos econ\u00f3micos de la ciudad. En la jura de bandera del <strong>19 de enero de 1992<\/strong> s\u00f3lo hab\u00eda 97 reclutas y el humor de <strong>Tino<\/strong> protagoniz\u00f3 esta vi\u00f1eta.<\/p>\n<p>&nbsp;<\/p>\n<div id=\"attachment_1204\" style=\"width: 505px\" class=\"wp-caption aligncenter\"><a href=\"\/dicestudemili\/wp-content\/uploads\/sites\/57\/2013\/05\/tino.jpg\"><img aria-describedby=\"caption-attachment-1204\" loading=\"lazy\" class=\" wp-image-1204   \" title=\"Vi\u00f1eta de Tino publicada en HOY.\" src=\"\/dicestudemili\/wp-content\/uploads\/sites\/57\/2013\/05\/tino.jpg\" alt=\"Vi\u00f1eta de Tino publicada en HOY.\" width=\"495\" height=\"332\" srcset=\"https:\/\/static-blogs.hoy.es\/wp-content\/uploads\/sites\/57\/2013\/05\/tino.jpg 859w, https:\/\/static-blogs.hoy.es\/wp-content\/uploads\/sites\/57\/2013\/05\/tino-300x201.jpg 300w, https:\/\/static-blogs.hoy.es\/wp-content\/uploads\/sites\/57\/2013\/05\/tino-768x515.jpg 768w\" sizes=\"(max-width: 495px) 100vw, 495px\" \/><\/a><p id=\"caption-attachment-1204\" class=\"wp-caption-text\">Vi\u00f1eta de Tino publicada en HOY.<\/p><\/div>\n<p>&nbsp;<\/p>\n<p>Visto que era una realidad la desaparici\u00f3n del CIR placentino y que no iba a venir unidad militar alguna,<strong> Juan Carlos Rodr\u00edguez Ibarra<\/strong>, entonces presidente de la Junta de Extremadura, realiz\u00f3 esfuerzos en Madrid para convertir el acuartelamiento en un complejo educativo. En el Diario HOY la desaparici\u00f3n del cuartel ocup\u00f3 dos portadas en el a\u00f1o 1992. La siguiente es la del <strong>5 de marzo<\/strong> en la que se anuncia el cambio de uso del cuartel.<\/p>\n<p>&nbsp;<\/p>\n<div id=\"attachment_1206\" style=\"width: 589px\" class=\"wp-caption aligncenter\"><a href=\"\/dicestudemili\/wp-content\/uploads\/sites\/57\/2013\/05\/pla1.jpg\"><img aria-describedby=\"caption-attachment-1206\" loading=\"lazy\" class=\"size-full wp-image-1206\" title=\"Portada del 5 de marzo del Diario HOY.\" src=\"\/dicestudemili\/wp-content\/uploads\/sites\/57\/2013\/05\/pla1.jpg\" alt=\"Portada del 5 de marzo del Diario HOY.\" width=\"579\" height=\"628\" srcset=\"https:\/\/static-blogs.hoy.es\/wp-content\/uploads\/sites\/57\/2013\/05\/pla1.jpg 579w, https:\/\/static-blogs.hoy.es\/wp-content\/uploads\/sites\/57\/2013\/05\/pla1-277x300.jpg 277w\" sizes=\"(max-width: 579px) 100vw, 579px\" \/><\/a><p id=\"caption-attachment-1206\" class=\"wp-caption-text\">Portada del 5 de marzo de 1992 del Diario HOY.<\/p><\/div>\n<p>&nbsp;<\/p>\n<p>En la noticia se hace referencia a que en el \u00faltimo reemplazo hab\u00edan jurado bandera menos de 50 soldados y que en esa fecha s\u00f3lo hab\u00eda en el cuartel, &#8220;<em>20 soldados y un pu\u00f1ado de oficiales<\/em>&#8220;.<\/p>\n<p>La siguiente portada es del <strong>13 de marzo de 1992<\/strong>, en la que se informa de un pleno en el Ayuntamiento de Plasencia &#8216;de esc\u00e1ndalo&#8217;.<\/p>\n<p>&nbsp;<\/p>\n<div id=\"attachment_1207\" style=\"width: 637px\" class=\"wp-caption aligncenter\"><a href=\"\/dicestudemili\/wp-content\/uploads\/sites\/57\/2013\/05\/plasenciaa.jpg\"><img aria-describedby=\"caption-attachment-1207\" loading=\"lazy\" class=\"size-full wp-image-1207\" title=\"Portada del Diario HOY del 13 de marzo de 1992.\" src=\"\/dicestudemili\/wp-content\/uploads\/sites\/57\/2013\/05\/plasenciaa.jpg\" alt=\"Portada del Diario HOY del 13 de marzo de 1992.\" width=\"627\" height=\"555\" srcset=\"https:\/\/static-blogs.hoy.es\/wp-content\/uploads\/sites\/57\/2013\/05\/plasenciaa.jpg 627w, https:\/\/static-blogs.hoy.es\/wp-content\/uploads\/sites\/57\/2013\/05\/plasenciaa-300x266.jpg 300w\" sizes=\"(max-width: 627px) 100vw, 627px\" \/><\/a><p id=\"caption-attachment-1207\" class=\"wp-caption-text\">Portada del Diario HOY del 13 de marzo de 1992.<\/p><\/div>\n<p>&nbsp;<\/p>\n<p>Despu\u00e9s de este pleno <strong>Alejandro Cercas<\/strong>, diputado nacional del PSOE por C\u00e1ceres, coment\u00f3 que no se entend\u00eda la reacci\u00f3n de algunos placentinos, &#8220;<em>el complejo educativo de Plasencia es un proyecto para el futuro frente a un CIR obsoleto<\/em>&#8220;, dijo tambi\u00e9n que Juan Carlos Rodr\u00edguez Ibarra, &#8220;<em>se ha dejado la piel por Plasencia<\/em>&#8220;.<\/p>\n<p>El <strong>18 de julio de 1992<\/strong> <strong>Alfredo P\u00e9rez Rubalcaba<\/strong>, que entonces era secretario de Estado de Educaci\u00f3n, dio una rueda de prensa en M\u00e9rida, acompa\u00f1ado por el presidente de la Junta (Juan Carlos Rodr\u00edguez Ibarra), el alcalde de Plasencia (<strong>C\u00e1ndido Cabrera<\/strong>), el consejero de Educaci\u00f3n y Cultura (<strong>Jaime Naranjo<\/strong>) y el primer teniente alcalde de Plasencia (<strong>Antonio Olivenza<\/strong>). Rubalcaba explic\u00f3 que el complejo educativo de Plasencia supon\u00eda una inversi\u00f3n de 2.500 millones de pesetas, y que el mismo se ubicar\u00edan las escuelas universitarias de <strong>Empresariales<\/strong> y <strong>Enfermer\u00eda<\/strong> (que ya ten\u00eda Plasencia), m\u00e1s un centro de formaci\u00f3n profesional superior en arte y una residencia para 200 estudiantes.<\/p>\n<p>&nbsp;<\/p>\n<div id=\"attachment_1208\" style=\"width: 659px\" class=\"wp-caption aligncenter\"><a href=\"\/dicestudemili\/wp-content\/uploads\/sites\/57\/2013\/05\/Rubalcaba.jpg\"><img aria-describedby=\"caption-attachment-1208\" loading=\"lazy\" class=\" wp-image-1208 \" title=\"Rubalcaba en la rueda de prensa que ofreci\u00f3 en M\u00e9rida para hablar de Plasencia.\" src=\"\/dicestudemili\/wp-content\/uploads\/sites\/57\/2013\/05\/Rubalcaba.jpg\" alt=\"Rubalcaba en la rueda de prensa que ofreci\u00f3 en M\u00e9rida para hablar de Plasencia.\" width=\"649\" height=\"296\" srcset=\"https:\/\/static-blogs.hoy.es\/wp-content\/uploads\/sites\/57\/2013\/05\/Rubalcaba.jpg 721w, https:\/\/static-blogs.hoy.es\/wp-content\/uploads\/sites\/57\/2013\/05\/Rubalcaba-300x137.jpg 300w\" sizes=\"(max-width: 649px) 100vw, 649px\" \/><\/a><p id=\"caption-attachment-1208\" class=\"wp-caption-text\">Rubalcaba en la rueda de prensa que ofreci\u00f3 en M\u00e9rida para hablar de Plasencia.<\/p><\/div>\n<p>&nbsp;<\/p>\n<p>Las dependencias del <strong>cuartel de la Constancia<\/strong>, ubicado en el centro de Plasencia, permanecieron custodiadas por un sargento y un pelot\u00f3n de soldados hasta que el <strong>Ministerio de Defensa<\/strong> lo cedi\u00f3 para realizar el complejo educativo.<\/p>\n<p>&nbsp;<\/p>\n<p>&nbsp;<\/p>\n<!-- AddThis Advanced Settings generic via filter on the_content --><!-- AddThis Share Buttons generic via filter on the_content -->","protected":false},"excerpt":{"rendered":"<p>&nbsp; La imagen superior, cedida por el Cefot de C\u00e1ceres, es del \u00faltimo acto militar que se realiz\u00f3 en el acuartelamiento de Plasencia antes de su desaparici\u00f3n. El a\u00f1o 1992 fue el del cierre definitivo de este acuartelamiento en el que cada vez hab\u00eda menos soldados lo que originaba cierto malestar en Plasencia al ver [&hellip;]<!-- AddThis Advanced Settings generic via filter on get_the_excerpt --><!-- AddThis Share Buttons generic via filter on get_the_excerpt --><\/p>\n","protected":false},"author":52,"featured_media":0,"comment_status":"open","ping_status":"closed","sticky":false,"template":"","format":"standard","meta":[],"categories":[3],"tags":[38,69,104,216,411,634,723,1143],"_links":{"self":[{"href":"https:\/\/blogs.hoy.es\/dicestudemili\/wp-json\/wp\/v2\/posts\/1201"}],"collection":[{"href":"https:\/\/blogs.hoy.es\/dicestudemili\/wp-json\/wp\/v2\/posts"}],"about":[{"href":"https:\/\/blogs.hoy.es\/dicestudemili\/wp-json\/wp\/v2\/types\/post"}],"author":[{"embeddable":true,"href":"https:\/\/blogs.hoy.es\/dicestudemili\/wp-json\/wp\/v2\/users\/52"}],"replies":[{"embeddable":true,"href":"https:\/\/blogs.hoy.es\/dicestudemili\/wp-json\/wp\/v2\/comments?post=1201"}],"version-history":[{"count":0,"href":"https:\/\/blogs.hoy.es\/dicestudemili\/wp-json\/wp\/v2\/posts\/1201\/revisions"}],"wp:attachment":[{"href":"https:\/\/blogs.hoy.es\/dicestudemili\/wp-json\/wp\/v2\/media?parent=1201"}],"wp:term":[{"taxonomy":"category","embeddable":true,"href":"https:\/\/blogs.hoy.es\/dicestudemili\/wp-json\/wp\/v2\/categories?post=1201"},{"taxonomy":"post_tag","embeddable":true,"href":"https:\/\/blogs.hoy.es\/dicestudemili\/wp-json\/wp\/v2\/tags?post=1201"}],"curies":[{"name":"wp","href":"https:\/\/api.w.org\/{rel}","templated":true}]}}