{"id":1213,"date":"2013-05-10T05:13:29","date_gmt":"2013-05-10T05:13:29","guid":{"rendered":"http:\/\/blogs.hoy.es\/dicestudemili\/?p=1213"},"modified":"2013-05-10T05:13:29","modified_gmt":"2013-05-10T05:13:29","slug":"teniente-el-titi-los-anos-mas-maravillosos-de-mi-vida-militar-fue-los-que-pase-al-mando-de-reclutas","status":"publish","type":"post","link":"https:\/\/blogs.hoy.es\/dicestudemili\/2013\/05\/10\/teniente-el-titi-los-anos-mas-maravillosos-de-mi-vida-militar-fue-los-que-pase-al-mando-de-reclutas\/","title":{"rendered":"Teniente &#039;el Titi&#039;: &#8220;Los a\u00f1os m\u00e1s maravillosos de mi vida militar fue los que pas\u00e9 al mando de reclutas&#8221;"},"content":{"rendered":"<div id=\"attachment_1214\" style=\"width: 644px\" class=\"wp-caption aligncenter\"><a href=\"\/dicestudemili\/wp-content\/uploads\/sites\/57\/2013\/05\/TITI.jpg\"><img aria-describedby=\"caption-attachment-1214\" loading=\"lazy\" class=\" wp-image-1214  \" title=\"Foto de 1983, el teniente Miguel Fern\u00e1ndez D\u00edaz, 'el Titi', es el primero de la derecha que est\u00e1 agachado.\" src=\"\/dicestudemili\/wp-content\/uploads\/sites\/57\/2013\/05\/TITI.jpg\" alt=\"Foto de 1983, el teniente Miguel Fern\u00e1ndez D\u00edaz, 'el Titi', es el primero de la derecha que est\u00e1 agachado.\" width=\"634\" height=\"689\" srcset=\"https:\/\/static-blogs.hoy.es\/wp-content\/uploads\/sites\/57\/2013\/05\/TITI.jpg 880w, https:\/\/static-blogs.hoy.es\/wp-content\/uploads\/sites\/57\/2013\/05\/TITI-276x300.jpg 276w, https:\/\/static-blogs.hoy.es\/wp-content\/uploads\/sites\/57\/2013\/05\/TITI-768x834.jpg 768w\" sizes=\"(max-width: 634px) 100vw, 634px\" \/><\/a><p id=\"caption-attachment-1214\" class=\"wp-caption-text\">Foto de 1983, el teniente Miguel Fern\u00e1ndez D\u00edaz, &#39;el Titi&#39;, es el primero de la derecha que est\u00e1 agachado.<\/p><\/div>\n<p>&nbsp;<\/p>\n<p>El <strong>teniente Miguel Fern\u00e1ndez D\u00edaz<\/strong>, conocido como<strong> &#8216;el Titi&#8217;<\/strong>, es uno de los mandos m\u00e1s recordados por personas que hicieron la mili en C\u00e1ceres. \u00c9l estuvo instruyendo a reclutas durante 17 a\u00f1os. En la fotograf\u00eda superior est\u00e1 con otros tenientes de complemento en el a\u00f1o 1983. Las personas que salen en la imagen son las siguientes: agachados, de izquierda a derecha, <strong>Antonio Perales Bustamante<\/strong>, <strong>Antonio de No Garc\u00eda Revillo<\/strong> y <strong>Miguel Fern\u00e1ndez D\u00edaz<\/strong>; en segundo plano, los tenientes <strong>Santiago Ledesma Hern\u00e1ndez<\/strong> y <strong>Antol\u00edn Galindo<\/strong>.<\/p>\n<p>El <strong>17 de octubre de 2012<\/strong>, Miguel Fern\u00e1ndez hizo este comentario en el blog &#8216;<strong>Historias de El Pardo<\/strong>&#8216;:<\/p>\n<p>&#8220;<em>Hola a todos. Soy el teniente Fern\u00e1ndez, el TITI. Llegu\u00e9 al CIR 3 en 1975 y all\u00ed estuve hasta 1992, a\u00f1o en que me fui a mandar la <strong>Polic\u00eda Militar<\/strong> de C\u00e1ceres. En el 1994, ya de capit\u00e1n, mand\u00e9 la <strong>USAC Hern\u00e1n Cort\u00e9s<\/strong> de M\u00e9rida. Pas\u00e9 unos a\u00f1os en el <strong>Centro de Reclutamiento<\/strong> y en 2004 me fui al <strong>IPE n\u00ba 1 de Carabanchel<\/strong> como Comandante Jefe de la <strong>Jefatura de Apoyo y Servicios<\/strong>. En 2008, me hice cargo de la Jefatura de la <strong>Plana Mayor de Mando del Hospital de Campa\u00f1a<\/strong>. Ahora estoy en la reserva. Los a\u00f1os m\u00e1s maravillosos de mi vida militar fueron los que pas\u00e9 al mando de reclutas en el<strong> campamento Santa Ana<\/strong>. Fui duro y exigente, pero creo que siempre di ejemplo exigi\u00e9ndome a m\u00ed mismo al m\u00e1ximo. Por supuesto que cometer\u00eda errores, de los que sinceramente me arrepiento, pero en la casi totalidad de las ocasiones fui justo o lo intent\u00e9 al menos. Un abrazo para todos los buenos espa\u00f1oles que pasaron por el CIR de C\u00e1ceres<\/em>&#8220;.<\/p>\n<!-- AddThis Advanced Settings generic via filter on the_content --><!-- AddThis Share Buttons generic via filter on the_content -->","protected":false},"excerpt":{"rendered":"<p>&nbsp; El teniente Miguel Fern\u00e1ndez D\u00edaz, conocido como &#8216;el Titi&#8217;, es uno de los mandos m\u00e1s recordados por personas que hicieron la mili en C\u00e1ceres. \u00c9l estuvo instruyendo a reclutas durante 17 a\u00f1os. En la fotograf\u00eda superior est\u00e1 con otros tenientes de complemento en el a\u00f1o 1983. Las personas que salen en la imagen son [&hellip;]<!-- AddThis Advanced Settings generic via filter on get_the_excerpt --><!-- AddThis Share Buttons generic via filter on get_the_excerpt --><\/p>\n","protected":false},"author":52,"featured_media":0,"comment_status":"open","ping_status":"closed","sticky":false,"template":"","format":"standard","meta":[],"categories":[6],"tags":[460,1087,1088,1089,1122,1129],"_links":{"self":[{"href":"https:\/\/blogs.hoy.es\/dicestudemili\/wp-json\/wp\/v2\/posts\/1213"}],"collection":[{"href":"https:\/\/blogs.hoy.es\/dicestudemili\/wp-json\/wp\/v2\/posts"}],"about":[{"href":"https:\/\/blogs.hoy.es\/dicestudemili\/wp-json\/wp\/v2\/types\/post"}],"author":[{"embeddable":true,"href":"https:\/\/blogs.hoy.es\/dicestudemili\/wp-json\/wp\/v2\/users\/52"}],"replies":[{"embeddable":true,"href":"https:\/\/blogs.hoy.es\/dicestudemili\/wp-json\/wp\/v2\/comments?post=1213"}],"version-history":[{"count":0,"href":"https:\/\/blogs.hoy.es\/dicestudemili\/wp-json\/wp\/v2\/posts\/1213\/revisions"}],"wp:attachment":[{"href":"https:\/\/blogs.hoy.es\/dicestudemili\/wp-json\/wp\/v2\/media?parent=1213"}],"wp:term":[{"taxonomy":"category","embeddable":true,"href":"https:\/\/blogs.hoy.es\/dicestudemili\/wp-json\/wp\/v2\/categories?post=1213"},{"taxonomy":"post_tag","embeddable":true,"href":"https:\/\/blogs.hoy.es\/dicestudemili\/wp-json\/wp\/v2\/tags?post=1213"}],"curies":[{"name":"wp","href":"https:\/\/api.w.org\/{rel}","templated":true}]}}