{"id":123,"date":"2012-11-24T09:19:42","date_gmt":"2012-11-24T09:19:42","guid":{"rendered":"http:\/\/blogs.hoy.es\/dicestudemili\/?p=123"},"modified":"2012-11-24T09:19:42","modified_gmt":"2012-11-24T09:19:42","slug":"1965-el-45-de-los-reclutas-eran-de-caceres-25-de-malaga-20-de-madrid-y-10-de-galicia","status":"publish","type":"post","link":"https:\/\/blogs.hoy.es\/dicestudemili\/2012\/11\/24\/1965-el-45-de-los-reclutas-eran-de-caceres-25-de-malaga-20-de-madrid-y-10-de-galicia\/","title":{"rendered":"1965: El 45 % de los reclutas eran de C\u00e1ceres, 25 % de M\u00e1laga, 20 % de Madrid y 10 % de Galicia"},"content":{"rendered":"<div id=\"attachment_527\" style=\"width: 638px\" class=\"wp-caption aligncenter\"><a href=\"\/dicestudemili\/wp-content\/uploads\/sites\/57\/2012\/11\/1965.-CACERES.-EL-TENIENTE-MOGOLLON-CON-SU-SECCION-A\u00d1O-19651.jpg\"><img aria-describedby=\"caption-attachment-527\" loading=\"lazy\" class=\" wp-image-527   \" title=\"El teniente Mogoll\u00f3n con su secci\u00f3n.\" src=\"\/dicestudemili\/wp-content\/uploads\/sites\/57\/2012\/11\/1965.-CACERES.-EL-TENIENTE-MOGOLLON-CON-SU-SECCION-A\u00d1O-19651.jpg\" alt=\"El teniente Mogoll\u00f3n con su secci\u00f3n.\" width=\"628\" height=\"466\" srcset=\"https:\/\/static-blogs.hoy.es\/wp-content\/uploads\/sites\/57\/2012\/11\/1965.-CACERES.-EL-TENIENTE-MOGOLLON-CON-SU-SECCION-A\u00d1O-19651.jpg 970w, https:\/\/static-blogs.hoy.es\/wp-content\/uploads\/sites\/57\/2012\/11\/1965.-CACERES.-EL-TENIENTE-MOGOLLON-CON-SU-SECCION-A\u00d1O-19651-300x223.jpg 300w, https:\/\/static-blogs.hoy.es\/wp-content\/uploads\/sites\/57\/2012\/11\/1965.-CACERES.-EL-TENIENTE-MOGOLLON-CON-SU-SECCION-A\u00d1O-19651-768x570.jpg 768w\" sizes=\"(max-width: 628px) 100vw, 628px\" \/><\/a><p id=\"caption-attachment-527\" class=\"wp-caption-text\">El teniente Mogoll\u00f3n con su secci\u00f3n.<\/p><\/div>\n<p>&nbsp;<\/p>\n<p>En este a\u00f1o comienza el CIR a formar soldados. Hab\u00eda cuatro batallones de instrucci\u00f3n, de los que dos estaban en el campamento de C\u00e1ceres y otros dos en Plasencia. Los primeros reclutas se incorporan entre el 2 y el 7 de marzo de <strong>1965<\/strong>: 2.627 estuvieron en C\u00e1ceres y 1.104 en Plasencia.<\/p>\n<p>Uno de los que vinieron fue <strong>Manuel Aguilar<\/strong>, que en el blog &#8216;Historias de El Pardo&#8217; cuenta as\u00ed su experiencia: &#8220;Era del primer llamamiento, estaba en la 3\u00aa compa\u00f1\u00eda, primer batall\u00f3n. Magn\u00edfico nuestro capit\u00e1n, don <strong>Francisco Pereira<\/strong>, siendo coronel del CIR <strong>Junc\u00e1 Casadeval<\/strong>. Dorm\u00edamos en el cuartel de al lado de la Plaza de Toros, pero todo el d\u00eda est\u00e1bamos en el Campamento. Juramos bandera a los tres meses, pasando yo a Jefatura de Instrucci\u00f3n, secci\u00f3n Selecci\u00f3n. Fueron los principios de los Centros de Instrucci\u00f3n de Reclutas en Espa\u00f1a. A\u00f1oro aquellos tiempos, me licenci\u00e9 de cabo. Nunca m\u00e1s volv\u00ed a C\u00e1ceres, pero recuerdo esa ciudad con mucho cari\u00f1o. Espero, antes de hacer el \u00faltimo &#8216;viaje&#8217; volver a esa maravillosa ciudad, pasear por sus calles y poder volver a entrar en ese recordado cuartel&#8221;.<\/p>\n<p>Esta es la noticia publicada en HOY el 17 de marzo con el coronel Casadeval dando la bienvenida a los primeros reclutas del CIR en el interior del cuartel Infanta Isabel, el de &#8220;al lado de la Plaza de Toros&#8221; que indicaba Manuel Aguilar.<\/p>\n<p>&nbsp;<\/p>\n<div id=\"attachment_125\" style=\"width: 486px\" class=\"wp-caption aligncenter\"><a href=\"\/dicestudemili\/wp-content\/uploads\/sites\/57\/2012\/11\/1965-17-3-65.jpg\"><img aria-describedby=\"caption-attachment-125\" loading=\"lazy\" class=\" wp-image-125  \" title=\"Recibimiento del coronel a los nuevos reclutas.\" src=\"\/dicestudemili\/wp-content\/uploads\/sites\/57\/2012\/11\/1965-17-3-65.jpg\" alt=\"Recibimiento del coronel a los nuevos reclutas.\" width=\"476\" height=\"432\" srcset=\"https:\/\/static-blogs.hoy.es\/wp-content\/uploads\/sites\/57\/2012\/11\/1965-17-3-65.jpg 850w, https:\/\/static-blogs.hoy.es\/wp-content\/uploads\/sites\/57\/2012\/11\/1965-17-3-65-300x272.jpg 300w, https:\/\/static-blogs.hoy.es\/wp-content\/uploads\/sites\/57\/2012\/11\/1965-17-3-65-768x697.jpg 768w\" sizes=\"(max-width: 476px) 100vw, 476px\" \/><\/a><p id=\"caption-attachment-125\" class=\"wp-caption-text\">Recibimiento del coronel a los nuevos reclutas.<\/p><\/div>\n<p>&nbsp;<\/p>\n<p>El 30 de mayo, HOY publica una entrevista con el coronel jefe del CIR, Junc\u00e1 Casadeval. Explica el militar que debido a la falta de edificaciones en el Campamento Santa Ana, parte de los reclutas han tenido que irse a Plasencia; pero se estaban haciendo obras en el centro de instrucci\u00f3n de C\u00e1ceres para acoger en esta ciudad a todos los reclutas. Indica que el de C\u00e1ceres es el CIR n\u00famero 3 de la Primera Regi\u00f3n Militar, porque el n\u00famero 1 es el de <strong>Colmenar Viejo<\/strong>, y el n\u00famero 2 est\u00e1 repartido entre <strong>Hoyo de Manzanares<\/strong> y <strong>El Goloso<\/strong> (Madrid). Una noticia curiosa que ofrece es el origen de los reclutas: El 45 % proced\u00eda de la provincia de C\u00e1ceres, el 25 % de M\u00e1laga, el 20 % de Madrid y el 10 % de Galicia. Sobre su futuro destino: El 45 % ir\u00edan a Infanter\u00eda, 30 % a Artiller\u00eda, 10 % a Caballer\u00eda, 10 % a Ingenier\u00eda y el 5 % restante a otros servicios (Sanidad, Veterinaria, etc\u00e9tera). 435 reclutas obtendr\u00edan aqu\u00ed el carn\u00e9 de conducir y hab\u00eda en el CIR un maestro nacional que daba clases a reclutas para que obtuvieran el Certificado de Estudios Primarios.<\/p>\n<p>Las siguientes im\u00e1genes son: La primera, una jura de bandera de ese a\u00f1o (el recluta es <strong>Manuel Floriano<\/strong>) y la segunda, el recorte del Diario HOY del 30 de septiembre sobre la accidentada jura de bandera de m\u00e1s de 2.500 reclutas, en la que hubo que suspender el desfile por la intensa lluvia que cay\u00f3.<\/p>\n<p>&nbsp;<\/p>\n<div id=\"attachment_126\" style=\"width: 527px\" class=\"wp-caption aligncenter\"><a href=\"\/dicestudemili\/wp-content\/uploads\/sites\/57\/2012\/11\/1965.-CACERES.-EL-RECLUTA-MANUEL-FLORIANO-JURANDO-BANDERA-A\u00d1O.jpg\"><img aria-describedby=\"caption-attachment-126\" loading=\"lazy\" class=\"wp-image-126 \" title=\"El recluta Manuel Floriano.\" src=\"\/dicestudemili\/wp-content\/uploads\/sites\/57\/2012\/11\/1965.-CACERES.-EL-RECLUTA-MANUEL-FLORIANO-JURANDO-BANDERA-A\u00d1O.jpg\" alt=\"El recluta Manuel Floriano.\" width=\"517\" height=\"378\" srcset=\"https:\/\/static-blogs.hoy.es\/wp-content\/uploads\/sites\/57\/2012\/11\/1965.-CACERES.-EL-RECLUTA-MANUEL-FLORIANO-JURANDO-BANDERA-A\u00d1O.jpg 646w, https:\/\/static-blogs.hoy.es\/wp-content\/uploads\/sites\/57\/2012\/11\/1965.-CACERES.-EL-RECLUTA-MANUEL-FLORIANO-JURANDO-BANDERA-A\u00d1O-300x219.jpg 300w\" sizes=\"(max-width: 517px) 100vw, 517px\" \/><\/a><p id=\"caption-attachment-126\" class=\"wp-caption-text\">El recluta Manuel Floriano.<\/p><\/div>\n<p>&nbsp;<\/p>\n<div id=\"attachment_127\" style=\"width: 435px\" class=\"wp-caption aligncenter\"><a href=\"\/dicestudemili\/wp-content\/uploads\/sites\/57\/2012\/11\/1965-30-9-65.jpg\"><img aria-describedby=\"caption-attachment-127\" loading=\"lazy\" class=\"wp-image-127 \" title=\"Noticia de HOY del 30 de septiembre de 1965.\" src=\"\/dicestudemili\/wp-content\/uploads\/sites\/57\/2012\/11\/1965-30-9-65.jpg\" alt=\"Noticia de HOY del 30 de septiembre de 1965.\" width=\"425\" height=\"745\" srcset=\"https:\/\/static-blogs.hoy.es\/wp-content\/uploads\/sites\/57\/2012\/11\/1965-30-9-65.jpg 425w, https:\/\/static-blogs.hoy.es\/wp-content\/uploads\/sites\/57\/2012\/11\/1965-30-9-65-171x300.jpg 171w\" sizes=\"(max-width: 425px) 100vw, 425px\" \/><\/a><p id=\"caption-attachment-127\" class=\"wp-caption-text\">Noticia de HOY del 30 de septiembre de 1965.<\/p><\/div>\n<!-- AddThis Advanced Settings generic via filter on the_content --><!-- AddThis Share Buttons generic via filter on the_content -->","protected":false},"excerpt":{"rendered":"<p>&nbsp; En este a\u00f1o comienza el CIR a formar soldados. Hab\u00eda cuatro batallones de instrucci\u00f3n, de los que dos estaban en el campamento de C\u00e1ceres y otros dos en Plasencia. Los primeros reclutas se incorporan entre el 2 y el 7 de marzo de 1965: 2.627 estuvieron en C\u00e1ceres y 1.104 en Plasencia. Uno de [&hellip;]<!-- AddThis Advanced Settings generic via filter on get_the_excerpt --><!-- AddThis Share Buttons generic via filter on get_the_excerpt --><\/p>\n","protected":false},"author":52,"featured_media":0,"comment_status":"open","ping_status":"closed","sticky":false,"template":"","format":"standard","meta":[],"categories":[3],"tags":[412,533,745,783,791,1123],"_links":{"self":[{"href":"https:\/\/blogs.hoy.es\/dicestudemili\/wp-json\/wp\/v2\/posts\/123"}],"collection":[{"href":"https:\/\/blogs.hoy.es\/dicestudemili\/wp-json\/wp\/v2\/posts"}],"about":[{"href":"https:\/\/blogs.hoy.es\/dicestudemili\/wp-json\/wp\/v2\/types\/post"}],"author":[{"embeddable":true,"href":"https:\/\/blogs.hoy.es\/dicestudemili\/wp-json\/wp\/v2\/users\/52"}],"replies":[{"embeddable":true,"href":"https:\/\/blogs.hoy.es\/dicestudemili\/wp-json\/wp\/v2\/comments?post=123"}],"version-history":[{"count":0,"href":"https:\/\/blogs.hoy.es\/dicestudemili\/wp-json\/wp\/v2\/posts\/123\/revisions"}],"wp:attachment":[{"href":"https:\/\/blogs.hoy.es\/dicestudemili\/wp-json\/wp\/v2\/media?parent=123"}],"wp:term":[{"taxonomy":"category","embeddable":true,"href":"https:\/\/blogs.hoy.es\/dicestudemili\/wp-json\/wp\/v2\/categories?post=123"},{"taxonomy":"post_tag","embeddable":true,"href":"https:\/\/blogs.hoy.es\/dicestudemili\/wp-json\/wp\/v2\/tags?post=123"}],"curies":[{"name":"wp","href":"https:\/\/api.w.org\/{rel}","templated":true}]}}