{"id":1241,"date":"2013-05-13T05:16:26","date_gmt":"2013-05-13T05:16:26","guid":{"rendered":"http:\/\/blogs.hoy.es\/dicestudemili\/?p=1241"},"modified":"2013-05-13T05:16:26","modified_gmt":"2013-05-13T05:16:26","slug":"1992-2-la-bandera-del-cir-regalo-de-caceres-y-el-coronel-asesinado-por-eta","status":"publish","type":"post","link":"https:\/\/blogs.hoy.es\/dicestudemili\/2013\/05\/13\/1992-2-la-bandera-del-cir-regalo-de-caceres-y-el-coronel-asesinado-por-eta\/","title":{"rendered":"1992 (2): La bandera del CIR regalo de C\u00e1ceres y el coronel asesinado por ETA"},"content":{"rendered":"<div id=\"attachment_1242\" style=\"width: 504px\" class=\"wp-caption aligncenter\"><a href=\"\/dicestudemili\/wp-content\/uploads\/sites\/57\/2013\/05\/1992-y-fet\u00e9n.-CACERES.-ENTREGA-DE-LA-ENSE\u00d1A-NACIONAL-EN-SU-MODALIDAD-copia.jpg\"><img aria-describedby=\"caption-attachment-1242\" loading=\"lazy\" class=\"size-full wp-image-1242\" title=\"Entrega de la bandera, la madrina del acto fue la mujer del alcalde Carlos S\u00e1nchez Polo.\" src=\"\/dicestudemili\/wp-content\/uploads\/sites\/57\/2013\/05\/1992-y-fet\u00e9n.-CACERES.-ENTREGA-DE-LA-ENSE\u00d1A-NACIONAL-EN-SU-MODALIDAD-copia.jpg\" alt=\"Entrega de la bandera, la madrina del acto fue la mujer del alcalde Carlos S\u00e1nchez Polo.\" width=\"494\" height=\"400\" srcset=\"https:\/\/static-blogs.hoy.es\/wp-content\/uploads\/sites\/57\/2013\/05\/1992-y-fet\u00e9n.-CACERES.-ENTREGA-DE-LA-ENSE\u00d1A-NACIONAL-EN-SU-MODALIDAD-copia.jpg 494w, https:\/\/static-blogs.hoy.es\/wp-content\/uploads\/sites\/57\/2013\/05\/1992-y-fet\u00e9n.-CACERES.-ENTREGA-DE-LA-ENSE\u00d1A-NACIONAL-EN-SU-MODALIDAD-copia-300x243.jpg 300w\" sizes=\"(max-width: 494px) 100vw, 494px\" \/><\/a><p id=\"caption-attachment-1242\" class=\"wp-caption-text\">Entrega de la bandera, la madrina del acto fue la mujer del alcalde Carlos S\u00e1nchez Polo.<\/p><\/div>\n<p>&nbsp;<\/p>\n<p>El <strong>18 de octubre de 1992<\/strong> se daba la noticia de que por primera vez un Centro de Instrucci\u00f3n de Reclutas (CIR) ten\u00eda una bandera propia, y ese CIR era el de C\u00e1ceres. El d\u00eda anterior tuvo lugar en el <strong>Campamento Santa Ana<\/strong> el acto de entrega de la bandera, que fue un regalo del Ayuntamiento de C\u00e1ceres &#8220;<em>como reconocimiento al Ej\u00e9rcito por la presencia del CIR en la ciudad<\/em>&#8220;, seg\u00fan se asegur\u00f3. <strong>Mar\u00eda del Carmen Rodr\u00edguez Zamora<\/strong>, esposa del alcalde de C\u00e1ceres, <strong>Carlos S\u00e1nchez Polo<\/strong>, fue la madrina del acto. Ella fue quien dio la ense\u00f1a al coronel jefe del CIR, <strong>Jes\u00fas Ortega Gasc\u00f3n<\/strong>. El acto se realiz\u00f3 antes de la jura de bandera en la que participaron 1.507 reclutas.<\/p>\n<p>&nbsp;<\/p>\n<div id=\"attachment_1244\" style=\"width: 657px\" class=\"wp-caption aligncenter\"><a href=\"\/dicestudemili\/wp-content\/uploads\/sites\/57\/2013\/05\/145.-CACERES.-ENTREGA-DE-LA-ENSE\u00d1A-NACIONAL-EN-SU-MODALIDAD-.jpg\"><img aria-describedby=\"caption-attachment-1244\" loading=\"lazy\" class=\" wp-image-1244 \" title=\"Imagen tomada en el vino de honor que se ofreci\u00f3 tras la entrega de la bandera.\" src=\"\/dicestudemili\/wp-content\/uploads\/sites\/57\/2013\/05\/145.-CACERES.-ENTREGA-DE-LA-ENSE\u00d1A-NACIONAL-EN-SU-MODALIDAD-.jpg\" alt=\"Imagen tomada en el vino de honor que se ofreci\u00f3 tras la entrega de la bandera.\" width=\"647\" height=\"456\" srcset=\"https:\/\/static-blogs.hoy.es\/wp-content\/uploads\/sites\/57\/2013\/05\/145.-CACERES.-ENTREGA-DE-LA-ENSE\u00d1A-NACIONAL-EN-SU-MODALIDAD-.jpg 719w, https:\/\/static-blogs.hoy.es\/wp-content\/uploads\/sites\/57\/2013\/05\/145.-CACERES.-ENTREGA-DE-LA-ENSE\u00d1A-NACIONAL-EN-SU-MODALIDAD--300x212.jpg 300w\" sizes=\"(max-width: 647px) 100vw, 647px\" \/><\/a><p id=\"caption-attachment-1244\" class=\"wp-caption-text\">Imagen tomada en el vino de honor que se ofreci\u00f3 tras la entrega de la bandera.<\/p><\/div>\n<p>&nbsp;<\/p>\n<p>Unas semanas antes de este acto, el coronel jefe del CIR, Jes\u00fas Ortego Gasc\u00f3n, tom\u00f3 posesi\u00f3n del cargo de gobernador militar de la provincia de C\u00e1ceres. Este puesto hab\u00eda quedado libre al dejarlo el coronel de Infanter\u00eda <strong>Antonino Antequera Congregado<\/strong>, que hab\u00eda pasado a la reserva.<\/p>\n<p>El <strong>2 de septiembre de 1992<\/strong>\u00a0volv\u00eda a asesinar <strong>ETA<\/strong>, y est\u00e1 vez su v\u00edctima era una persona vinculada con C\u00e1ceres. El coronel del Ej\u00e9rcito de Tierra <strong>Antonio Heredero Gil<\/strong> muri\u00f3 en <strong>Salamanca<\/strong> al explosionar una bomba-lapa adosada en los bajos de su coche. De 55 a\u00f1os, pertenec\u00eda al cuerpo de Caballer\u00eda del Estado Mayor del Ej\u00e9rcito de Tierra. Natural de Calatayud (Zaragoza) estaba casado\u00a0y ten\u00eda tres hijos. Llevaba m\u00e1s de veinte a\u00f1os residiendo en Salamanca. Estaba destinado en el Patronato de Hu\u00e9rfanos del Ej\u00e9rcito, en el cuartel de Caballer\u00eda Juli\u00e1n S\u00e1nchez El Charro. Antonio Heredero Gil fue la primera v\u00edctima mortal que ETA provocaba con un atentado en Castilla y Le\u00f3n.<\/p>\n<p>&nbsp;<\/p>\n<div id=\"attachment_1245\" style=\"width: 673px\" class=\"wp-caption aligncenter\"><a href=\"\/dicestudemili\/wp-content\/uploads\/sites\/57\/2013\/05\/1992-GF00HT41.jpg\"><img aria-describedby=\"caption-attachment-1245\" loading=\"lazy\" class=\" wp-image-1245   \" title=\"Estado del coche tras el atentado.\" src=\"\/dicestudemili\/wp-content\/uploads\/sites\/57\/2013\/05\/1992-GF00HT41.jpg\" alt=\"Estado del coche tras el atentado.\" width=\"663\" height=\"381\" srcset=\"https:\/\/static-blogs.hoy.es\/wp-content\/uploads\/sites\/57\/2013\/05\/1992-GF00HT41.jpg 1792w, https:\/\/static-blogs.hoy.es\/wp-content\/uploads\/sites\/57\/2013\/05\/1992-GF00HT41-300x172.jpg 300w, https:\/\/static-blogs.hoy.es\/wp-content\/uploads\/sites\/57\/2013\/05\/1992-GF00HT41-768x441.jpg 768w, https:\/\/static-blogs.hoy.es\/wp-content\/uploads\/sites\/57\/2013\/05\/1992-GF00HT41-1024x588.jpg 1024w\" sizes=\"(max-width: 663px) 100vw, 663px\" \/><\/a><p id=\"caption-attachment-1245\" class=\"wp-caption-text\">Estado del coche tras el atentado.<\/p><\/div>\n<p>&nbsp;<\/p>\n<div id=\"attachment_1246\" style=\"width: 211px\" class=\"wp-caption alignright\"><a href=\"\/dicestudemili\/wp-content\/uploads\/sites\/57\/2013\/05\/1992-antonio-heredero-gil.jpg\"><img aria-describedby=\"caption-attachment-1246\" loading=\"lazy\" class=\" wp-image-1246     \" title=\"Antonio Heredero Gil.\" src=\"\/dicestudemili\/wp-content\/uploads\/sites\/57\/2013\/05\/1992-antonio-heredero-gil.jpg\" alt=\"Antonio Heredero Gil.\" width=\"201\" height=\"248\" srcset=\"https:\/\/static-blogs.hoy.es\/wp-content\/uploads\/sites\/57\/2013\/05\/1992-antonio-heredero-gil.jpg 939w, https:\/\/static-blogs.hoy.es\/wp-content\/uploads\/sites\/57\/2013\/05\/1992-antonio-heredero-gil-243x300.jpg 243w, https:\/\/static-blogs.hoy.es\/wp-content\/uploads\/sites\/57\/2013\/05\/1992-antonio-heredero-gil-768x947.jpg 768w, https:\/\/static-blogs.hoy.es\/wp-content\/uploads\/sites\/57\/2013\/05\/1992-antonio-heredero-gil-830x1024.jpg 830w\" sizes=\"(max-width: 201px) 100vw, 201px\" \/><\/a><p id=\"caption-attachment-1246\" class=\"wp-caption-text\">Antonio Heredero Gil.<\/p><\/div>\n<p>&nbsp;<\/p>\n<p>A lo largo de su carrera militar el \u00a0coronel Antonio Heredero hab\u00eda estado destinado en el CIR de C\u00e1ceres. Su mujer era cacere\u00f1a, <strong>Blanca Ortiz Ducase<\/strong>. Sus suegros era muy conocidos en C\u00e1ceres, el perito <strong>C\u00e1ndido Ortiz de la Tapia<\/strong> y <strong>Adela Ducase<\/strong>.<\/p>\n<p><span style=\"font-size: 13px;\">\u00a0<\/span><\/p>\n<p>&nbsp;<\/p>\n<!-- AddThis Advanced Settings generic via filter on the_content --><!-- AddThis Share Buttons generic via filter on the_content -->","protected":false},"excerpt":{"rendered":"<p>&nbsp; El 18 de octubre de 1992 se daba la noticia de que por primera vez un Centro de Instrucci\u00f3n de Reclutas (CIR) ten\u00eda una bandera propia, y ese CIR era el de C\u00e1ceres. El d\u00eda anterior tuvo lugar en el Campamento Santa Ana el acto de entrega de la bandera, que fue un regalo [&hellip;]<!-- AddThis Advanced Settings generic via filter on get_the_excerpt --><!-- AddThis Share Buttons generic via filter on get_the_excerpt --><\/p>\n","protected":false},"author":52,"featured_media":0,"comment_status":"open","ping_status":"closed","sticky":false,"template":"","format":"standard","meta":[],"categories":[3],"tags":[20,139,217,284,365,366,388,806],"_links":{"self":[{"href":"https:\/\/blogs.hoy.es\/dicestudemili\/wp-json\/wp\/v2\/posts\/1241"}],"collection":[{"href":"https:\/\/blogs.hoy.es\/dicestudemili\/wp-json\/wp\/v2\/posts"}],"about":[{"href":"https:\/\/blogs.hoy.es\/dicestudemili\/wp-json\/wp\/v2\/types\/post"}],"author":[{"embeddable":true,"href":"https:\/\/blogs.hoy.es\/dicestudemili\/wp-json\/wp\/v2\/users\/52"}],"replies":[{"embeddable":true,"href":"https:\/\/blogs.hoy.es\/dicestudemili\/wp-json\/wp\/v2\/comments?post=1241"}],"version-history":[{"count":0,"href":"https:\/\/blogs.hoy.es\/dicestudemili\/wp-json\/wp\/v2\/posts\/1241\/revisions"}],"wp:attachment":[{"href":"https:\/\/blogs.hoy.es\/dicestudemili\/wp-json\/wp\/v2\/media?parent=1241"}],"wp:term":[{"taxonomy":"category","embeddable":true,"href":"https:\/\/blogs.hoy.es\/dicestudemili\/wp-json\/wp\/v2\/categories?post=1241"},{"taxonomy":"post_tag","embeddable":true,"href":"https:\/\/blogs.hoy.es\/dicestudemili\/wp-json\/wp\/v2\/tags?post=1241"}],"curies":[{"name":"wp","href":"https:\/\/api.w.org\/{rel}","templated":true}]}}