{"id":1258,"date":"2013-05-15T05:04:33","date_gmt":"2013-05-15T05:04:33","guid":{"rendered":"http:\/\/blogs.hoy.es\/dicestudemili\/?p=1258"},"modified":"2013-05-15T05:04:33","modified_gmt":"2013-05-15T05:04:33","slug":"1992-3-tres-meses-menos-de-mili-y-canones-del-cir-en-la-ciudad-monumental","status":"publish","type":"post","link":"https:\/\/blogs.hoy.es\/dicestudemili\/2013\/05\/15\/1992-3-tres-meses-menos-de-mili-y-canones-del-cir-en-la-ciudad-monumental\/","title":{"rendered":"1992 (3): Tres meses menos de mili y ca\u00f1ones del CIR en la Ciudad Monumental"},"content":{"rendered":"<div id=\"attachment_1259\" style=\"width: 539px\" class=\"wp-caption aligncenter\"><a href=\"\/dicestudemili\/wp-content\/uploads\/sites\/57\/2013\/05\/ca\u00f1\u00f3n.jpg\"><img aria-describedby=\"caption-attachment-1259\" loading=\"lazy\" class=\" wp-image-1259  \" title=\"Uno de los dos ca\u00f1ones ubicados en la Plaza de San Jorge.\" src=\"\/dicestudemili\/wp-content\/uploads\/sites\/57\/2013\/05\/ca\u00f1\u00f3n.jpg\" alt=\"Uno de los dos ca\u00f1ones ubicados en la Plaza de San Jorge.\" width=\"529\" height=\"645\" srcset=\"https:\/\/static-blogs.hoy.es\/wp-content\/uploads\/sites\/57\/2013\/05\/ca\u00f1\u00f3n.jpg 850w, https:\/\/static-blogs.hoy.es\/wp-content\/uploads\/sites\/57\/2013\/05\/ca\u00f1\u00f3n-246x300.jpg 246w, https:\/\/static-blogs.hoy.es\/wp-content\/uploads\/sites\/57\/2013\/05\/ca\u00f1\u00f3n-768x935.jpg 768w, https:\/\/static-blogs.hoy.es\/wp-content\/uploads\/sites\/57\/2013\/05\/ca\u00f1\u00f3n-841x1024.jpg 841w\" sizes=\"(max-width: 529px) 100vw, 529px\" \/><\/a><p id=\"caption-attachment-1259\" class=\"wp-caption-text\">Fotograf\u00eda publicada en la portada del Diario HOY de uno de los ca\u00f1ones ubicados en Ciudad Monumental.<\/p><\/div>\n<p>&nbsp;<\/p>\n<p>En el mes de <strong>junio de 1992<\/strong> las personas que pasaban por la Ciudad Monumental de C\u00e1ceres se extra\u00f1aban al ver en la <strong>Plaza de San Jorge<\/strong> dos ca\u00f1ones. Hab\u00edan sido trasladados del CIR cacere\u00f1o a esta plaza para formar parte del escenario de la obra <strong>&#8216;Othello&#8217;<\/strong> que el grupo <strong>Suripanta<\/strong> represent\u00f3 los d\u00edas 11, 12, 13 y 14 de junio dentro del <strong>Festival de C\u00e1ceres<\/strong>.<\/p>\n<p>En 1992 hubo importantes cambios en la mili. El m\u00e1s importante es que en vez de 12 meses de servicio militar obligatorio, los j\u00f3venes espa\u00f1oles hacen 9 meses. La instrucci\u00f3n militar, antes de ser adjudicado un destino, dura siete semanas.<\/p>\n<p>Este a\u00f1o fue noticia que el <strong>Juzgado de lo Penal de C\u00e1ceres<\/strong> condenaba a un a\u00f1o de c\u00e1rcel a<strong> Israel Mart\u00edn Herranz<\/strong> por negarse a hacer el servicio militar en C\u00e1ceres. Israel Mart\u00edn, malague\u00f1o de 26 a\u00f1os cuando fue condenado, se hab\u00eda declarado primero objetor de conciencia, pero cuando se lo concedieron, renunci\u00f3. El 27 de julio de 1991 deb\u00eda incorporarse al CIR de C\u00e1ceres y \u00e9l acudi\u00f3, pero para decir que se negaba a hacer el servicio militar, aduciendo razones de conciencia.<\/p>\n<p>El <strong>29 de noviembre de 1992<\/strong> el Diario HOY informaba de la muerte de un joven de 19 a\u00f1os cuando llevaba dos d\u00edas como recluta en C\u00e1ceres. Fue una muerte natural. Tuvo un fallo respiratorio por un neumotorax y una bronconeumon\u00eda bilateral. El fallecido se llamaba <strong>Eudald Lloveras Ferrer<\/strong> y era natural de <strong>Llagostera<\/strong> (Gerona). Ocurri\u00f3 un viernes a las nueve de la noche. Cuando el joven fue a coger sus cubiertos para cenar (se serv\u00eda la cena a las nueve y media de la noche), se desvaneci\u00f3 en las escaleras. Le hicieron el boca a boca y le llevaron al botiqu\u00edn, que estaba muy cerca. All\u00ed le intent\u00f3 reanimar un m\u00e9dico, pero no se pudo hacer nada.<\/p>\n<p>La interacci\u00f3n entre el CIR y la ciudad de C\u00e1ceres era intensa.<strong> Caja Extremadura<\/strong> patrocinaba actividades culturales, como la distribuci\u00f3n de folletos divulgativos sobre la ciudad a los nuevos reclutas, y ofrec\u00eda actuaciones como las que tuvieron lugar en diciembre con motivo de la festividad de la Patrona de Infanter\u00eda. Actuaron los humoristas <strong>Franquete y Laviana<\/strong> y el <strong>Cuadro Flamenco de Alfonso<\/strong>. Hab\u00eda un <strong>Servicio del Recreo Educativo del Soldado<\/strong> (SERRES) encargado de organizar visitas a la Ciudad Monumental acompa\u00f1ados de un gu\u00eda, y excursiones a puntos de inter\u00e9s de la provincia como <strong>Guadalupe<\/strong>, <strong>Alc\u00e1ntara<\/strong> y <strong>Trujillo<\/strong>.<\/p>\n<p>En el CIR tambi\u00e9n hab\u00eda un <strong>Club de Tropa<\/strong> con biblioteca, sala de m\u00fasica y lectura (con prensa diaria nacional y regional) y una <strong>Oficina de Informaci\u00f3n al Soldado<\/strong>.<\/p>\n<p>El <strong>Plan Municipal de Lucha Contra la Droga<\/strong> tambi\u00e9n llegaba al acuartelamiento. Organizadas por el CIR, t\u00e9cnicos de la <strong>Universidad Popular<\/strong> del Ayuntamiento daban charlas, colaborando la <strong>Consejer\u00eda de Sanidad<\/strong> y el <strong>Insalud<\/strong>.<\/p>\n<p>El Ayuntamiento segu\u00eda agasajando a representantes de cada reemplazo recibi\u00e9ndoles en el sal\u00f3n de Plenos, en donde les ofrec\u00eda un refrigerio tras unas palabras de bienvenida. El 10 de diciembre les recibi\u00f3 el primer teniente de alcalde, <strong>Luis Miguel Rubio<\/strong>. Publicamos aqu\u00ed un recorte de la noticia del Diario HOY, en donde debajo de la informaci\u00f3n hay tres curiosos anuncios que se pon\u00edan en la prensa en esa \u00e9poca. El texto de esos anuncios es el siguiente: &#8220;<em>A San Judas Tadeo. Abogado de los casos dif\u00edciles y desesperados. Reza 9 Avemar\u00edas durante 9 d\u00edas. Pide 3 deseos: uno de negocios y dos imposibles. El noveno d\u00eda publica este aviso. Se cumplir\u00e1n, aunque no lo crea<\/em>&#8220;.<\/p>\n<p>&nbsp;<\/p>\n<div id=\"attachment_1261\" style=\"width: 704px\" class=\"wp-caption aligncenter\"><a href=\"\/dicestudemili\/wp-content\/uploads\/sites\/57\/2013\/05\/sasn-judas.jpg\"><img aria-describedby=\"caption-attachment-1261\" loading=\"lazy\" class=\" wp-image-1261 \" title=\"Noticia del recibimiento a reclutas, con los San Judas.\" src=\"\/dicestudemili\/wp-content\/uploads\/sites\/57\/2013\/05\/sasn-judas.jpg\" alt=\"Noticia del recibimiento a reclutas, con los San Judas.\" width=\"694\" height=\"465\" srcset=\"https:\/\/static-blogs.hoy.es\/wp-content\/uploads\/sites\/57\/2013\/05\/sasn-judas.jpg 867w, https:\/\/static-blogs.hoy.es\/wp-content\/uploads\/sites\/57\/2013\/05\/sasn-judas-300x201.jpg 300w, https:\/\/static-blogs.hoy.es\/wp-content\/uploads\/sites\/57\/2013\/05\/sasn-judas-768x515.jpg 768w\" sizes=\"(max-width: 694px) 100vw, 694px\" \/><\/a><p id=\"caption-attachment-1261\" class=\"wp-caption-text\">Noticia del recibimiento a reclutas, con los San Judas.<\/p><\/div>\n<p>&nbsp;<\/p>\n<!-- AddThis Advanced Settings generic via filter on the_content --><!-- AddThis Share Buttons generic via filter on the_content -->","protected":false},"excerpt":{"rendered":"<p>&nbsp; En el mes de junio de 1992 las personas que pasaban por la Ciudad Monumental de C\u00e1ceres se extra\u00f1aban al ver en la Plaza de San Jorge dos ca\u00f1ones. Hab\u00edan sido trasladados del CIR cacere\u00f1o a esta plaza para formar parte del escenario de la obra &#8216;Othello&#8217; que el grupo Suripanta represent\u00f3 los d\u00edas [&hellip;]<!-- AddThis Advanced Settings generic via filter on get_the_excerpt --><!-- AddThis Share Buttons generic via filter on get_the_excerpt --><\/p>\n","protected":false},"author":52,"featured_media":0,"comment_status":"open","ping_status":"closed","sticky":false,"template":"","format":"standard","meta":[],"categories":[3],"tags":[204,327,410,480,512,539,624,773,876,1050,1074],"_links":{"self":[{"href":"https:\/\/blogs.hoy.es\/dicestudemili\/wp-json\/wp\/v2\/posts\/1258"}],"collection":[{"href":"https:\/\/blogs.hoy.es\/dicestudemili\/wp-json\/wp\/v2\/posts"}],"about":[{"href":"https:\/\/blogs.hoy.es\/dicestudemili\/wp-json\/wp\/v2\/types\/post"}],"author":[{"embeddable":true,"href":"https:\/\/blogs.hoy.es\/dicestudemili\/wp-json\/wp\/v2\/users\/52"}],"replies":[{"embeddable":true,"href":"https:\/\/blogs.hoy.es\/dicestudemili\/wp-json\/wp\/v2\/comments?post=1258"}],"version-history":[{"count":0,"href":"https:\/\/blogs.hoy.es\/dicestudemili\/wp-json\/wp\/v2\/posts\/1258\/revisions"}],"wp:attachment":[{"href":"https:\/\/blogs.hoy.es\/dicestudemili\/wp-json\/wp\/v2\/media?parent=1258"}],"wp:term":[{"taxonomy":"category","embeddable":true,"href":"https:\/\/blogs.hoy.es\/dicestudemili\/wp-json\/wp\/v2\/categories?post=1258"},{"taxonomy":"post_tag","embeddable":true,"href":"https:\/\/blogs.hoy.es\/dicestudemili\/wp-json\/wp\/v2\/tags?post=1258"}],"curies":[{"name":"wp","href":"https:\/\/api.w.org\/{rel}","templated":true}]}}