{"id":1271,"date":"2013-05-17T06:09:29","date_gmt":"2013-05-17T06:09:29","guid":{"rendered":"http:\/\/blogs.hoy.es\/dicestudemili\/?p=1271"},"modified":"2013-05-17T06:09:29","modified_gmt":"2013-05-17T06:09:29","slug":"1992-y-4-recuerdos-de-los-metros-de-cerveza-del-meson-sanson","status":"publish","type":"post","link":"https:\/\/blogs.hoy.es\/dicestudemili\/2013\/05\/17\/1992-y-4-recuerdos-de-los-metros-de-cerveza-del-meson-sanson\/","title":{"rendered":"1992 (y 4): Aquellos metros de cerveza del Mes\u00f3n Extreme\u00f1o&#8230;"},"content":{"rendered":"<div id=\"attachment_1272\" style=\"width: 659px\" class=\"wp-caption aligncenter\"><a href=\"\/dicestudemili\/wp-content\/uploads\/sites\/57\/2013\/05\/1992-HF05F9J1.jpg\"><img aria-describedby=\"caption-attachment-1272\" loading=\"lazy\" class=\" wp-image-1272    \" title=\"Fotograf\u00eda de Salvador Guinea, de 1986, de Jes\u00fas Sans\u00f3n con recipientes en los que serv\u00eda cerveza.\" src=\"\/dicestudemili\/wp-content\/uploads\/sites\/57\/2013\/05\/1992-HF05F9J1.jpg\" alt=\"Fotograf\u00eda de Salvador Guinea, de 1986, de Jes\u00fas Sans\u00f3n con recipientes en los que serv\u00eda cerveza.\" width=\"649\" height=\"386\" srcset=\"https:\/\/static-blogs.hoy.es\/wp-content\/uploads\/sites\/57\/2013\/05\/1992-HF05F9J1.jpg 1479w, https:\/\/static-blogs.hoy.es\/wp-content\/uploads\/sites\/57\/2013\/05\/1992-HF05F9J1-300x179.jpg 300w, https:\/\/static-blogs.hoy.es\/wp-content\/uploads\/sites\/57\/2013\/05\/1992-HF05F9J1-768x457.jpg 768w, https:\/\/static-blogs.hoy.es\/wp-content\/uploads\/sites\/57\/2013\/05\/1992-HF05F9J1-1024x610.jpg 1024w\" sizes=\"(max-width: 649px) 100vw, 649px\" \/><\/a><p id=\"caption-attachment-1272\" class=\"wp-caption-text\">Fotograf\u00eda tomada por Salvador Guinea en 1986, de Jes\u00fas Sans\u00f3n con recipientes en los que serv\u00eda cerveza en su mes\u00f3n.<\/p><\/div>\n<p>&nbsp;<\/p>\n<p>&#8220;<em>Buuuffffff&#8230; C\u00e1ceres&#8230; Navidades&#8230; 1992. \u00a1Qu\u00e9 buenos recuerdos! Un macro cuartel&#8230; en la cantina hab\u00eda una gramola&#8230; Pon\u00edan &#8216;Soldados del amor&#8217; de <strong>Marta S\u00e1nchez<\/strong>&#8230; a toda pastilla, parec\u00eda una discoteca&#8230; jejeje, joer&#8230; \u00bfY qu\u00e9 me dec\u00eds del <strong>Mes\u00f3n Extreme\u00f1o<\/strong>, en la Plaza Mayor de C\u00e1ceres? Tengo fotos de ese sitio, pon\u00edan unos tubos de cerveza en grifo&#8230; \u00a1Que fiestas!&#8230;<\/em>&#8221; El comentario es de <strong>Ram\u00f3n Pastor Garc\u00eda<\/strong> y lo ha realizado en la p\u00e1gina web <strong>www.amigosdelamili.com<\/strong>.<\/p>\n<p>Muchos de los que hicieron el servicio militar en C\u00e1ceres recuerdan el Mes\u00f3n Extreme\u00f1o, que se encontraba en la bocacalle que comunica la Plaza Mayor con la Plaza del Duque. El hostelero <strong>Jes\u00fas Sans\u00f3n<\/strong> lo abri\u00f3 en 1972 y comenz\u00f3 a ser famoso por servir cerveza en jarras de litro. Fue el primero de C\u00e1ceres que lo hizo y llamaba a estas jarras &#8216;Sans\u00f3n&#8217; en honor a su apellido. Comenz\u00f3 a servir cerveza en recipientes de gran tama\u00f1o, de distintas medidas, hasta que en 1992 ide\u00f3 su famoso <strong>metro<\/strong> <strong>de cerveza<\/strong>. Era un recipiente de metacrilato de un metro de alto por ocho cent\u00edmetros de di\u00e1metro en el que cab\u00edan cuatro litros de cerveza. Costaba 1.000 pesetas; es decir, 6 euros (nada que ver con los precios de ahora). En 1992, en una entrevista concedida al <strong>Diario HOY<\/strong> en la que daba a conocer &#8216;el metro&#8217; Jes\u00fas Sans\u00f3n se\u00f1alaba: &#8220;<em>A todos aquellos que se deciden por el metro, les hacemos una fotograf\u00eda con la que despu\u00e9s obsequia el Mes\u00f3n Extreme\u00f1o a la gente que lo consume. Concretamente, esta medida ha tenido una especial acogida entre los soldados que se encuentran haciendo el servicio militar en C\u00e1ceres, para los que se ha convertido en toda una tradici\u00f3n venir al mes\u00f3n para hacerse una fotograf\u00eda junto al metro<\/em>&#8220;.<\/p>\n<p>El Mes\u00f3n Extreme\u00f1o celebr\u00f3 sus 30 a\u00f1os en diciembre del a\u00f1o 2002 con &#8216;<strong>La semana del Encuentro<\/strong>&#8216; en la que invitaba a reencontrarse con el local a todos los que se hab\u00edan &#8216;licenciado&#8217; en el mismo de j\u00f3venes, ya fuera haciendo la mili o una carrera universitaria. El Mes\u00f3n Extreme\u00f1o cerr\u00f3 alrededor del a\u00f1o 2009. La imagen siguiente est\u00e1 tomada por <strong>Salvador Guinea<\/strong> en el a\u00f1o 2006 y Jes\u00fas Sans\u00f3n segu\u00eda al pie del ca\u00f1\u00f3n en la barra en la que pas\u00f3 media vida.<\/p>\n<p>&nbsp;<\/p>\n<div id=\"attachment_1276\" style=\"width: 662px\" class=\"wp-caption aligncenter\"><a href=\"\/dicestudemili\/wp-content\/uploads\/sites\/57\/2013\/05\/1992-HF05F9K12.jpg\"><img aria-describedby=\"caption-attachment-1276\" loading=\"lazy\" class=\" wp-image-1276 \" title=\"Jes\u00fas Sans\u00f3n en su mes\u00f3n en el a\u00f1o 2006.\" src=\"\/dicestudemili\/wp-content\/uploads\/sites\/57\/2013\/05\/1992-HF05F9K12.jpg\" alt=\"Jes\u00fas Sans\u00f3n en su mes\u00f3n en el a\u00f1o 2006.\" width=\"652\" height=\"473\" srcset=\"https:\/\/static-blogs.hoy.es\/wp-content\/uploads\/sites\/57\/2013\/05\/1992-HF05F9K12.jpg 724w, https:\/\/static-blogs.hoy.es\/wp-content\/uploads\/sites\/57\/2013\/05\/1992-HF05F9K12-300x218.jpg 300w\" sizes=\"(max-width: 652px) 100vw, 652px\" \/><\/a><p id=\"caption-attachment-1276\" class=\"wp-caption-text\">Jes\u00fas Sans\u00f3n en su mes\u00f3n en el a\u00f1o 2006.<\/p><\/div>\n<p>&nbsp;<\/p>\n<p>En el grupo de Facebook &#8220;<strong>Yo hice la mili en el CIR de C\u00e1ceres o el Cimov<\/strong>&#8220;, escribe <strong>Jos\u00e9 Manuel Jurado Climent<\/strong>: &#8220;<em>Y<\/em><span style=\"font-size: 13px;\"><em>o soy del tercer reemplazo del 92. De la 5\u00aa Compa\u00f1\u00eda. N\u00famero 308. Luego me quede all\u00ed destinado como oficinista (me llamaban &#8216;Jurado&#8217;) con el <strong>sargento Santos<\/strong> y el <strong>capit\u00e1n Ledo<\/strong>. Guardo muy buenos recuerdos de aquella \u00e9poca. Me gustar\u00eda saber de compa\u00f1eros que estuvieron conmigo. A ver si alguien tuviera fotos o v\u00eddeo de la jura de bandera del<strong> 18 de octubre del 92<\/strong>, d\u00eda en que se le entreg\u00f3 la bandera al CIR por parte del Ayuntamiento de C\u00e1ceres. Saludos<\/em>&#8220;. \u00a0En el mismo grupo se encuentra <strong>Francisco Javier Ezquerra Liso<\/strong>, que comenta: &#8220;Yo estuve en la 7\u00aa Compa\u00f1\u00eda. Entr\u00e9 en mayo del 92 y luego me destinaron a la PM 14 de Madrid. Me llamaban de apodo &#8216;<strong>Pues<\/strong>&#8216;. No s\u00e9 si habr\u00e1 alguien por ah\u00ed conocido. Un saludo para todos&#8221;.<\/span><\/p>\n<p>En el blog <strong>Historias de El Pardo<\/strong> hay varios comentarios de reclutas de 1992. Uno que no deja su nombre indica: &#8220;<em>H<\/em><span style=\"font-size: 13px;\"><em>ola, yo estuve en el \u00a0cuarto reemplazo del 92, en la 1\u00aa Compa\u00f1\u00eda y fui destinado a la <strong>PM 14<\/strong> en Madrid. Mi mejor recuerdo del Campamento Santa Ana, los buenos amigos que all\u00ed encontr\u00e9, mi peor recuerdo la comida tan sumamente mala que nos daban. De Madrid, mis recuerdos son buenos, exceptuando un atentado que<strong> ETA<\/strong> nos puso el <strong>21 de julio de 1992<\/strong> en <strong>L\u00f3pez de Hoyos<\/strong>, en el cual mi actuaci\u00f3n salvo vidas<\/em>&#8220;. <\/span><\/p>\n<p><span style=\"font-size: 13px;\"><strong>Luis Calonge<\/strong> escribe: &#8220;<em>S<\/em><\/span><em><span style=\"font-size: 13px;\">oy del primer reemplazo del 1992. Soy de <strong>Cuenca<\/strong>, de <strong>Mota del Cuervo<\/strong>. T<\/span><\/em><span style=\"font-size: 13px;\"><em>odav\u00eda me acuerdo de los ratos buenos, estuve en la 2\u00aa Compa\u00f1\u00eda, llamada &#8216;la peque\u00f1a legi\u00f3n&#8217;. Estaba el <strong>sargento Barroso<\/strong>, el <strong>alf\u00e9rez Chac\u00f3n<\/strong> y, como no, el <strong>capit\u00e1n Gal\u00e1n<\/strong>. Estuve dos meses, luego fui destinado a Madrid a la PM 14, en el <strong>M\u00fa\u00f1oz Grandes<\/strong>. En C\u00e1ceres estuve en la banda. Vaya recuerdos jeje, all\u00ed debajo de los \u00e1rboles. Si alguno me conoce y se quiere poner en contacto conmigo os env\u00edo mi correo. Un saludo para todos y un abrazo, mi correo es: luiscalongecalle@hotmail.com<\/em>&#8220;. <\/span><\/p>\n<p><span style=\"font-size: 13px;\">Un tercer comentario, an\u00f3nimo, dice: &#8220;<em>H<\/em><\/span><em><span style=\"font-size: 13px;\">ola a todos los antiguos compa\u00f1eros del CIR Santa Ana de mi remplazo o no, soy del tercer reemplazo del 92. Yo era el 5\u00ba de la 5\u00aa Compa\u00f1\u00eda.\u00a0<\/span><span style=\"font-size: 13px;\">Los recuerdos y los amigos de ese corto, pero intenso periodo de tiempo que pasamos all\u00ed son grandes. Luego pas\u00e9 al <strong>Parque de Transmisiones<\/strong>, que recuerdos tambi\u00e9n. S<\/span><\/em><span style=\"font-size: 13px;\"><em>aludos<\/em>&#8220;.<\/span><\/p>\n<p>&nbsp;<\/p>\n<p>&nbsp;<\/p>\n<p>&nbsp;<\/p>\n<p>&nbsp;<\/p>\n<p>&nbsp;<\/p>\n<!-- AddThis Advanced Settings generic via filter on the_content --><!-- AddThis Share Buttons generic via filter on the_content -->","protected":false},"excerpt":{"rendered":"<p>&nbsp; &#8220;Buuuffffff&#8230; C\u00e1ceres&#8230; Navidades&#8230; 1992. \u00a1Qu\u00e9 buenos recuerdos! Un macro cuartel&#8230; en la cantina hab\u00eda una gramola&#8230; Pon\u00edan &#8216;Soldados del amor&#8217; de Marta S\u00e1nchez&#8230; a toda pastilla, parec\u00eda una discoteca&#8230; jejeje, joer&#8230; \u00bfY qu\u00e9 me dec\u00eds del Mes\u00f3n Extreme\u00f1o, en la Plaza Mayor de C\u00e1ceres? Tengo fotos de ese sitio, pon\u00edan unos tubos de cerveza [&hellip;]<!-- AddThis Advanced Settings generic via filter on get_the_excerpt --><!-- AddThis Share Buttons generic via filter on get_the_excerpt --><\/p>\n","protected":false},"author":52,"featured_media":0,"comment_status":"open","ping_status":"closed","sticky":false,"template":"","format":"standard","meta":[],"categories":[3],"tags":[46,236,251,528,656,696,768,818,830,831,957,1000,1013,1042],"_links":{"self":[{"href":"https:\/\/blogs.hoy.es\/dicestudemili\/wp-json\/wp\/v2\/posts\/1271"}],"collection":[{"href":"https:\/\/blogs.hoy.es\/dicestudemili\/wp-json\/wp\/v2\/posts"}],"about":[{"href":"https:\/\/blogs.hoy.es\/dicestudemili\/wp-json\/wp\/v2\/types\/post"}],"author":[{"embeddable":true,"href":"https:\/\/blogs.hoy.es\/dicestudemili\/wp-json\/wp\/v2\/users\/52"}],"replies":[{"embeddable":true,"href":"https:\/\/blogs.hoy.es\/dicestudemili\/wp-json\/wp\/v2\/comments?post=1271"}],"version-history":[{"count":0,"href":"https:\/\/blogs.hoy.es\/dicestudemili\/wp-json\/wp\/v2\/posts\/1271\/revisions"}],"wp:attachment":[{"href":"https:\/\/blogs.hoy.es\/dicestudemili\/wp-json\/wp\/v2\/media?parent=1271"}],"wp:term":[{"taxonomy":"category","embeddable":true,"href":"https:\/\/blogs.hoy.es\/dicestudemili\/wp-json\/wp\/v2\/categories?post=1271"},{"taxonomy":"post_tag","embeddable":true,"href":"https:\/\/blogs.hoy.es\/dicestudemili\/wp-json\/wp\/v2\/tags?post=1271"}],"curies":[{"name":"wp","href":"https:\/\/api.w.org\/{rel}","templated":true}]}}