{"id":1288,"date":"2013-05-20T05:07:31","date_gmt":"2013-05-20T05:07:31","guid":{"rendered":"http:\/\/blogs.hoy.es\/dicestudemili\/?p=1288"},"modified":"2013-05-20T05:07:31","modified_gmt":"2013-05-20T05:07:31","slug":"dos-hijos-del-jefe-del-estado-mayor-del-ejercito-hicieron-la-mili-en-caceres","status":"publish","type":"post","link":"https:\/\/blogs.hoy.es\/dicestudemili\/2013\/05\/20\/dos-hijos-del-jefe-del-estado-mayor-del-ejercito-hicieron-la-mili-en-caceres\/","title":{"rendered":"Dos hijos del Jefe del Estado Mayor del Ej\u00e9rcito hicieron la mili en C\u00e1ceres"},"content":{"rendered":"<div id=\"attachment_1289\" style=\"width: 596px\" class=\"wp-caption aligncenter\"><a href=\"\/dicestudemili\/wp-content\/uploads\/sites\/57\/2013\/05\/1993-jefe.jpg\"><img aria-describedby=\"caption-attachment-1289\" loading=\"lazy\" class=\" wp-image-1289    \" title=\"El general Rodrigo recibi\u00f3 un homenaje en 2011 por sus 68 a\u00f1os en el Ej\u00e9rcito. En la foto con Carme Chac\u00f3n.\" src=\"\/dicestudemili\/wp-content\/uploads\/sites\/57\/2013\/05\/1993-jefe.jpg\" alt=\"El general Rodrigo recibi\u00f3 un homenaje en 2011 por sus 68 a\u00f1os en el Ej\u00e9rcito. En la foto con Carme Chac\u00f3n.\" width=\"586\" height=\"329\" \/><\/a><p id=\"caption-attachment-1289\" class=\"wp-caption-text\">El general Rodrigo recibi\u00f3 un homenaje en 2011 por sus 68 a\u00f1os en el Ej\u00e9rcito. En la foto con Carme Chac\u00f3n.<\/p><\/div>\n<p>&nbsp;<\/p>\n<p>En la jura de bandera del <strong>11 de julio de 1993<\/strong> se encontraba entre las autoridades el <strong>Jefe del Estado Mayor de la Defensa<\/strong>,<strong> Jos\u00e9 Rodrigo Rodrigo<\/strong>, el m\u00e1ximo mando en la escala militar de las Fuerzas Armadas de Espa\u00f1a. Acudi\u00f3 a C\u00e1ceres al tener un hijo cumpliendo el servicio militar y haber sido destinado al ce<span style=\"font-size: 13px;\">ntro de instrucci\u00f3n de la capital cacere\u00f1a.<\/span><\/p>\n<p>Era la segunda vez que Jos\u00e9 Rodrigo ven\u00eda a la ciudad ejerciendo de padre, ya que en el verano de 1991 vino a otra jura de bandera, en la que uno de los reclutas era otro hijo suyo.<\/p>\n<p>&nbsp;<\/p>\n<div id=\"attachment_1291\" style=\"width: 320px\" class=\"wp-caption alignright\"><a href=\"\/dicestudemili\/wp-content\/uploads\/sites\/57\/2013\/05\/1993capi\u00e1n-general.jpg\"><img aria-describedby=\"caption-attachment-1291\" loading=\"lazy\" class=\" wp-image-1291  \" title=\"Jos\u00e9 Rodrigo Rodrigo en el a\u00f1o 1991.\" src=\"\/dicestudemili\/wp-content\/uploads\/sites\/57\/2013\/05\/1993capi\u00e1n-general.jpg\" alt=\"Jos\u00e9 Rodrigo Rodrigo en el a\u00f1o 1991.\" width=\"310\" height=\"226\" \/><\/a><p id=\"caption-attachment-1291\" class=\"wp-caption-text\">Jos\u00e9 Rodrigo Rodrigo en el a\u00f1o 1991.<\/p><\/div>\n<p><span style=\"font-size: 13px;\">En el a\u00f1o 2011 el general Jos\u00e9 Rodrigo Rodrigo recibi\u00f3 un homenaje presidido por la entonces ministra de Defensa <strong>Carme Chac\u00f3n<\/strong>, al ser el militar de Espa\u00f1a con m\u00e1s a\u00f1os de servicio: 68.<\/span><\/p>\n<p>El general de Ej\u00e9rcito Jos\u00e9 Rodrigo naci\u00f3 en <strong>Ceuta<\/strong> el 26 de diciembre del 1928. Ingres\u00f3 en el Ej\u00e9rcito el 1 de febrero de 1943 como educando en banda del Regimiento de Infanter\u00eda &#8216;Flandes&#8217; n\u00ba 30 de guarnici\u00f3n en <strong>Vitoria<\/strong>.<\/p>\n<p>En 1947 ingres\u00f3 como caballero cadete en la <strong>Academia General Militar de Zaragoza<\/strong>, y en 1951 fue nombrado teniente de Infanter\u00eda, siendo el n\u00famero 1 de su promoci\u00f3n. Con este empleo realiz\u00f3 el Curso de Estado Mayor; m\u00e1s tarde tambi\u00e9n realizar\u00eda los cursos de Estado Mayor del Ej\u00e9rcito del Aire y de Estado Mayor Conjunto.<\/p>\n<p>Ascendi\u00f3 a capit\u00e1n en 1969, a comandante en 1971 y a teniente coronel en 1978. En estos empleos estuvo destinado en unidades acorazadas y mecanizadas, siendo el primer oficial espa\u00f1ol que realiz\u00f3 un curso en el extranjero, concretamente el de unidades acorazadas en Estados Unidos. Ascendi\u00f3 a coronel en 1982 y, desde enero de 1983 mand\u00f3 el Regimiento de Infanter\u00eda Aerotransportable &#8216;Isabel la Cat\u00f3lica&#8217; n\u00ba 29 en <strong>Pontevedra<\/strong>.<\/p>\n<p>Tras la entrada de Espa\u00f1a en la <strong>OTAN<\/strong>, en 1982, fue el primer militar espa\u00f1ol que asisti\u00f3 al Curso de Defensa de la OTAN. El 23 de mayo de 1985 fue promovido a general de Brigada y fue nombrado subdirector general de Asuntos Internacionales de Defensa de la Direcci\u00f3n General de Pol\u00edtica de Defensa (DIGENPOL).\u00a0<span style=\"font-size: 13px;\">Con su ascenso a general de Divisi\u00f3n, en 1987, fue nombrado general jefe de la Divisi\u00f3n Acorazada &#8216;Brunete&#8217; n\u00ba 1 en <strong>Madrid<\/strong> hasta el 7 de junio de 1988, en que pas\u00f3 a ser el general segundo jefe de Estado Mayor del Ej\u00e9rcito de Tierra.<\/span><\/p>\n<p>En 1989 fue ascendido a teniente general y nombrado capit\u00e1n general de la Primera Regi\u00f3n Militar. El 23 de diciembre de 1992 fue nombrado Jefe de Estado Mayor de la Defensa, cargo que ocup\u00f3 hasta el 27 de julio de 1996.\u00a0Tras su cese pas\u00f3 a ser vocal de la Asamblea de las Reales y Militares \u00d3rdenes de San Fernando y San Hermenegildo, siendo nombrado Gran Canciller de la Real y Militar Orden de San Hermenegildo en 1996. El 21 de mayo de 1999 ascendi\u00f3 a general de Ej\u00e9rcito con car\u00e1cter honor\u00edfico.<\/p>\n<p>En el homenaje la ministra de Defensa felicit\u00f3 al general por ser un trabajador infatigable y, al mismo tiempo, una persona humilde y natural. \u201c<em>Militares ejemplares como t\u00fa hab\u00e9is marcado un camino que ha permitido que las Fuerzas Armadas sean hoy la instituci\u00f3n m\u00e1s admirada por los espa\u00f1oles<\/em>\u201d, afirm\u00f3.<\/p>\n<p>&nbsp;<\/p>\n<p>&nbsp;<\/p>\n<p>&nbsp;<\/p>\n<!-- AddThis Advanced Settings generic via filter on the_content --><!-- AddThis Share Buttons generic via filter on the_content -->","protected":false},"excerpt":{"rendered":"<p>&nbsp; En la jura de bandera del 11 de julio de 1993 se encontraba entre las autoridades el Jefe del Estado Mayor de la Defensa, Jos\u00e9 Rodrigo Rodrigo, el m\u00e1ximo mando en la escala militar de las Fuerzas Armadas de Espa\u00f1a. Acudi\u00f3 a C\u00e1ceres al tener un hijo cumpliendo el servicio militar y haber sido [&hellip;]<!-- AddThis Advanced Settings generic via filter on get_the_excerpt --><!-- AddThis Share Buttons generic via filter on get_the_excerpt --><\/p>\n","protected":false},"author":52,"featured_media":0,"comment_status":"open","ping_status":"closed","sticky":false,"template":"","format":"standard","meta":[],"categories":[2],"tags":[286,562,645],"_links":{"self":[{"href":"https:\/\/blogs.hoy.es\/dicestudemili\/wp-json\/wp\/v2\/posts\/1288"}],"collection":[{"href":"https:\/\/blogs.hoy.es\/dicestudemili\/wp-json\/wp\/v2\/posts"}],"about":[{"href":"https:\/\/blogs.hoy.es\/dicestudemili\/wp-json\/wp\/v2\/types\/post"}],"author":[{"embeddable":true,"href":"https:\/\/blogs.hoy.es\/dicestudemili\/wp-json\/wp\/v2\/users\/52"}],"replies":[{"embeddable":true,"href":"https:\/\/blogs.hoy.es\/dicestudemili\/wp-json\/wp\/v2\/comments?post=1288"}],"version-history":[{"count":0,"href":"https:\/\/blogs.hoy.es\/dicestudemili\/wp-json\/wp\/v2\/posts\/1288\/revisions"}],"wp:attachment":[{"href":"https:\/\/blogs.hoy.es\/dicestudemili\/wp-json\/wp\/v2\/media?parent=1288"}],"wp:term":[{"taxonomy":"category","embeddable":true,"href":"https:\/\/blogs.hoy.es\/dicestudemili\/wp-json\/wp\/v2\/categories?post=1288"},{"taxonomy":"post_tag","embeddable":true,"href":"https:\/\/blogs.hoy.es\/dicestudemili\/wp-json\/wp\/v2\/tags?post=1288"}],"curies":[{"name":"wp","href":"https:\/\/api.w.org\/{rel}","templated":true}]}}