{"id":1310,"date":"2013-05-24T05:23:30","date_gmt":"2013-05-24T05:23:30","guid":{"rendered":"http:\/\/blogs.hoy.es\/dicestudemili\/?p=1310"},"modified":"2013-05-24T05:23:30","modified_gmt":"2013-05-24T05:23:30","slug":"1993-2-mandos-del-cir-que-deja-900-000-euros-al-ano-en-caceres","status":"publish","type":"post","link":"https:\/\/blogs.hoy.es\/dicestudemili\/2013\/05\/24\/1993-2-mandos-del-cir-que-deja-900-000-euros-al-ano-en-caceres\/","title":{"rendered":"1993 (2): Mandos del CIR que dejaba 900.000 euros al a\u00f1o en C\u00e1ceres"},"content":{"rendered":"<div id=\"attachment_1311\" style=\"width: 673px\" class=\"wp-caption aligncenter\"><a href=\"\/dicestudemili\/wp-content\/uploads\/sites\/57\/2013\/05\/1993.-CACERES.-MANDOS-DESTINADOS-EN-EL-CENTRO-DE-INSTRUCCION.jpg\"><img aria-describedby=\"caption-attachment-1311\" loading=\"lazy\" class=\" wp-image-1311   \" title=\"Mandos destinados en la Unidad de Servicios del Centro de Instrucci\u00f3n de C\u00e1ceres en 1993.\" src=\"\/dicestudemili\/wp-content\/uploads\/sites\/57\/2013\/05\/1993.-CACERES.-MANDOS-DESTINADOS-EN-EL-CENTRO-DE-INSTRUCCION.jpg\" alt=\"Mandos destinados en la Unidad de Servicios del Centro de Instrucci\u00f3n de C\u00e1ceres en 1993.\" width=\"663\" height=\"393\" srcset=\"https:\/\/static-blogs.hoy.es\/wp-content\/uploads\/sites\/57\/2013\/05\/1993.-CACERES.-MANDOS-DESTINADOS-EN-EL-CENTRO-DE-INSTRUCCION.jpg 1065w, https:\/\/static-blogs.hoy.es\/wp-content\/uploads\/sites\/57\/2013\/05\/1993.-CACERES.-MANDOS-DESTINADOS-EN-EL-CENTRO-DE-INSTRUCCION-300x178.jpg 300w, https:\/\/static-blogs.hoy.es\/wp-content\/uploads\/sites\/57\/2013\/05\/1993.-CACERES.-MANDOS-DESTINADOS-EN-EL-CENTRO-DE-INSTRUCCION-768x455.jpg 768w, https:\/\/static-blogs.hoy.es\/wp-content\/uploads\/sites\/57\/2013\/05\/1993.-CACERES.-MANDOS-DESTINADOS-EN-EL-CENTRO-DE-INSTRUCCION-1024x607.jpg 1024w\" sizes=\"(max-width: 663px) 100vw, 663px\" \/><\/a><p id=\"caption-attachment-1311\" class=\"wp-caption-text\">Mandos destinados en la Unidad de Servicios del Centro de Instrucci\u00f3n de C\u00e1ceres en 1993.<\/p><\/div>\n<p>&nbsp;<\/p>\n<p>En el a\u00f1o 1993 el <strong>Gobierno Militar<\/strong> de la provincia calcul\u00f3 que el que C\u00e1ceres tuviera un <strong>Centro de Instrucci\u00f3n de Reclutas<\/strong> le supon\u00eda a la ciudad unos ingresos de 150 millones de pesetas cada a\u00f1o, cantidad que traducida en euros significa 900.000 euros anuales.<\/p>\n<p>El <strong>Campamento Santa Ana<\/strong> era como una ciudad que ten\u00eda una media de 2.500 habitantes, de los que gran parte de ellos iban cambiando despu\u00e9s de varias semanas, pero un grupo de los miembros de la poblaci\u00f3n no cambiaba; esos eran los mandos. Gracias al Cefot (antiguo CIR) de C\u00e1ceres, podemos mostrar en esta entrada del blog la fotograf\u00eda de los mandos que en 1993 estaban destinados en la <strong>Unidad de Servicios<\/strong>.<\/p>\n<p>Gran parte del dinero que dejaba el CIR en la ciudad proced\u00eda de los alimentos que compraba. La <strong>cocina<\/strong> del CIR es la que daba de comer diariamente a m\u00e1s personas de la provincia de C\u00e1ceres, pasando sobradamente de las comidas que daban los hospitales, prisiones, centros de ense\u00f1anza y restaurantes. La cocina estaba preparada para dar de comer a 3.000 personas al d\u00eda. Ver c\u00f3mo se organizaban cocineros y pinches era digno de estudio, y por eso se produc\u00edan visitas como la del <strong>21 de septiembre de 1993<\/strong>, de alumnos de ayudantes de cocina preparados por el <strong>Instituto Nacional de Empleo<\/strong>.<\/p>\n<p>&nbsp;<\/p>\n<div id=\"attachment_1313\" style=\"width: 699px\" class=\"wp-caption aligncenter\"><a href=\"\/dicestudemili\/wp-content\/uploads\/sites\/57\/2013\/05\/1993-cocina.jpg\"><img aria-describedby=\"caption-attachment-1313\" loading=\"lazy\" class=\"size-full wp-image-1313\" title=\"Recorte de la noticia de alumnos de ayudante de cocina visitando las instalaciones del CIR.\" src=\"\/dicestudemili\/wp-content\/uploads\/sites\/57\/2013\/05\/1993-cocina.jpg\" alt=\"Recorte de la noticia de alumnos de ayudante de cocina visitando las instalaciones del CIR.\" width=\"689\" height=\"666\" srcset=\"https:\/\/static-blogs.hoy.es\/wp-content\/uploads\/sites\/57\/2013\/05\/1993-cocina.jpg 689w, https:\/\/static-blogs.hoy.es\/wp-content\/uploads\/sites\/57\/2013\/05\/1993-cocina-300x290.jpg 300w\" sizes=\"(max-width: 689px) 100vw, 689px\" \/><\/a><p id=\"caption-attachment-1313\" class=\"wp-caption-text\">Recorte de la noticia del Diario HOY de alumnos de ayudante de cocina visitando las instalaciones del CIR.<\/p><\/div>\n<p>&nbsp;<\/p>\n<p>En la siguiente imagen vemos a reclutas que este a\u00f1o de 1993 fueron alimentados en el Campamento Santa Ana.<\/p>\n<p>&nbsp;<\/p>\n<div id=\"attachment_1314\" style=\"width: 673px\" class=\"wp-caption aligncenter\"><a href=\"\/dicestudemili\/wp-content\/uploads\/sites\/57\/2013\/05\/1993-VictorMIllet.jpg\"><img aria-describedby=\"caption-attachment-1314\" loading=\"lazy\" class=\" wp-image-1314   \" title=\"J\u00f3venes que se instruyeron militarmente en el CIR en 1993.\" src=\"\/dicestudemili\/wp-content\/uploads\/sites\/57\/2013\/05\/1993-VictorMIllet.jpg\" alt=\"J\u00f3venes que se instruyeron militarmente en el CIR en 1993.\" width=\"663\" height=\"494\" srcset=\"https:\/\/static-blogs.hoy.es\/wp-content\/uploads\/sites\/57\/2013\/05\/1993-VictorMIllet.jpg 1440w, https:\/\/static-blogs.hoy.es\/wp-content\/uploads\/sites\/57\/2013\/05\/1993-VictorMIllet-300x223.jpg 300w, https:\/\/static-blogs.hoy.es\/wp-content\/uploads\/sites\/57\/2013\/05\/1993-VictorMIllet-768x572.jpg 768w, https:\/\/static-blogs.hoy.es\/wp-content\/uploads\/sites\/57\/2013\/05\/1993-VictorMIllet-1024x762.jpg 1024w\" sizes=\"(max-width: 663px) 100vw, 663px\" \/><\/a><p id=\"caption-attachment-1314\" class=\"wp-caption-text\">J\u00f3venes que se instruyeron militarmente en el CIR en 1993.<\/p><\/div>\n<!-- AddThis Advanced Settings generic via filter on the_content --><!-- AddThis Share Buttons generic via filter on the_content -->","protected":false},"excerpt":{"rendered":"<p>&nbsp; En el a\u00f1o 1993 el Gobierno Militar de la provincia calcul\u00f3 que el que C\u00e1ceres tuviera un Centro de Instrucci\u00f3n de Reclutas le supon\u00eda a la ciudad unos ingresos de 150 millones de pesetas cada a\u00f1o, cantidad que traducida en euros significa 900.000 euros anuales. El Campamento Santa Ana era como una ciudad que [&hellip;]<!-- AddThis Advanced Settings generic via filter on get_the_excerpt --><!-- AddThis Share Buttons generic via filter on get_the_excerpt --><\/p>\n","protected":false},"author":52,"featured_media":0,"comment_status":"open","ping_status":"closed","sticky":false,"template":"","format":"standard","meta":[],"categories":[3],"tags":[211,1160],"_links":{"self":[{"href":"https:\/\/blogs.hoy.es\/dicestudemili\/wp-json\/wp\/v2\/posts\/1310"}],"collection":[{"href":"https:\/\/blogs.hoy.es\/dicestudemili\/wp-json\/wp\/v2\/posts"}],"about":[{"href":"https:\/\/blogs.hoy.es\/dicestudemili\/wp-json\/wp\/v2\/types\/post"}],"author":[{"embeddable":true,"href":"https:\/\/blogs.hoy.es\/dicestudemili\/wp-json\/wp\/v2\/users\/52"}],"replies":[{"embeddable":true,"href":"https:\/\/blogs.hoy.es\/dicestudemili\/wp-json\/wp\/v2\/comments?post=1310"}],"version-history":[{"count":0,"href":"https:\/\/blogs.hoy.es\/dicestudemili\/wp-json\/wp\/v2\/posts\/1310\/revisions"}],"wp:attachment":[{"href":"https:\/\/blogs.hoy.es\/dicestudemili\/wp-json\/wp\/v2\/media?parent=1310"}],"wp:term":[{"taxonomy":"category","embeddable":true,"href":"https:\/\/blogs.hoy.es\/dicestudemili\/wp-json\/wp\/v2\/categories?post=1310"},{"taxonomy":"post_tag","embeddable":true,"href":"https:\/\/blogs.hoy.es\/dicestudemili\/wp-json\/wp\/v2\/tags?post=1310"}],"curies":[{"name":"wp","href":"https:\/\/api.w.org\/{rel}","templated":true}]}}