{"id":133,"date":"2012-11-25T22:50:58","date_gmt":"2012-11-25T22:50:58","guid":{"rendered":"http:\/\/blogs.hoy.es\/dicestudemili\/?p=133"},"modified":"2012-11-25T22:50:58","modified_gmt":"2012-11-25T22:50:58","slug":"santiago-rodriguez-mi-jura-la-presidio-el-rey-con-un-frio-tremendo-aunque-fue-en-julio","status":"publish","type":"post","link":"https:\/\/blogs.hoy.es\/dicestudemili\/2012\/11\/25\/santiago-rodriguez-mi-jura-la-presidio-el-rey-con-un-frio-tremendo-aunque-fue-en-julio\/","title":{"rendered":"Santiago Rodr\u00edguez: &#8220;Mi jura la presidi\u00f3 el Rey, con un fr\u00edo tremendo aunque fue en julio&#8221;"},"content":{"rendered":"<div id=\"attachment_134\" style=\"width: 673px\" class=\"wp-caption aligncenter\"><a href=\"\/dicestudemili\/wp-content\/uploads\/sites\/57\/2012\/11\/1\u00aa-Secci\u00f3n-6\u00aa-C\u00eda.-2\u00ba-96.jpg\"><img aria-describedby=\"caption-attachment-134\" loading=\"lazy\" class=\" wp-image-134   \" title=\"Primera secci\u00f3n de la 6\u00aa compa\u00f1\u00eda.\" src=\"\/dicestudemili\/wp-content\/uploads\/sites\/57\/2012\/11\/1\u00aa-Secci\u00f3n-6\u00aa-C\u00eda.-2\u00ba-96.jpg\" alt=\"Primera secci\u00f3n de la 6\u00aa compa\u00f1\u00eda.\" width=\"663\" height=\"365\" srcset=\"https:\/\/static-blogs.hoy.es\/wp-content\/uploads\/sites\/57\/2012\/11\/1\u00aa-Secci\u00f3n-6\u00aa-C\u00eda.-2\u00ba-96.jpg 1543w, https:\/\/static-blogs.hoy.es\/wp-content\/uploads\/sites\/57\/2012\/11\/1\u00aa-Secci\u00f3n-6\u00aa-C\u00eda.-2\u00ba-96-300x165.jpg 300w, https:\/\/static-blogs.hoy.es\/wp-content\/uploads\/sites\/57\/2012\/11\/1\u00aa-Secci\u00f3n-6\u00aa-C\u00eda.-2\u00ba-96-768x424.jpg 768w, https:\/\/static-blogs.hoy.es\/wp-content\/uploads\/sites\/57\/2012\/11\/1\u00aa-Secci\u00f3n-6\u00aa-C\u00eda.-2\u00ba-96-1024x565.jpg 1024w\" sizes=\"(max-width: 663px) 100vw, 663px\" \/><\/a><p id=\"caption-attachment-134\" class=\"wp-caption-text\">Primera secci\u00f3n de la 6\u00aa compa\u00f1\u00eda.<\/p><\/div>\n<p><em>Hola, me llamo <strong>Santiago Rodr\u00edguez Carvajal<\/strong> y realic\u00e9 la instrucci\u00f3n en\u00a0el C.I.R. centro Santa Ana donde me incorpor\u00e9 como miembro del 2\u00ba remplazo de <strong>1996<\/strong>. En las fotos se puede ver una vista de las literas de la 6\u00aa compa\u00f1\u00eda. El de los ojos medio cerrados soy yo ante el armero.<\/em><\/p>\n<p><em>La foto de grupo pertenece a las maniobras que se hac\u00edan en los campos aleda\u00f1os al C.I.R. y al campo de tiro, se puede ver al fondo la fila de soldados para recoger el rancho y los camiones de avituallamiento. Tambi\u00e9n subo una vista general de la Jura de Bandera que presidi\u00f3 S.M. el Rey <strong>Don Juan Carlos I<\/strong> con motivo de la Jura de su sobrino. Fue el 7 de julio de 1996 e hizo un tremendo fr\u00edo para la \u00e9poca del a\u00f1o.<\/em><\/p>\n<div id=\"attachment_135\" style=\"width: 584px\" class=\"wp-caption alignleft\"><a href=\"\/dicestudemili\/wp-content\/uploads\/sites\/57\/2012\/11\/Literas.jpg\"><img aria-describedby=\"caption-attachment-135\" loading=\"lazy\" class=\" wp-image-135  \" title=\"Literas.\" src=\"\/dicestudemili\/wp-content\/uploads\/sites\/57\/2012\/11\/Literas.jpg\" alt=\"Literas.\" width=\"574\" height=\"378\" srcset=\"https:\/\/static-blogs.hoy.es\/wp-content\/uploads\/sites\/57\/2012\/11\/Literas.jpg 1148w, https:\/\/static-blogs.hoy.es\/wp-content\/uploads\/sites\/57\/2012\/11\/Literas-300x198.jpg 300w, https:\/\/static-blogs.hoy.es\/wp-content\/uploads\/sites\/57\/2012\/11\/Literas-768x507.jpg 768w, https:\/\/static-blogs.hoy.es\/wp-content\/uploads\/sites\/57\/2012\/11\/Literas-1024x676.jpg 1024w\" sizes=\"(max-width: 574px) 100vw, 574px\" \/><\/a><p id=\"caption-attachment-135\" class=\"wp-caption-text\">Literas.<\/p><\/div>\n<p>&nbsp;<\/p>\n<p>&nbsp;<\/p>\n<p>&nbsp;<\/p>\n<p>&nbsp;<\/p>\n<p>&nbsp;<\/p>\n<p>&nbsp;<\/p>\n<p>&nbsp;<\/p>\n<p>&nbsp;<\/p>\n<p>&nbsp;<\/p>\n<p>&nbsp;<\/p>\n<p>&nbsp;<\/p>\n<p>&nbsp;<\/p>\n<p>&nbsp;<\/p>\n<p>&nbsp;<\/p>\n<div id=\"attachment_136\" style=\"width: 638px\" class=\"wp-caption aligncenter\"><a href=\"\/dicestudemili\/wp-content\/uploads\/sites\/57\/2012\/11\/Maniobras.jpg\"><img aria-describedby=\"caption-attachment-136\" loading=\"lazy\" class=\" wp-image-136  \" title=\"De maniobras.\" src=\"\/dicestudemili\/wp-content\/uploads\/sites\/57\/2012\/11\/Maniobras.jpg\" alt=\"De maniobras.\" width=\"628\" height=\"370\" srcset=\"https:\/\/static-blogs.hoy.es\/wp-content\/uploads\/sites\/57\/2012\/11\/Maniobras.jpg 873w, https:\/\/static-blogs.hoy.es\/wp-content\/uploads\/sites\/57\/2012\/11\/Maniobras-300x177.jpg 300w, https:\/\/static-blogs.hoy.es\/wp-content\/uploads\/sites\/57\/2012\/11\/Maniobras-768x452.jpg 768w\" sizes=\"(max-width: 628px) 100vw, 628px\" \/><\/a><p id=\"caption-attachment-136\" class=\"wp-caption-text\">De maniobras.<\/p><\/div>\n<p>&nbsp;<\/p>\n<div id=\"attachment_137\" style=\"width: 533px\" class=\"wp-caption alignright\"><a href=\"\/dicestudemili\/wp-content\/uploads\/sites\/57\/2012\/11\/Mediodormido-armero.jpg\"><img aria-describedby=\"caption-attachment-137\" loading=\"lazy\" class=\" wp-image-137  \" title=\"Este soy yo en el armero.\" src=\"\/dicestudemili\/wp-content\/uploads\/sites\/57\/2012\/11\/Mediodormido-armero.jpg\" alt=\"Este soy yo en el armero.\" width=\"523\" height=\"830\" srcset=\"https:\/\/static-blogs.hoy.es\/wp-content\/uploads\/sites\/57\/2012\/11\/Mediodormido-armero.jpg 683w, https:\/\/static-blogs.hoy.es\/wp-content\/uploads\/sites\/57\/2012\/11\/Mediodormido-armero-189x300.jpg 189w, https:\/\/static-blogs.hoy.es\/wp-content\/uploads\/sites\/57\/2012\/11\/Mediodormido-armero-646x1024.jpg 646w\" sizes=\"(max-width: 523px) 100vw, 523px\" \/><\/a><p id=\"caption-attachment-137\" class=\"wp-caption-text\">Este soy yo en el armero.<\/p><\/div>\n<p>&nbsp;<\/p>\n<p>&nbsp;<\/p>\n<p>&nbsp;<\/p>\n<p>&nbsp;<\/p>\n<p>&nbsp;<\/p>\n<p>&nbsp;<\/p>\n<p>&nbsp;<\/p>\n<p>&nbsp;<\/p>\n<p>&nbsp;<\/p>\n<p>&nbsp;<\/p>\n<p>&nbsp;<\/p>\n<p>&nbsp;<\/p>\n<p>&nbsp;<\/p>\n<p>&nbsp;<\/p>\n<p>&nbsp;<\/p>\n<p>&nbsp;<\/p>\n<p>&nbsp;<\/p>\n<p>&nbsp;<\/p>\n<p>&nbsp;<\/p>\n<p>&nbsp;<\/p>\n<p>&nbsp;<\/p>\n<p>&nbsp;<\/p>\n<p>&nbsp;<\/p>\n<p>&nbsp;<\/p>\n<p>&nbsp;<\/p>\n<p>&nbsp;<\/p>\n<p>&nbsp;<\/p>\n<div id=\"attachment_138\" style=\"width: 829px\" class=\"wp-caption aligncenter\"><a href=\"\/dicestudemili\/wp-content\/uploads\/sites\/57\/2012\/11\/Jura1.jpg\"><img aria-describedby=\"caption-attachment-138\" loading=\"lazy\" class=\" wp-image-138 \" title=\"La jura presidida por el rey Juan Carlos I.\" src=\"\/dicestudemili\/wp-content\/uploads\/sites\/57\/2012\/11\/Jura1.jpg\" alt=\"La jura presidida por el rey Juan Carlos I.\" width=\"819\" height=\"534\" srcset=\"https:\/\/static-blogs.hoy.es\/wp-content\/uploads\/sites\/57\/2012\/11\/Jura1.jpg 1098w, https:\/\/static-blogs.hoy.es\/wp-content\/uploads\/sites\/57\/2012\/11\/Jura1-300x196.jpg 300w, https:\/\/static-blogs.hoy.es\/wp-content\/uploads\/sites\/57\/2012\/11\/Jura1-768x502.jpg 768w, https:\/\/static-blogs.hoy.es\/wp-content\/uploads\/sites\/57\/2012\/11\/Jura1-1024x669.jpg 1024w\" sizes=\"(max-width: 819px) 100vw, 819px\" \/><\/a><p id=\"caption-attachment-138\" class=\"wp-caption-text\">La jura presidida por el rey Juan Carlos I.<\/p><\/div>\n<p>&nbsp;<\/p>\n<p>&nbsp;<\/p>\n<p>&nbsp;<\/p>\n<p>&nbsp;<\/p>\n<!-- AddThis Advanced Settings generic via filter on the_content --><!-- AddThis Share Buttons generic via filter on the_content -->","protected":false},"excerpt":{"rendered":"<p>Hola, me llamo Santiago Rodr\u00edguez Carvajal y realic\u00e9 la instrucci\u00f3n en\u00a0el C.I.R. centro Santa Ana donde me incorpor\u00e9 como miembro del 2\u00ba remplazo de 1996. En las fotos se puede ver una vista de las literas de la 6\u00aa compa\u00f1\u00eda. El de los ojos medio cerrados soy yo ante el armero. La foto de grupo [&hellip;]<!-- AddThis Advanced Settings generic via filter on get_the_excerpt --><!-- AddThis Share Buttons generic via filter on get_the_excerpt --><\/p>\n","protected":false},"author":52,"featured_media":0,"comment_status":"open","ping_status":"closed","sticky":false,"template":"","format":"standard","meta":[],"categories":[6],"tags":[212,722,779,1009],"_links":{"self":[{"href":"https:\/\/blogs.hoy.es\/dicestudemili\/wp-json\/wp\/v2\/posts\/133"}],"collection":[{"href":"https:\/\/blogs.hoy.es\/dicestudemili\/wp-json\/wp\/v2\/posts"}],"about":[{"href":"https:\/\/blogs.hoy.es\/dicestudemili\/wp-json\/wp\/v2\/types\/post"}],"author":[{"embeddable":true,"href":"https:\/\/blogs.hoy.es\/dicestudemili\/wp-json\/wp\/v2\/users\/52"}],"replies":[{"embeddable":true,"href":"https:\/\/blogs.hoy.es\/dicestudemili\/wp-json\/wp\/v2\/comments?post=133"}],"version-history":[{"count":0,"href":"https:\/\/blogs.hoy.es\/dicestudemili\/wp-json\/wp\/v2\/posts\/133\/revisions"}],"wp:attachment":[{"href":"https:\/\/blogs.hoy.es\/dicestudemili\/wp-json\/wp\/v2\/media?parent=133"}],"wp:term":[{"taxonomy":"category","embeddable":true,"href":"https:\/\/blogs.hoy.es\/dicestudemili\/wp-json\/wp\/v2\/categories?post=133"},{"taxonomy":"post_tag","embeddable":true,"href":"https:\/\/blogs.hoy.es\/dicestudemili\/wp-json\/wp\/v2\/tags?post=133"}],"curies":[{"name":"wp","href":"https:\/\/api.w.org\/{rel}","templated":true}]}}