{"id":1341,"date":"2013-05-31T06:18:42","date_gmt":"2013-05-31T06:18:42","guid":{"rendered":"http:\/\/blogs.hoy.es\/dicestudemili\/?p=1341"},"modified":"2013-05-31T06:18:42","modified_gmt":"2013-05-31T06:18:42","slug":"1993-y-3-los-turutas-de-la-banda-y-esperando-a-la-novia-en-la-cantina","status":"publish","type":"post","link":"https:\/\/blogs.hoy.es\/dicestudemili\/2013\/05\/31\/1993-y-3-los-turutas-de-la-banda-y-esperando-a-la-novia-en-la-cantina\/","title":{"rendered":"1993 (y 3): Los &#039;turutas&#039; de la banda y esperando a la novia en la cantina"},"content":{"rendered":"<p>En el blog <strong>Historias de El Pardo<\/strong> hay varios comentarios de personas que hicieron la mili en C\u00e1ceres en el a\u00f1o 1993. Uno es de <strong>Juan Cambero<\/strong> que form\u00f3 parte del primer reemplazo de 1993 y estuvo en el primer Batall\u00f3n, en la 1\u00aa Compa\u00f1\u00eda: &#8220;<span style=\"font-size: 13px;\"><em>Que recuerdos. Yo pas\u00e9 toda la mili en C\u00e1ceres. En C\u00e1ceres hice la instrucci\u00f3n y luego me qued\u00e9 en la <strong>Unidad de Seguridad V. M.<\/strong>, con el 1\u00ba <strong>Belisario<\/strong>, con <strong>Galindo<\/strong> y compa\u00f1\u00eda. Joder, que recuerdos&#8230; esas tardes en la cantina tomando eso tercios, esperando a que llegara la novia a la visita&#8230; Yo volver\u00eda. Saludos a todos<\/em>&#8220;.<\/span><\/p>\n<p>Otro comentario del blog dice: &#8220;<em>S<\/em><span style=\"font-size: 13px;\"><em>oy <strong>Jorge<\/strong> de <strong>Barcelona<\/strong>. Yo tambi\u00e9n estuve en Santa Ana, del cuarto reemplazo de 1993, en la 5\u00aa Compa\u00f1\u00eda, y despu\u00e9s en la <strong>Escuela de Estado Mayor del Ej\u00e9rcito de Tierra<\/strong>, en el barrio de Arguelles en <strong>Madrid<\/strong>. \u00a1Ser\u00eda un placer poder encontrar a compa\u00f1eros!<\/em>&#8220;. Otro recluta de 1993, del segundo reemplazo escribe: &#8220;<em>Me llamo <strong>Chemy<\/strong> y soy de <strong>Cantabria<\/strong>. Estuve en la 2\u00aa Compa\u00f1\u00eda, en la 3\u00aa Secci\u00f3n del entonces <strong>sargento Barroso<\/strong>. En C\u00e1ceres estuve s\u00f3lo dos meses. Cuando me destinaron perd\u00ed el contacto con buenos amigos que hice en ese tiempo. Recuerdo especialmente a <strong>C\u00e9sar<\/strong> que era de <strong>Cuenca<\/strong>, los dos <strong>\u00d3scar<\/strong> de <strong>Valencia<\/strong>, al igual que <strong>Cort\u00e9s<\/strong> y a &#8216;<strong>Ali<\/strong>&#8216; de <strong>Alicante<\/strong>. Supongo que algunos seguir\u00edan en contacto por la cercan\u00eda, yo perd\u00ed hasta los tel\u00e9fonos. Si alg\u00fan d\u00eda alguno lee esto&#8230; yo para ellos era &#8216;<strong>El Yon<\/strong>&#8216;. chemypatry@hotmail.es<\/em>&#8220;.<\/span><\/p>\n<p>Hay un cuarto soldado de 1993, llamado <strong>Javier Garc\u00eda<\/strong>, que se\u00f1ala: &#8220;<em>S<\/em><span style=\"font-size: 13px;\"><em>oy del segundo reemplazo de 1993, estuve en la segunda compa\u00f1\u00eda (la peque\u00f1a legi\u00f3n). Tenia al <strong>sargento Barroso<\/strong> y al <strong>alf\u00e9rez Chac\u00f3n<\/strong>. Tengo buenos recuerdos del CIR de C\u00e1ceres. Lo mejor fue entrar en la banda de m\u00fasica. Yo tocaba el bombo. No hice casi nada de instrucci\u00f3n jejejejeje. Recuerdos para todos los de el segundo del 93. \u00a1Fue una buena \u00e9poca!<\/em>&#8220;.<\/span><\/p>\n<p>En internet aparece una imagen curiosa, &#8216;colgada&#8217; por <strong>Iv\u00e1n Hortelano Canelles<\/strong>, es un dibujo de la 3\u00aa Compa\u00f1\u00eda de CIR Centro de C\u00e1ceres, que parece que adorna una camiseta.<\/p>\n<p>&nbsp;<\/p>\n<div id=\"attachment_1344\" style=\"width: 476px\" class=\"wp-caption alignright\"><a href=\"\/dicestudemili\/wp-content\/uploads\/sites\/57\/2013\/05\/1993-dibujolo-colg\u00f3-Iban-Hortelano-Canelles.jpg\"><img aria-describedby=\"caption-attachment-1344\" loading=\"lazy\" class=\" wp-image-1344  \" title=\"Dibujo de la tercera Compa\u00f1\u00eda.\" src=\"\/dicestudemili\/wp-content\/uploads\/sites\/57\/2013\/05\/1993-dibujolo-colg\u00f3-Iban-Hortelano-Canelles.jpg\" alt=\"Dibujo de la tercera Compa\u00f1\u00eda.\" width=\"466\" height=\"532\" srcset=\"https:\/\/static-blogs.hoy.es\/wp-content\/uploads\/sites\/57\/2013\/05\/1993-dibujolo-colg\u00f3-Iban-Hortelano-Canelles.jpg 575w, https:\/\/static-blogs.hoy.es\/wp-content\/uploads\/sites\/57\/2013\/05\/1993-dibujolo-colg\u00f3-Iban-Hortelano-Canelles-263x300.jpg 263w\" sizes=\"(max-width: 466px) 100vw, 466px\" \/><\/a><p id=\"caption-attachment-1344\" class=\"wp-caption-text\">Dibujo de la tercera Compa\u00f1\u00eda.<\/p><\/div>\n<p>&nbsp;<\/p>\n<p>&nbsp;<\/p>\n<p>&nbsp;<\/p>\n<p>&nbsp;<\/p>\n<p>&nbsp;<\/p>\n<p>&nbsp;<\/p>\n<p>&nbsp;<\/p>\n<p>&nbsp;<\/p>\n<p>&nbsp;<\/p>\n<p>&nbsp;<\/p>\n<p>&nbsp;<\/p>\n<p>&nbsp;<\/p>\n<p>&nbsp;<\/p>\n<p>&nbsp;<\/p>\n<p>&nbsp;<\/p>\n<p>&nbsp;<\/p>\n<p>&nbsp;<\/p>\n<p>&nbsp;<\/p>\n<p>&nbsp;<\/p>\n<p>&nbsp;<\/p>\n<p>&nbsp;<\/p>\n<p>&nbsp;<\/p>\n<p><span style=\"font-size: 13px;\">En el grupo de Facebook &#8216;<strong>Yo hice la mili en el CIR de C\u00e1ceres o Cimov n\u00famero 1<\/strong>&#8216;, aparece otro miembro de la Banda de m\u00fasica. Se llama <strong>Tony Maraver<\/strong> y hace el siguiente comentario: &#8220;<em>Soy del primer reemplazo de 1993, y lo que me acuerdo es que all\u00ed no hab\u00eda nombres. Yo, por ejemplo, era el n\u00famero 55 de la 5\u00aa Compa\u00f1\u00eda. Estuve en la banda de m\u00fasica, de all\u00ed me mandaron a Madrid, a <strong>Campamento<\/strong>. Saludos a todos<\/em>&#8220;. Curiosamente, el administrador del grupo, <strong>Miguel Calle<\/strong>, hiz\u00f3 la mili en C\u00e1ceres, en el cuarto reemplazo de 1993.<\/span><\/p>\n<p>En &#8216;<strong>Yo tambi\u00e9n hice la mili en C\u00e1ceres<\/strong>&#8216;, otro grupo de Facebook, <strong>V\u00edctor Millet Mart\u00ednez<\/strong> publica la siguiente fotograf\u00eda de cuando hizo el servicio militar en C\u00e1ceres.<\/p>\n<p>&nbsp;<\/p>\n<div id=\"attachment_1343\" style=\"width: 558px\" class=\"wp-caption alignleft\"><a href=\"\/dicestudemili\/wp-content\/uploads\/sites\/57\/2013\/05\/1993.Victor-Millet.jpg\"><img aria-describedby=\"caption-attachment-1343\" loading=\"lazy\" class=\" wp-image-1343    \" title=\"Imagen de V\u00edctor Millet del grupo de facebook 'Yo tambi\u00e9n hice la mili en C\u00e1ceres'.\" src=\"\/dicestudemili\/wp-content\/uploads\/sites\/57\/2013\/05\/1993.Victor-Millet.jpg\" alt=\"Imagen de V\u00edctor Millet del grupo de facebook 'Yo tambi\u00e9n hice la mili en C\u00e1ceres'.\" width=\"548\" height=\"363\" srcset=\"https:\/\/static-blogs.hoy.es\/wp-content\/uploads\/sites\/57\/2013\/05\/1993.Victor-Millet.jpg 864w, https:\/\/static-blogs.hoy.es\/wp-content\/uploads\/sites\/57\/2013\/05\/1993.Victor-Millet-300x199.jpg 300w, https:\/\/static-blogs.hoy.es\/wp-content\/uploads\/sites\/57\/2013\/05\/1993.Victor-Millet-768x509.jpg 768w\" sizes=\"(max-width: 548px) 100vw, 548px\" \/><\/a><p id=\"caption-attachment-1343\" class=\"wp-caption-text\">Imagen de V\u00edctor Millet del grupo de facebook &#39;Yo tambi\u00e9n hice la mili en C\u00e1ceres&#39;.<\/p><\/div>\n<p>&nbsp;<\/p>\n<p>&nbsp;<\/p>\n<p>&nbsp;<\/p>\n<p>&nbsp;<\/p>\n<p>&nbsp;<\/p>\n<p>&nbsp;<\/p>\n<p>&nbsp;<\/p>\n<p>&nbsp;<\/p>\n<p>&nbsp;<\/p>\n<p>&nbsp;<\/p>\n<p>&nbsp;<\/p>\n<p>&nbsp;<\/p>\n<p>&nbsp;<\/p>\n<p>&nbsp;<\/p>\n<p>&nbsp;<\/p>\n<p>V\u00edctor escribe en el Grupo este comentario: &#8220;<em>He\u00a0<\/em><span style=\"font-size: 13px;\"><em>estado buscando papeles de la mili, que los ten\u00eda guardaditos y bueno&#8230; Yo soy del segundo reemplazo del 93. Entr\u00e9 en C\u00e1ceres el <strong>19 de mayo de 1993<\/strong>. Ese fue el d\u00eda m\u00e1s largo de mi vida<\/em>&#8220;. <\/span><\/p>\n<p><span style=\"font-size: 13px;\">Es miembro de la misma asociaci\u00f3n de personas <strong>Luis Garc\u00eda Solano<\/strong>, que se\u00f1ala que perteneci\u00f3 al tercer reemplazo de 1993, &#8220;<em>s<\/em><\/span><span style=\"font-size: 13px;\"><em>oy de <strong>Orihuela<\/strong>, <strong>Alicante<\/strong>. Estaba en la oficina de la tercera Compa\u00f1\u00eda<\/em>&#8220;.<\/span><\/p>\n<p>Por \u00faltimo, dejamos de este grupo de Facebook un comentario de <strong>Antonio Herrero \u00c1vila<\/strong>, que lleg\u00f3 a C\u00e1ceres con el primer reemplazo de 1993: &#8220;<em>Soy de <strong>M\u00e1laga<\/strong>. Estuve los nueve meses en C\u00e1ceres, en la 3\u00aa Compa\u00f1\u00eda, en la banda de m\u00fasica con el <strong>sargento primero Pozas<\/strong> y el <strong>sargento Caro<\/strong>. Que buenos ratos pasamos all\u00ed. \u00bfHay por ah\u00ed alg\u00fan &#8216;turuta&#8217;<\/em>&#8220;.<\/p>\n<p>Seg\u00fan el vocabulario de la mili, el &#8216;turuta&#8217; era quien tocaba la corneta.<\/p>\n<p>Como hemos visto la gran cantidad de gente que recuerda la Banda de M\u00fasica del Centro de Instrucci\u00f3n de Reclutas de C\u00e1ceres, hemos buceado por internet hasta dar con una imagen de la Banda en este a\u00f1o de 1993, que hemos encontrado en la p\u00e1gina web <strong>www.fotosdelamili.com<\/strong> Esperemos que se reconozca alg\u00fan &#8216;turuta&#8217;.<\/p>\n<p>&nbsp;<\/p>\n<div id=\"attachment_1345\" style=\"width: 1006px\" class=\"wp-caption aligncenter\"><a href=\"\/dicestudemili\/wp-content\/uploads\/sites\/57\/2013\/05\/1993-fotosdelamili.com_.jpg\"><img aria-describedby=\"caption-attachment-1345\" loading=\"lazy\" class=\"size-full wp-image-1345\" title=\"La Banda de M\u00fasica del CIR 'Centro' de C\u00e1ceres en el a\u00f1o 1993.\" src=\"\/dicestudemili\/wp-content\/uploads\/sites\/57\/2013\/05\/1993-fotosdelamili.com_.jpg\" alt=\"La Banda de M\u00fasica del CIR 'Centro' de C\u00e1ceres en el a\u00f1o 1993.\" width=\"996\" height=\"616\" srcset=\"https:\/\/static-blogs.hoy.es\/wp-content\/uploads\/sites\/57\/2013\/05\/1993-fotosdelamili.com_.jpg 996w, https:\/\/static-blogs.hoy.es\/wp-content\/uploads\/sites\/57\/2013\/05\/1993-fotosdelamili.com_-300x186.jpg 300w, https:\/\/static-blogs.hoy.es\/wp-content\/uploads\/sites\/57\/2013\/05\/1993-fotosdelamili.com_-768x475.jpg 768w\" sizes=\"(max-width: 996px) 100vw, 996px\" \/><\/a><p id=\"caption-attachment-1345\" class=\"wp-caption-text\">La Banda de M\u00fasica del CIR &#39;Centro&#39; de C\u00e1ceres en el a\u00f1o 1993.<\/p><\/div>\n<h5><\/h5>\n<!-- AddThis Advanced Settings generic via filter on the_content --><!-- AddThis Share Buttons generic via filter on the_content -->","protected":false},"excerpt":{"rendered":"<p>En el blog Historias de El Pardo hay varios comentarios de personas que hicieron la mili en C\u00e1ceres en el a\u00f1o 1993. Uno es de Juan Cambero que form\u00f3 parte del primer reemplazo de 1993 y estuvo en el primer Batall\u00f3n, en la 1\u00aa Compa\u00f1\u00eda: &#8220;Que recuerdos. Yo pas\u00e9 toda la mili en C\u00e1ceres. En [&hellip;]<!-- AddThis Advanced Settings generic via filter on get_the_excerpt --><!-- AddThis Share Buttons generic via filter on get_the_excerpt --><\/p>\n","protected":false},"author":52,"featured_media":0,"comment_status":"open","ping_status":"closed","sticky":false,"template":"","format":"standard","meta":[],"categories":[3],"tags":[46,97,124,133,313,548,625,642,719,770,837,1013,1018,1040,1150,1179],"_links":{"self":[{"href":"https:\/\/blogs.hoy.es\/dicestudemili\/wp-json\/wp\/v2\/posts\/1341"}],"collection":[{"href":"https:\/\/blogs.hoy.es\/dicestudemili\/wp-json\/wp\/v2\/posts"}],"about":[{"href":"https:\/\/blogs.hoy.es\/dicestudemili\/wp-json\/wp\/v2\/types\/post"}],"author":[{"embeddable":true,"href":"https:\/\/blogs.hoy.es\/dicestudemili\/wp-json\/wp\/v2\/users\/52"}],"replies":[{"embeddable":true,"href":"https:\/\/blogs.hoy.es\/dicestudemili\/wp-json\/wp\/v2\/comments?post=1341"}],"version-history":[{"count":0,"href":"https:\/\/blogs.hoy.es\/dicestudemili\/wp-json\/wp\/v2\/posts\/1341\/revisions"}],"wp:attachment":[{"href":"https:\/\/blogs.hoy.es\/dicestudemili\/wp-json\/wp\/v2\/media?parent=1341"}],"wp:term":[{"taxonomy":"category","embeddable":true,"href":"https:\/\/blogs.hoy.es\/dicestudemili\/wp-json\/wp\/v2\/categories?post=1341"},{"taxonomy":"post_tag","embeddable":true,"href":"https:\/\/blogs.hoy.es\/dicestudemili\/wp-json\/wp\/v2\/tags?post=1341"}],"curies":[{"name":"wp","href":"https:\/\/api.w.org\/{rel}","templated":true}]}}